{"id":582824,"date":"2025-12-06T20:10:13","date_gmt":"2025-12-06T20:10:13","guid":{"rendered":"https:\/\/www.europesays.com\/fr\/582824\/"},"modified":"2025-12-06T20:10:13","modified_gmt":"2025-12-06T20:10:13","slug":"lyon-deux-hopitaux-et-quatre-cliniques-du-rhone-dans-le-classement-du-point","status":"publish","type":"post","link":"https:\/\/www.europesays.com\/fr\/582824\/","title":{"rendered":"Lyon. Deux h\u00f4pitaux et quatre cliniques du Rh\u00f4ne dans le classement du Point"},"content":{"rendered":"<p>Le magazine Le Point publie son palmar\u00e8s des h\u00f4pitaux et cliniques 2025 dans son \u00e9dition du 4\u00a0d\u00e9cembre. C\u00f4t\u00e9 h\u00f4pitaux, on retrouve les m\u00eames \u00e9tablissements qu\u2019en 2024\u00a0: l\u2019h\u00f4pital de la Croix-Rousse qui progresse de la 44e \u00e0 la 35e place tandis que l\u2019h\u00f4pital Lyon sud r\u00e9gresse de la 26e \u00e0 la 39e place. Les H\u00f4pitaux Est et l\u2019h\u00f4pital Edouard-Herriot, qui avaient disparu en 2024, n\u2019ont pas r\u00e9apparu.<\/p>\n<p>Le palmar\u00e8s du Point avait effectu\u00e9 <a href=\"https:\/\/www.leprogres.fr\/sante\/2024\/12\/12\/palmares-du-point-deux-hopitaux-et-cinq-cliniques-du-rhone-parmi-les-50-meilleurs\" target=\"_blank\" rel=\"noopener\">son retour en 2024<\/a> apr\u00e8s deux ans d\u2019absence.<\/p>\n<p>C\u00f4t\u00e9 cliniques, seul le M\u00e9dip\u00f4le de Lyon Villeurbanne poursuit sa progression, passant de la 15e \u00e0 la 11e place. Pour les autres, c\u2019est la glissade\u00a0: de la 18e \u00e0 la 20e place pour l\u2019H\u00f4pital Priv\u00e9 Jean-Mermoz, de la 19e \u00e0 la 28e place pour la clinique Protestante et de la 39e \u00e0 la 42e place pour la clinique de la Sauvegarde. Class\u00e9e 50e en 2024, la clinique du Parc a disparu du classement 2025.<\/p>\n<p>  Plusieurs podiums publics et priv\u00e9s en orthop\u00e9die<\/p>\n<p>Les \u00e9tablissements lyonnais d\u00e9crochent quelques podiums par sp\u00e9cialit\u00e9s. En particulier en orthop\u00e9die, pour la <a href=\"https:\/\/www.leprogres.fr\/sante\/2024\/12\/02\/prothese-de-cheville-une-premiere-francaise-a-l-hopital-lyon-sud\" target=\"_blank\" rel=\"noopener\">chirurgie de la cheville (Lyon sud 3e,<\/a> clinique Saint-Charles 2e), les urgences de la main (Edouard-Herriot 3e, M\u00e9dip\u00f4le 3e), la proth\u00e8se du genou (Croix-Rousse 2e). L\u2019h\u00f4pital de la Croix-Rousse se classe 3e\u00a0pour les cancers ORL. Lyon sud est 2e\u00a0pour les lymphomes\/my\u00e9lomes chez l\u2019adulte et les cancers de la peau. L\u2019h\u00f4pital neurologique est 2e\u00a0pour la scl\u00e9rose en plaques et 3e\u00a0pour les cancers du cerveau. L\u2019h\u00f4pital cardiologique est 2e\u00a0 pour la chirurgie des art\u00e8res. HEH est 2e\u00a0pour la chirurgie des art\u00e8res. L\u2019Infirmerie Protestante est 1er\u00a0pour les glandes salivaires. La Sauvegarde se classe 2e\u00a0pour la chirurgie de l\u2019ob\u00e9sit\u00e9 et la proctologie.<\/p>\n<p>Dans les pathologies infantiles, l\u2019HFME se classe 2e\u00a0pour la chirurgie des testicules <a href=\"https:\/\/www.leprogres.fr\/sante\/2015\/03\/01\/le-plus-grand-service-de-diagnostic-et-de-soins-dedie-aux-epilepsies-de-l-enfant\" target=\"_blank\" rel=\"noopener\">et l\u2019\u00e9pilepsie,<\/a> 3e\u00a0pour la pneumologie.<\/p>\n<p>  Des \u00e9tablissements sp\u00e9cialis\u00e9s distingu\u00e9s<\/p>\n<p>Ne figurant pas dans les palmar\u00e8s g\u00e9n\u00e9raux, plusieurs \u00e9tablissements sp\u00e9cialis\u00e9s ont les honneurs du palmar\u00e8s. En psychiatrie, le Vinatier se classe 2e\u00a0pour le traitement de la d\u00e9pression et des troubles bipolaires, et 3e\u00a0pour la d\u00e9pression. En canc\u00e9rologie, l\u2019IHOPe (Centre L\u00e9on B\u00e9rard et HCL) se classe 1er\u00a0pour le cancer des os p\u00e9diatrique tandis que l\u2019alliance Centre L\u00e9on-B\u00e9rard\/Centre des Massues est 1er\u00a0pour la chirurgie des cancers osseux des adultes et 3e\u00a0pour la chirurgie des sarcomes des tissus mous.<\/p>\n","protected":false},"excerpt":{"rendered":"Le magazine Le Point publie son palmar\u00e8s des h\u00f4pitaux et cliniques 2025 dans son \u00e9dition du 4\u00a0d\u00e9cembre. C\u00f4t\u00e9&hellip;\n","protected":false},"author":2,"featured_media":582825,"comment_status":"","ping_status":"","sticky":false,"template":"","format":"standard","meta":{"footnotes":""},"categories":[1889],"tags":[1111,11,2430,3152,2757,3153,3154,3155,3156,1777,674,107,1011,27,2428,2756,12,25,2429,71],"class_list":{"0":"post-582824","1":"post","2":"type-post","3":"status-publish","4":"format-standard","5":"has-post-thumbnail","7":"category-lyon","8":"tag-actu","9":"tag-actualites","10":"tag-auvergne-rhone-alpes","11":"tag-edition-est-lyonnais","12":"tag-edition-lyon-villeurbanne","13":"tag-edition-ouest-lyonnais","14":"tag-edition-sud-lyonnais","15":"tag-edition-tarare","16":"tag-edition-villefranche","17":"tag-eu","18":"tag-europe","19":"tag-fil-info","20":"tag-fr","21":"tag-france","22":"tag-lyon","23":"tag-lyon-bassin","24":"tag-news","25":"tag-republique-francaise","26":"tag-rhone","27":"tag-sante"},"share_on_mastodon":{"url":"https:\/\/pubeurope.com\/@fr\/115674442946866192","error":""},"_links":{"self":[{"href":"https:\/\/www.europesays.com\/fr\/wp-json\/wp\/v2\/posts\/582824","targetHints":{"allow":["GET"]}}],"collection":[{"href":"https:\/\/www.europesays.com\/fr\/wp-json\/wp\/v2\/posts"}],"about":[{"href":"https:\/\/www.europesays.com\/fr\/wp-json\/wp\/v2\/types\/post"}],"author":[{"embeddable":true,"href":"https:\/\/www.europesays.com\/fr\/wp-json\/wp\/v2\/users\/2"}],"replies":[{"embeddable":true,"href":"https:\/\/www.europesays.com\/fr\/wp-json\/wp\/v2\/comments?post=582824"}],"version-history":[{"count":0,"href":"https:\/\/www.europesays.com\/fr\/wp-json\/wp\/v2\/posts\/582824\/revisions"}],"wp:featuredmedia":[{"embeddable":true,"href":"https:\/\/www.europesays.com\/fr\/wp-json\/wp\/v2\/media\/582825"}],"wp:attachment":[{"href":"https:\/\/www.europesays.com\/fr\/wp-json\/wp\/v2\/media?parent=582824"}],"wp:term":[{"taxonomy":"category","embeddable":true,"href":"https:\/\/www.europesays.com\/fr\/wp-json\/wp\/v2\/categories?post=582824"},{"taxonomy":"post_tag","embeddable":true,"href":"https:\/\/www.europesays.com\/fr\/wp-json\/wp\/v2\/tags?post=582824"}],"curies":[{"name":"wp","href":"https:\/\/api.w.org\/{rel}","templated":true}]}}