{"id":582830,"date":"2025-12-06T20:14:16","date_gmt":"2025-12-06T20:14:16","guid":{"rendered":"https:\/\/www.europesays.com\/fr\/582830\/"},"modified":"2025-12-06T20:14:16","modified_gmt":"2025-12-06T20:14:16","slug":"des-temperatures-printanieres-sinstallent-ce-week-end-en-france-jusqua-20c-attendus-au-pied-des-pyrenees-selon-meteo-france","status":"publish","type":"post","link":"https:\/\/www.europesays.com\/fr\/582830\/","title":{"rendered":"Des temp\u00e9ratures printani\u00e8res s&rsquo;installent ce week-end en France, jusqu&rsquo;\u00e0 20\u00b0C attendus au pied des Pyr\u00e9n\u00e9es, selon M\u00e9t\u00e9o-France"},"content":{"rendered":"<p class=\"c-chapo \">\n  Cette douceur devrait se maintenir toute la semaine prochaine malgr\u00e9 des passages pluvieux toujours fr\u00e9quents.\n<\/p>\n<p>      lire plus tard<\/p>\n<p id=\"dialog__title\" class=\"dialog__title\">Pour sauvegarder cet article, connectez-vous ou cr\u00e9ez un compte franceinfo<\/p>\n<p class=\"dialog__description\">Sans paiement. Sans abonnement.<\/p>\n<p>        Fermer la fen\u00eatre d\u2019activation des notifications France Info<\/p>\n<p>      cr\u00e9er votre compte<\/p>\n<p>      se connecter<\/p>\n<p>        Fermer la fen\u00eatre de pr\u00e9sentation<\/p>\n<p>    <img loading=\"lazy\" decoding=\"async\" class=\"signature__image lazyload\" width=\"100\" height=\"100\" data- alt=\"\" src=\"https:\/\/www.europesays.com\/fr\/wp-content\/uploads\/2025\/06\/64a55fd777de4_placeholder-36b69ec8.png\"\/><\/p>\n<p>    Publi\u00e9 le 06\/12\/2025 20:07<\/p>\n<p>        Temps de lecture : 1min<\/p>\n<p>    <img decoding=\"async\"  alt=\"La baie des anges \u00e0 Nice, le 6 d\u00e9cembre 2025. (VALERY HACHE \/ AFP)\" width=\"432\" height=\"243\" src=\"https:\/\/www.europesays.com\/fr\/wp-content\/uploads\/2025\/12\/000-87bf963-69347dd5282c0223480418.jpg\" fetchpriority=\"high\"\/><\/p>\n<p>      La baie des anges \u00e0 Nice, le 6 d\u00e9cembre 2025. (VALERY HACHE \/ AFP)<\/p>\n<p>Un coup de chaud en plein mois de d\u00e9cembre. <a href=\"https:\/\/meteo.franceinfo.fr\/?gad_source=1&amp;gad_campaignid=22592844416&amp;gbraid=0AAAAADzlI8TlPD4dPR956tG2GtOqe1Bbc&amp;gclid=CjwKCAiAxc_JBhA2EiwAFVs7XAYIakmWhxXxpxDps4f1oactavCjfw-LGFIm1QbRQuTYQ2UiubSLihoC5T4QAvD_BwE#at_medium=1&amp;at_platform=2&amp;at_offre=3&amp;at_campaign=info_se_svc_meteo&amp;at_adgroup=previsions_dsa&amp;at_adgroupid=180551033672&amp;at_adid=754008733437&amp;at_term=\" target=\"_blank\" rel=\"noopener\">Les temp\u00e9ratures<\/a> remontent au-dessus des normales de saison \u00e0 partir de samedi 6 d\u00e9cembre et dans les jours \u00e0 venir dans l&rsquo;Hexagone. \u00ab\u00a0Une grande douceur baigne le pays, avec parfois plus de 15\u00b0C au nord\u00a0\u00bb, rapporte <a href=\"https:\/\/meteofrance.com\/actualites-et-dossiers\/actualites\/fin-de-semaine-perturbee-et-de-plus-en-plus-douce\" target=\"_blank\" rel=\"noopener\">M\u00e9t\u00e9o-France<\/a>. \u00ab\u00a0L\u2019ambiance prend des allures printani\u00e8res sur un tiers sud, sous un ciel l\u00e9g\u00e8rement voil\u00e9. Les temp\u00e9ratures peuvent d\u00e9passer les 20\u00b0C au pied des Pyr\u00e9n\u00e9es, et aller jusqu\u2019\u00e0 18-19\u00b0C ailleurs en Aquitaine.\u00a0\u00bb<\/p>\n<p>Sur l&rsquo;ensemble de la France hexagonale, il fait ainsi 3,5\u00b0C plus chaud que la moyenne des temp\u00e9ratures mesur\u00e9es le 6 d\u00e9cembre entre 1971 et 2000, selon <a href=\"https:\/\/www.franceinfo.fr\/environnement\/crise-climatique\/climat-fait-il-chaud-ou-froid-pour-la-saison-comparez-la-meteo-du-jour-a-l-historique-des-temperatures-des-dernieres-decennies_6960485.html\" target=\"_blank\" rel=\"noopener\">notre tableau de bord<\/a>. En montagne, le risque d&rsquo;avalanches est en hausse avec le remont\u00e9e en altitude des pluies jusqu\u2019\u00e0 2 400 m sur les \u00e9paisses couches de neige en Savoie. Cette douceur devrait se maintenir toute la semaine prochaine. Des passages pluvieux resteront d&rsquo;actualit\u00e9, mais pas partout et avec de bons moments d&rsquo;accalmie, selon M\u00e9t\u00e9o-France. L&rsquo;impression devrait \u00eatre quasi printani\u00e8re par endroits.<\/p>\n<p class=\"section-banner__title\">Consultez la m\u00e9t\u00e9o avec franceinfo<\/p>\n<p class=\"section-banner__subtitle\">Les pr\u00e9visions m\u00e9t\u00e9o en direct pour votre ville et toute la France.<\/p>\n<p><a class=\"fi-button section-banner__action ftvi-click fi-button--no-icons fi-button--large fi-button--secondary\" href=\"https:\/\/meteo.franceinfo.fr\/\" aria-label=\"voir la m\u00e9t\u00e9o avec franceinfo\" data-click-object=\"{&quot;feature&quot;:&quot;bandeau_promo&quot;,&quot;click&quot;:&quot;voir&quot;,&quot;zone&quot;:&quot;bandeau_meteo&quot;}\" target=\"_blank\" rel=\"noopener\"><\/p>\n<p>      voir<\/p>\n<p>  <\/a><\/p>\n<p>      <img loading=\"lazy\" decoding=\"async\" class=\"section-banner__image lazyload\" width=\"104\" height=\"139\" alt=\"\" src=\"data:image\/gif;base64,R0lGODlhAQABAAAAACH5BAEKAAEALAAAAAABAAEAAAICTAEAOw==\"\/><\/p>\n<p class=\"related-tags__title\" role=\"heading\" aria-level=\"2\">les mots-cl\u00e9s associ\u00e9s \u00e0 cet article\n    <\/p>\n","protected":false},"excerpt":{"rendered":"Cette douceur devrait se maintenir toute la semaine prochaine malgr\u00e9 des passages pluvieux toujours fr\u00e9quents. lire plus tard&hellip;\n","protected":false},"author":2,"featured_media":582831,"comment_status":"","ping_status":"","sticky":false,"template":"","format":"standard","meta":{"footnotes":""},"categories":[1888],"tags":[1111,1928,11,1927,1777,674,1011,27,12,1926,626,1925,25],"class_list":{"0":"post-582830","1":"post","2":"type-post","3":"status-publish","4":"format-standard","5":"has-post-thumbnail","7":"category-paris","8":"tag-actu","9":"tag-actu-paris","10":"tag-actualites","11":"tag-actualites-paris","12":"tag-eu","13":"tag-europe","14":"tag-fr","15":"tag-france","16":"tag-news","17":"tag-news-paris","18":"tag-paris","19":"tag-paris-news","20":"tag-republique-francaise"},"share_on_mastodon":{"url":"https:\/\/pubeurope.com\/@fr\/115674459841363639","error":""},"_links":{"self":[{"href":"https:\/\/www.europesays.com\/fr\/wp-json\/wp\/v2\/posts\/582830","targetHints":{"allow":["GET"]}}],"collection":[{"href":"https:\/\/www.europesays.com\/fr\/wp-json\/wp\/v2\/posts"}],"about":[{"href":"https:\/\/www.europesays.com\/fr\/wp-json\/wp\/v2\/types\/post"}],"author":[{"embeddable":true,"href":"https:\/\/www.europesays.com\/fr\/wp-json\/wp\/v2\/users\/2"}],"replies":[{"embeddable":true,"href":"https:\/\/www.europesays.com\/fr\/wp-json\/wp\/v2\/comments?post=582830"}],"version-history":[{"count":0,"href":"https:\/\/www.europesays.com\/fr\/wp-json\/wp\/v2\/posts\/582830\/revisions"}],"wp:featuredmedia":[{"embeddable":true,"href":"https:\/\/www.europesays.com\/fr\/wp-json\/wp\/v2\/media\/582831"}],"wp:attachment":[{"href":"https:\/\/www.europesays.com\/fr\/wp-json\/wp\/v2\/media?parent=582830"}],"wp:term":[{"taxonomy":"category","embeddable":true,"href":"https:\/\/www.europesays.com\/fr\/wp-json\/wp\/v2\/categories?post=582830"},{"taxonomy":"post_tag","embeddable":true,"href":"https:\/\/www.europesays.com\/fr\/wp-json\/wp\/v2\/tags?post=582830"}],"curies":[{"name":"wp","href":"https:\/\/api.w.org\/{rel}","templated":true}]}}