{"id":582832,"date":"2025-12-06T20:15:53","date_gmt":"2025-12-06T20:15:53","guid":{"rendered":"https:\/\/www.europesays.com\/fr\/582832\/"},"modified":"2025-12-06T20:15:53","modified_gmt":"2025-12-06T20:15:53","slug":"lhumoriste-martiniquais-willem-fait-ses-premiers-pas-sur-une-scene-parisienne","status":"publish","type":"post","link":"https:\/\/www.europesays.com\/fr\/582832\/","title":{"rendered":"l\u2019humoriste martiniquais Willem fait ses premiers pas sur une sc\u00e8ne parisienne"},"content":{"rendered":"<p class=\"svelte-qfpp5o first-paragraph\">\u00ab\u00a0Il fait mes journ\u00e9es, c&rsquo;est mon rayon de soleil !\u00a0\u00bb Dans la file qui patiente sous le n\u00e9on rouge du R\u00e9publique avant l&rsquo;ouverture des portes, R\u00e9gine est une inconditionnelle de Willem. La Martiniquaise le suit depuis ses d\u00e9buts sur les r\u00e9seaux sociaux, en 2016 quand il a commenc\u00e9 \u00e0 publier des vid\u00e9os<a class=\"article-link svelte-123pfsg\" href=\"https:\/\/www.youtube.com\/@willemfaitlecomique\" target=\"_blank\" rel=\"noopener noreferrer nofollow\"> sur YouTube<\/a>. Elle est venue accompagn\u00e9e d&rsquo;amis et de coll\u00e8gues dont Guyl\u00e8ne, originaire du Pr\u00eacheur, elle aussi pr\u00e9sente \u00ab\u00a0pour l&rsquo;encourager\u00a0\u00bb.<\/p>\n<p class=\"svelte-qfpp5o\">\u00ab\u00a0On est venu lui donner de la force\u00a0\u00bb, rench\u00e9rit un peu plus loin Rapha\u00ebl, un Guadeloup\u00e9en de Sainte-Rose, sous son bonnet noir et derri\u00e8re ses lunettes \u00e0 la monture transparente. \u00ab\u00a0J&rsquo;aime sa nonchalance, sa mani\u00e8re d&rsquo;amener les situations qu&rsquo;on voit aux Antilles avec une extr\u00eame sinc\u00e9rit\u00e9&#8230; Et sa chanson <a class=\"article-link svelte-123pfsg\" href=\"https:\/\/la1ere.franceinfo.fr\/martinique\/cochon-roussy-le-youtubeur-martiniquais-willem-devoile-son-nouveau-moyen-metrage-avec-un-personnage-emblematique-de-sa-chaine-1547323.html\" target=\"_blank\" rel=\"noopener noreferrer nofollow\">sur le Cochon Roussy !<\/a>\u00ab\u00a0, liste-t-il.<\/p>\n<p class=\"svelte-qfpp5o\">Il salue la fa\u00e7on dont Willem exprime sa fiert\u00e9 d&rsquo;\u00eatre Antillais, s&rsquo;inscrivant dans \u00ab\u00a0une g\u00e9n\u00e9ration d\u00e9complex\u00e9e\u00a0\u00bb qui \u00ab\u00a0redonne du sens\u00a0\u00bb.<\/p>\n<p>\u00ab\u00a0Je t&rsquo;envoie un zakari, tu finis \u00e0 l&rsquo;h\u00f4pital !\u00a0\u00bb<\/p>\n<p class=\"svelte-qfpp5o\">D\u00e9complex\u00e9, le spectacle l&rsquo;est en effet et l&rsquo;interdiction d&rsquo;y assister aux moins de 14 ans n&rsquo;est pas inutile \u00e0 certains moments. L&rsquo;artiste de 29 ans, commence par de l&rsquo;improvisation en taquinant le public : \u00ab\u00a0Y&rsquo;a beaucoup de Noirs, note-t-il en circulant entre les si\u00e8ges. Et vous \u00eates \u00e0 l&rsquo;heure ?!\u00a0\u00bb Il remarque que la majorit\u00e9 des 200 spectateurs vient du 91, 92, 93 et 94 : \u00ab\u00a0J&rsquo;ai un public de racailles&#8230; De jumpy ! (d\u00e9riv\u00e9 de junky, NDLR)\u00a0\u00bb<\/p>\n<p class=\"svelte-qfpp5o\">Hilare, l&rsquo;auditoire n&rsquo;h\u00e9site pas \u00e0 r\u00e9agir du tac au tac \u00e0 Willem qui r\u00e9prime un fou rire et reconna\u00eet que le spectacle n&rsquo;a jamais mis \u00ab\u00a0autant de temps \u00e0 d\u00e9marrer\u00a0\u00bb avec cette \u00ab\u00a0classe dissip\u00e9e\u00a0\u00bb.<\/p>\n<p class=\"svelte-qfpp5o\">Le Martiniquais commence enfin \u00e0 raconter sa propre histoire, celle de son enfance \u00e0 aujourd&rsquo;hui, en passant par son d\u00e9part de Martinique pour faire ses \u00e9tudes dans l&rsquo;Hexagone et le Covid. Il en profite pour s&rsquo;amuser de l&rsquo;\u00e9ducation antillaise VS Montessori, de l&rsquo;\u00c9glise catholique, des f\u00eates de famille ou encore des p\u00e2tisseries et viennoiseries antillaises. Pour expliquer ce qu&rsquo;est un zakari \u00e0 une spectatrice, il lui lance : \u00ab\u00a0Je t&rsquo;envoie un zakari, tu finis \u00e0 l&rsquo;h\u00f4pital !\u00a0\u00bb<\/p>\n<p class=\"svelte-qfpp5o\">S&rsquo;il y a des r\u00e9f\u00e9rences de son \u00eele et des \u00ab\u00a0touches de cr\u00e9ole\u00a0\u00bb, Willem assure qu&rsquo;il n&rsquo;a pas adapt\u00e9 son spectacle au public de l&rsquo;Hexagone : \u00ab\u00a0Depuis deux-trois ans, j&rsquo;ai vu que mon public est de plus en plus \u00e9clectique, et c&rsquo;\u00e9tait important pour moi que le spectacle puisse parler \u00e0 tout le monde.\u00a0\u00bb<\/p>\n<p>\u00ab\u00a0La personne dont je me moque le plus, c&rsquo;est moi-m\u00eame\u00a0\u00bb<\/p>\n<p class=\"svelte-qfpp5o\">Willem entrecoupe son r\u00e9cit en jouant quelques-uns des <a class=\"article-link svelte-123pfsg\" href=\"https:\/\/la1ere.franceinfo.fr\/martinique\/willem-le-martiniquais-qui-fait-le-comique-sur-les-reseaux-sociaux-avec-succes-1514798.html\" target=\"_blank\" rel=\"noopener noreferrer nofollow\">personnages qui l&rsquo;ont fait conna\u00eetre sur les r\u00e9seaux sociaux<\/a>. Face \u00e0 la critique qui revient parfois selon laquelle ses sketches sont trop caricaturaux, il r\u00e9pond la m\u00eame chose : \u00ab\u00a0Les personnages qui existent dans mes vid\u00e9os, je les rencontre dans la vraie vie.\u00a0\u00bb<\/p>\n<p class=\"svelte-qfpp5o\">Et d&rsquo;ajouter : \u00ab\u00a0Mon but, ce n&rsquo;est pas de heurter des communaut\u00e9s ou des cat\u00e9gories de personnes. Je pense qu&rsquo;on peut se moquer des gens quand c&rsquo;est fait avec bienveillance et pertinence. Et d&rsquo;ailleurs, dans ce spectacle, la personne dont je me moque le plus, c&rsquo;est moi-m\u00eame.\u00a0\u00bb<\/p>\n<p class=\"svelte-qfpp5o\">Willem n&rsquo;y va en effet pas de main morte quand il raconte \u00ab\u00a0sa premi\u00e8re fois\u00a0\u00bb qui ne se passe pas exactement comme pr\u00e9vu. Mais il d\u00e9voile aussi les angoisses qu&rsquo;il a tent\u00e9es d&rsquo;enfouir. Une anxi\u00e9t\u00e9 n\u00e9e du sentiment d&rsquo;\u00eatre diff\u00e9rent des autres.<\/p>\n<p class=\"svelte-qfpp5o\">\u00ab\u00a0Je savais qu&rsquo;en \u00e9crivant le spectacle, je n&rsquo;allais pas l&rsquo;\u00e9crire comme je peux \u00e9crire des sketches vid\u00e9o, assume-t-il. Cela fait presque dix ans qu&rsquo;on se conna\u00eet [avec ma communaut\u00e9, NDLR], qu&rsquo;on se parle \u00e0 travers des \u00e9crans, mais on ne s&rsquo;est pas rencontr\u00e9s en vrai. J&rsquo;avais envie que cette premi\u00e8re rencontre soit quelque chose de plus profond.\u00a0\u00bb<\/p>\n<p class=\"svelte-qfpp5o\">Dans cette petite salle \u00ab\u00a0cosy\u00a0\u00bb et \u00ab\u00a0feutr\u00e9\u00a0\u00bb, Willem aime se pr\u00eater \u00e0 ce \u00ab\u00a0dialogue tr\u00e8s intimiste\u00a0\u00bb avec son public, apr\u00e8s un<a class=\"article-link svelte-123pfsg\" href=\"https:\/\/la1ere.franceinfo.fr\/martinique\/le-comedien-martiniquais-willem-fait-son-premier-one-man-show-a-fort-de-france-avant-paris-1637581.html\" target=\"_blank\" rel=\"noopener noreferrer nofollow\"> lancement au Grand Carbet en Martinique<\/a> face \u00e0 \u00ab\u00a0800 personnes en \u00e9bullition\u00a0\u00bb. Il a vis\u00e9 juste puisque les 200 spectateurs lui ont fait une ovation \u00e0 la fin du spectacle.<\/p>\n<p>\u00ab\u00a0On est pass\u00e9 du rire \u00e0 l&rsquo;\u00e9motion\u00a0\u00bb<\/p>\n<p class=\"svelte-qfpp5o\">\u00ab\u00a0Cela nous a rapproch\u00e9s de lui, on a appris \u00e0 le conna\u00eetre, il \u00e9tait super g\u00e9n\u00e9reux, on a vraiment ador\u00e9, s&rsquo;enthousiasment deux Martiniquais, Nicolas et Yohann. \u00ab\u00a0C&rsquo;\u00e9tait tr\u00e8s beau, on est pass\u00e9 du rire \u00e0 l&rsquo;\u00e9motion, il est all\u00e9 dans son intimit\u00e9\u00a0\u00bb, r\u00e9sument Carole, Fanny et Marie-France, trois coll\u00e8gues originaires de Guadeloupe et Martinique. \u00ab\u00a0Surprenant, \u00e9mouvant, dr\u00f4le&#8230; On s&rsquo;est reconnus dans le fait de se sentir bizarres, exclus, soufflent Karine d&rsquo;origine antillaise et Josuel de Martinique. Quand il a parl\u00e9 de quitter les Antilles, plein de souvenirs sont revenus.\u00a0\u00bb<\/p>\n<p class=\"svelte-qfpp5o\">Habill\u00e9s avec des touches de vert selon le dresscode du spectacle \u2013 dresscode dont Willem d\u00e9voile les raisons \u00e0 la fin du show -, ils ont achet\u00e9 les derni\u00e8res places de cette soir\u00e9e. Les billets parisiens sont partis \u00e0 toute vitesse d\u00e8s que l&rsquo;artiste a annonc\u00e9 sur ses r\u00e9seaux les dates de ce premier spectacle autoproduit. \u00ab\u00a0Comme on n&rsquo;avait jamais rien produit de cette envergure, on s&rsquo;est dit qu&rsquo;on allait commencer petit pour ne pas se br\u00fbler les ailes et on a r\u00e9serv\u00e9 deux soir\u00e9es au R\u00e9publique qui se sont remplies des mois \u00e0 l&rsquo;avance, confirme l&rsquo;humoriste. Donc le R\u00e9publique nous a contact\u00e9s pour nous dire de rajouter des dates. On a rajout\u00e9 deux de plus qui se sont remplies \u00e0 leur tour puis une cinqui\u00e8me, puis une sixi\u00e8me&#8230;\u00a0\u00bb<\/p>\n<p class=\"svelte-qfpp5o\">Toutes affichent d\u00e9j\u00e0 complet. Apr\u00e8s Paris o\u00f9 il joue jusqu&rsquo;au 21 d\u00e9cembre, il a d\u00e9sormais de nouvelles dates dans l&rsquo;Hexagone \u00e0 Toulouse, Montpellier et Bordeaux en mars et avril 2026, en plus des s\u00e9ances en Guadeloupe et Martinique en janvier-f\u00e9vrier. Il a m\u00eame r\u00e9v\u00e9l\u00e9 avoir r\u00e9serv\u00e9 en r\u00e9gion parisienne \u00ab\u00a0une r\u00e9sidence dans une salle un petit peu plus grande pour l&rsquo;ann\u00e9e prochaine\u00a0\u00bb. Comme le pressentent ses fans Nicolas et Yohann, \u00ab\u00a0le meilleur est \u00e0 venir\u00a0\u00bb.<\/p>\n","protected":false},"excerpt":{"rendered":"\u00ab\u00a0Il fait mes journ\u00e9es, c&rsquo;est mon rayon de soleil !\u00a0\u00bb Dans la file qui patiente sous le n\u00e9on&hellip;\n","protected":false},"author":2,"featured_media":582833,"comment_status":"","ping_status":"","sticky":false,"template":"","format":"standard","meta":{"footnotes":""},"categories":[1888],"tags":[1111,1928,11,1927,1777,674,1011,27,12,1926,626,1925,25],"class_list":{"0":"post-582832","1":"post","2":"type-post","3":"status-publish","4":"format-standard","5":"has-post-thumbnail","7":"category-paris","8":"tag-actu","9":"tag-actu-paris","10":"tag-actualites","11":"tag-actualites-paris","12":"tag-eu","13":"tag-europe","14":"tag-fr","15":"tag-france","16":"tag-news","17":"tag-news-paris","18":"tag-paris","19":"tag-paris-news","20":"tag-republique-francaise"},"share_on_mastodon":{"url":"https:\/\/pubeurope.com\/@fr\/115674466393533110","error":""},"_links":{"self":[{"href":"https:\/\/www.europesays.com\/fr\/wp-json\/wp\/v2\/posts\/582832","targetHints":{"allow":["GET"]}}],"collection":[{"href":"https:\/\/www.europesays.com\/fr\/wp-json\/wp\/v2\/posts"}],"about":[{"href":"https:\/\/www.europesays.com\/fr\/wp-json\/wp\/v2\/types\/post"}],"author":[{"embeddable":true,"href":"https:\/\/www.europesays.com\/fr\/wp-json\/wp\/v2\/users\/2"}],"replies":[{"embeddable":true,"href":"https:\/\/www.europesays.com\/fr\/wp-json\/wp\/v2\/comments?post=582832"}],"version-history":[{"count":0,"href":"https:\/\/www.europesays.com\/fr\/wp-json\/wp\/v2\/posts\/582832\/revisions"}],"wp:featuredmedia":[{"embeddable":true,"href":"https:\/\/www.europesays.com\/fr\/wp-json\/wp\/v2\/media\/582833"}],"wp:attachment":[{"href":"https:\/\/www.europesays.com\/fr\/wp-json\/wp\/v2\/media?parent=582832"}],"wp:term":[{"taxonomy":"category","embeddable":true,"href":"https:\/\/www.europesays.com\/fr\/wp-json\/wp\/v2\/categories?post=582832"},{"taxonomy":"post_tag","embeddable":true,"href":"https:\/\/www.europesays.com\/fr\/wp-json\/wp\/v2\/tags?post=582832"}],"curies":[{"name":"wp","href":"https:\/\/api.w.org\/{rel}","templated":true}]}}