{"id":582840,"date":"2025-12-06T20:20:25","date_gmt":"2025-12-06T20:20:25","guid":{"rendered":"https:\/\/www.europesays.com\/fr\/582840\/"},"modified":"2025-12-06T20:20:25","modified_gmt":"2025-12-06T20:20:25","slug":"guerre-en-ukraine-larche-de-la-centrale-de-tchernobyl-endommagee-lors-dune-attaque-de-drone-il-est-urgent-de-la-reparer-selon-laiea","status":"publish","type":"post","link":"https:\/\/www.europesays.com\/fr\/582840\/","title":{"rendered":"Guerre en Ukraine\u00a0: l\u2019Arche de la centrale de Tchernobyl endommag\u00e9e lors d\u2019une attaque de drone, \u00ab\u00a0il est urgent\u00a0\u00bb de la r\u00e9parer selon l\u2019AIEA"},"content":{"rendered":"<p>\n                                                                    l&rsquo;essentiel<br \/>\n                                                                \u00c0 Tchernobyl, le sarcophage protecteur qui recouvre le r\u00e9acteur endommage de la centrale nucl\u00e9aire a \u00e9t\u00e9 \u00ab\u00a0compromis\u00a0\u00bb lors d\u2019une attaque de drone en f\u00e9vrier dernier. L\u2019Agence internationale de l\u2019\u00e9nergie atomique alerte sur l\u2019\u00e9tat de la structure et l\u2019urgence de sa r\u00e9paration.\n                            <\/p>\n<p>C\u2019est l\u2019une des cons\u00e9quences de la guerre en Ukraine. L\u2019Arche de Tchernobyl, cens\u00e9 contenir les d\u00e9chets radioactifs apr\u00e8s le drame de 1986, a \u00e9t\u00e9 endommag\u00e9e par une attaque de drones russes, survenue en f\u00e9vrier dernier. Selon l\u2019Agence internationale de l\u2019\u00e9nergie atomique (AIEA), le bouclier \u00ab\u00a0a perdu ses principales fonctions de s\u00e9curit\u00e9\u00a0\u00bb.<\/p>\n<p>Un constat relat\u00e9 dans un rapport de l\u2019agence, publi\u00e9 le vendredi 5\u00a0d\u00e9cembre. Apr\u00e8s les frappes russes, des chercheurs de l\u2019AIEA ont analys\u00e9 les d\u00e9g\u00e2ts sur place. Avec un trou de 15\u00a0m2 dans la toiture ext\u00e9rieure, le rev\u00eatement int\u00e9rieur avait \u00e9galement \u00e9t\u00e9 touch\u00e9 \u00e0 la suite d\u2019un incendie.<\/p>\n<p>Danger radioactif<\/p>\n<p>Dans un <a href=\"https:\/\/www.iaea.org\/newscenter\/pressreleases\/update-331-iaea-director-general-statement-on-situation-in-ukraine\" target=\"_self\" rel=\"noopener\">communiqu\u00e9<\/a>, le pr\u00e9sident de l\u2019AIEA, Rafael Grossi, a fait \u00e9tat des d\u00e9g\u00e2ts importants subis par la structure en pr\u00e9cisant qu\u2019elle avait perdu \u00ab\u00a0sa capacit\u00e9 de confinement\u00a0\u00bb. Bien qu\u2019il \u00ab\u00a0n\u2019y avait pas de dommages permanents aux structures porteuses ou aux syst\u00e8mes de surveillance\u00a0\u00bb, l\u2019AEIA estime qu\u2019une \u00a0\u00bb restauration compl\u00e8te reste essentielle pour emp\u00eacher une nouvelle d\u00e9gradation et garantir la s\u00e9curit\u00e9 nucl\u00e9aire \u00e0 long terme\u00a0\u00bb.<\/p>\n<blockquote data-class=\"twitter-tweet\">\n<p lang=\"fr\" dir=\"ltr\">Tchernobyl: \u00ab\u00a0La fonction de confinement de l&rsquo;arche de Tchernobyl a \u00e9t\u00e9 compromise [&#8230;] mais il n&rsquo;y a pas de danger imminent\u00a0\u00bb, d\u00e9clare Rafael Grossi, directeur g\u00e9n\u00e9ral de l&rsquo;Agence internationale de l&rsquo;\u00e9nergie atomique <a href=\"https:\/\/t.co\/yV33rXQAQF\">pic.twitter.com\/yV33rXQAQF<\/a><\/p>\n<p>\u2014 BFM (@BFMTV) <a href=\"https:\/\/twitter.com\/BFMTV\/status\/1997362274294477229?ref_src=twsrc%5Etfw\" target=\"_blank\" rel=\"noopener\">December 6, 2025<\/a><\/p><\/blockquote>\n<p>\u00ab\u00a0La fonction de confinement de l\u2019arche de Tchernobyl a \u00e9t\u00e9 compromise [\u2026] mais il n\u2019y a pas de danger imminent\u00a0\u00bb, a\u00a0compl\u00e9t\u00e9 Rafael Grossi au micro de BFMTV samedi. Il a n\u00e9anmoins insist\u00e9\u00a0: il est selon lui\u00a0\u00ab\u00a0urgent\u00a0\u00bb de r\u00e9parer la structure.<\/p>\n<blockquote data-class=\"twitter-tweet\">\n<p lang=\"fr\" dir=\"ltr\">Tchernobyl: Rafael Grossi, directeur g\u00e9n\u00e9ral de l&rsquo;Agence internationale de l&rsquo;\u00e9nergie atomique, d\u00e9clare \u00ab\u00a0qu&rsquo;il est urgent\u00a0\u00bb de r\u00e9parer l&rsquo;arche de confinement <a href=\"https:\/\/t.co\/PhtDUbbEWu\">pic.twitter.com\/PhtDUbbEWu<\/a><\/p>\n<p>\u2014 BFM (@BFMTV) <a href=\"https:\/\/twitter.com\/BFMTV\/status\/1997363408744669229?ref_src=twsrc%5Etfw\" target=\"_blank\" rel=\"noopener\">December 6, 2025<\/a><\/p><\/blockquote>\n<p>Op\u00e9rationnelle depuis 2019, l\u2019Arche mesure 108 m\u00e8tres de haut pour 162 m\u00e8tres de longueur au sol.<br \/>De son c\u00f4t\u00e9, l\u2019Autorit\u00e9 de s\u00fbret\u00e9 nucl\u00e9aire et de radioprotection (ASNR) liste trois objectifs\u00a0: \u00ab\u00a0assurer le confinement des mati\u00e8res radioactives\u00a0\u00bb, \u00ab\u00a0prot\u00e9ger le vieux sarcophage et \u00e9viter sa d\u00e9gradation additionnelle, voire in fine son effondrement\u00a0\u00bb, et \u00ab\u00a0pr\u00e9parer le d\u00e9mant\u00e8lement du sarcophage et le retrait des mati\u00e8res radioactives\u00a0\u00bb.<\/p>\n<p>                                                                                                                                                                                                        <script async src=\"https:\/\/platform.twitter.com\/widgets.js\" charset=\"utf-8\"><\/script><\/p>\n","protected":false},"excerpt":{"rendered":"l&rsquo;essentiel \u00c0 Tchernobyl, le sarcophage protecteur qui recouvre le r\u00e9acteur endommage de la centrale nucl\u00e9aire a \u00e9t\u00e9 \u00ab\u00a0compromis\u00a0\u00bb&hellip;\n","protected":false},"author":2,"featured_media":582841,"comment_status":"","ping_status":"","sticky":false,"template":"","format":"standard","meta":{"footnotes":""},"categories":[1590],"tags":[11,1777,674,329,131,14,12,220],"class_list":{"0":"post-582840","1":"post","2":"type-post","3":"status-publish","4":"format-standard","5":"has-post-thumbnail","7":"category-ukraine","8":"tag-actualites","9":"tag-eu","10":"tag-europe","11":"tag-france-monde","12":"tag-guerre-en-ukraine","13":"tag-international","14":"tag-news","15":"tag-ukraine"},"share_on_mastodon":{"url":"https:\/\/pubeurope.com\/@fr\/115674482177336557","error":""},"_links":{"self":[{"href":"https:\/\/www.europesays.com\/fr\/wp-json\/wp\/v2\/posts\/582840","targetHints":{"allow":["GET"]}}],"collection":[{"href":"https:\/\/www.europesays.com\/fr\/wp-json\/wp\/v2\/posts"}],"about":[{"href":"https:\/\/www.europesays.com\/fr\/wp-json\/wp\/v2\/types\/post"}],"author":[{"embeddable":true,"href":"https:\/\/www.europesays.com\/fr\/wp-json\/wp\/v2\/users\/2"}],"replies":[{"embeddable":true,"href":"https:\/\/www.europesays.com\/fr\/wp-json\/wp\/v2\/comments?post=582840"}],"version-history":[{"count":0,"href":"https:\/\/www.europesays.com\/fr\/wp-json\/wp\/v2\/posts\/582840\/revisions"}],"wp:featuredmedia":[{"embeddable":true,"href":"https:\/\/www.europesays.com\/fr\/wp-json\/wp\/v2\/media\/582841"}],"wp:attachment":[{"href":"https:\/\/www.europesays.com\/fr\/wp-json\/wp\/v2\/media?parent=582840"}],"wp:term":[{"taxonomy":"category","embeddable":true,"href":"https:\/\/www.europesays.com\/fr\/wp-json\/wp\/v2\/categories?post=582840"},{"taxonomy":"post_tag","embeddable":true,"href":"https:\/\/www.europesays.com\/fr\/wp-json\/wp\/v2\/tags?post=582840"}],"curies":[{"name":"wp","href":"https:\/\/api.w.org\/{rel}","templated":true}]}}