{"id":582846,"date":"2025-12-06T20:25:31","date_gmt":"2025-12-06T20:25:31","guid":{"rendered":"https:\/\/www.europesays.com\/fr\/582846\/"},"modified":"2025-12-06T20:25:31","modified_gmt":"2025-12-06T20:25:31","slug":"amoura-passeur-buteur-et-sort-sur-blessure-video","status":"publish","type":"post","link":"https:\/\/www.europesays.com\/fr\/582846\/","title":{"rendered":"Amoura passeur\/buteur et sort sur blessure (vid\u00e9o)"},"content":{"rendered":"<p><strong\/><\/p>\n<p><strong>Mohamed Amoura continue de marquer de son empreinte la<br \/>\nBundesliga. Samedi apr\u00e8s-midi, l\u2019international alg\u00e9rien a une<br \/>\nnouvelle fois brill\u00e9 sous les couleurs de Wolfsburg, inscrivant un<br \/>\nbut et d\u00e9livrant une passe d\u00e9cisive avant de quitter le terrain sur<br \/>\nblessure, suscitant l\u2019inqui\u00e9tude des supporters alg\u00e9riens comme<br \/>\nallemands.<\/strong><\/p>\n<p data-start=\"218\" data-end=\"538\">Le match, <strong>disput\u00e9 face \u00e0<br \/>\nl\u2019Union Berlin dans le cadre de la 13e journ\u00e9e du championnat<br \/>\nallemand,<\/strong> a \u00e9t\u00e9 marqu\u00e9 par l\u2019impact imm\u00e9diat de l&rsquo;ancien<br \/>\njoueur de l&rsquo;ES S\u00e9tif. D\u00e8s la 10e minute, <strong>Amoura se<br \/>\ndistingue en offrant une passe d\u00e9cisive<\/strong> sur le but de<br \/>\nPatrick Wimmer, permettant \u00e0 son \u00e9quipe d\u2019ouvrir le score. Son sens<br \/>\ndu jeu, sa capacit\u00e9 \u00e0 attaquer les espaces et sa vitesse ont encore<br \/>\nune fois fait la diff\u00e9rence.<\/p>\n<p data-start=\"942\" data-end=\"1436\">Vingt minutes plus tard, \u00e0 la<br \/>\n30e minute de jeu, <strong>il confirme sa grande forme en trouvant<br \/>\n\u00e0 son tour le chemin des filets.<\/strong> Bien plac\u00e9 dans la<br \/>\nsurface, l\u2019attaquant alg\u00e9rien conclut une action parfaitement men\u00e9e<br \/>\npar les Loups et inscrit ainsi son <strong data-start=\"1200\" data-end=\"1244\">cinqui\u00e8me but de la saison en Bundesliga<\/strong>,<br \/>\nauquel s\u2019ajoutent d\u00e9sormais <strong data-start=\"1274\" data-end=\"1299\">deux passes d\u00e9cisives<\/strong>. Des statistiques solides qui<br \/>\nt\u00e9moignent de son adaptation rapide au football allemand et de son<br \/>\nr\u00f4le grandissant au sein de l\u2019effectif<\/p>\n<p data-start=\"1438\" data-end=\"1828\">Mais la soir\u00e9e<br \/>\nd\u2019<strong>Amoura a pris une tournure moins r\u00e9jouissante en seconde<br \/>\np\u00e9riode.<\/strong> \u00c0 la 73e minute, l\u2019attaquant a d\u00fb c\u00e9der sa place<br \/>\napr\u00e8s avoir ressenti une douleur, quittant le terrain visiblement<br \/>\ntouch\u00e9. Pour l\u2019heure, <strong>Wolfsburg n\u2019a pas communiqu\u00e9 sur la<br \/>\nnature exacte de sa blessure ni sur sa gravit\u00e9<\/strong>, laissant<br \/>\nplaner un doute sur la disponibilit\u00e9 du joueur pour les prochaines<br \/>\n\u00e9ch\u00e9ances, plus particuli\u00e8rement du c\u00f4t\u00e9 alg\u00e9rien, o\u00f9 la Coupe<br \/>\nd\u00a0\u00bbAfrique approche \u00e0 grands pas.<\/p>\n<p data-start=\"1830\" data-end=\"2059\">Entre \u00e9clat et inqui\u00e9tude,<br \/>\nAmoura continue d\u2019impressionner. Les supporters des Verts esp\u00e8rent<br \/>\nd\u00e9sormais un diagnostic rassurant, tant l\u2019Alg\u00e9rien est devenu un<br \/>\n\u00e9l\u00e9ment indispensable pour son club comme pour la s\u00e9lection<br \/>\nnationale.<\/p>\n<blockquote class=\"twitter-tweet\" data-media-max-width=\"560\">\n<p dir=\"ltr\" lang=\"tr\">Wimmer, sa\u011f\u0131na \u00e7ekti\u011fi topa \u00e7ok d\u00fczg\u00fcn<br \/>\nvurdu! <a href=\"https:\/\/t.co\/oV8Vv3jQp5\">pic.twitter.com\/oV8Vv3jQp5<\/a><\/p>\n<p>\u2014 S Sport Plus (@ssportplustr) <a href=\"https:\/\/twitter.com\/ssportplustr\/status\/1997316360221708509?ref_src=twsrc%5Etfw\" target=\"_blank\" rel=\"noopener\"><br \/>\nDecember 6, 2025<\/a><\/p>\n<\/blockquote>\n<blockquote class=\"twitter-tweet\" data-media-max-width=\"560\">\n<p dir=\"ltr\" lang=\"et\">Mohamed Amoura, tam tavana vurdu! <a href=\"https:\/\/t.co\/1pLdl2hCXa\">pic.twitter.com\/1pLdl2hCXa<\/a><\/p>\n<p>\u2014 S Sport Plus (@ssportplustr) <a href=\"https:\/\/twitter.com\/ssportplustr\/status\/1997320714693586975?ref_src=twsrc%5Etfw\" target=\"_blank\" rel=\"noopener\"><br \/>\nDecember 6, 2025<\/a><\/p>\n<\/blockquote>\n<p style=\"text-align: right;\">DZfoot<\/p>\n<p><script async src=\"https:\/\/platform.twitter.com\/widgets.js\" charset=\"utf-8\"><\/script><\/p>\n","protected":false},"excerpt":{"rendered":"Mohamed Amoura continue de marquer de son empreinte la Bundesliga. Samedi apr\u00e8s-midi, l\u2019international alg\u00e9rien a une nouvelle fois&hellip;\n","protected":false},"author":2,"featured_media":582847,"comment_status":"","ping_status":"","sticky":false,"template":"","format":"standard","meta":{"footnotes":""},"categories":[1587],"tags":[11,672,1804,1805,1803,1777,674,1801,12,1802],"class_list":{"0":"post-582846","1":"post","2":"type-post","3":"status-publish","4":"format-standard","5":"has-post-thumbnail","7":"category-allemagne","8":"tag-actualites","9":"tag-allemagne","10":"tag-bundesrepublik-deutschland","11":"tag-de","12":"tag-deutschland","13":"tag-eu","14":"tag-europe","15":"tag-germany","16":"tag-news","17":"tag-republique-federale-dallemagne"},"share_on_mastodon":{"url":"https:\/\/pubeurope.com\/@fr\/115674501871458729","error":""},"_links":{"self":[{"href":"https:\/\/www.europesays.com\/fr\/wp-json\/wp\/v2\/posts\/582846","targetHints":{"allow":["GET"]}}],"collection":[{"href":"https:\/\/www.europesays.com\/fr\/wp-json\/wp\/v2\/posts"}],"about":[{"href":"https:\/\/www.europesays.com\/fr\/wp-json\/wp\/v2\/types\/post"}],"author":[{"embeddable":true,"href":"https:\/\/www.europesays.com\/fr\/wp-json\/wp\/v2\/users\/2"}],"replies":[{"embeddable":true,"href":"https:\/\/www.europesays.com\/fr\/wp-json\/wp\/v2\/comments?post=582846"}],"version-history":[{"count":0,"href":"https:\/\/www.europesays.com\/fr\/wp-json\/wp\/v2\/posts\/582846\/revisions"}],"wp:featuredmedia":[{"embeddable":true,"href":"https:\/\/www.europesays.com\/fr\/wp-json\/wp\/v2\/media\/582847"}],"wp:attachment":[{"href":"https:\/\/www.europesays.com\/fr\/wp-json\/wp\/v2\/media?parent=582846"}],"wp:term":[{"taxonomy":"category","embeddable":true,"href":"https:\/\/www.europesays.com\/fr\/wp-json\/wp\/v2\/categories?post=582846"},{"taxonomy":"post_tag","embeddable":true,"href":"https:\/\/www.europesays.com\/fr\/wp-json\/wp\/v2\/tags?post=582846"}],"curies":[{"name":"wp","href":"https:\/\/api.w.org\/{rel}","templated":true}]}}