{"id":582849,"date":"2025-12-06T20:28:14","date_gmt":"2025-12-06T20:28:14","guid":{"rendered":"https:\/\/www.europesays.com\/fr\/582849\/"},"modified":"2025-12-06T20:28:14","modified_gmt":"2025-12-06T20:28:14","slug":"christine-flandre-une-habitante-de-eu-publie-un-carnet-de-route-sur-les-traces-de-saint-laurent-otoole","status":"publish","type":"post","link":"https:\/\/www.europesays.com\/fr\/582849\/","title":{"rendered":"Christine Flandre, une habitante de Eu, publie un carnet de route sur les traces de Saint-Laurent O&rsquo;Toole"},"content":{"rendered":"<p>                    Par<br \/>\n        <strong><br \/>\n            <a href=\"https:\/\/actu.fr\/auteur\/jerome-buresi\" title=\"Consulter tous les articles de J\u00e9r\u00f4me Buresi\" target=\"_blank\" rel=\"noopener\">J\u00e9r\u00f4me Buresi<\/a><br \/>\n                    <\/strong><\/p>\n<p>        Publi\u00e9 le<\/p>\n<p>            6 d\u00e9c. 2025 \u00e0 20h16        <\/p>\n<p>Dans son nouvel ouvrage, <b>Christine Flandre<\/b>, habitante de <a href=\"https:\/\/actu.fr\/normandie\/eu_76255\" target=\"_blank\" rel=\"noopener\">Eu<\/a>, en Seine-Maritime, nous invite \u00e0 suivre les pas de <b>saint Laurent O\u2019Toole<\/b>, depuis <b>l\u2019Irlande<\/b> jusqu\u2019\u00e0 sa mort \u00e0 Eu en 1180. Il s\u2019agit d\u2019un album intitul\u00e9 Laurence O\u2019Toole, le voyage, publi\u00e9 aux \u00e9ditions Les Petits Ruisseaux.<\/p>\n<p class=\" wall-content\">En mars\u00a02025, Christine Flandre a publi\u00e9 un <a href=\"https:\/\/actu.fr\/normandie\/eu_76255\/christine-flandre-habitante-de-eu-ecrit-une-vie-romancee-de-saint-laurent-otoole_62338623.html\" target=\"_blank\" rel=\"noopener\">roman historique<\/a>, De sang, de tr\u00e8fles et de lauriers, en anglais et en fran\u00e7ais. Le livre narre une vie romanc\u00e9e de Laurent O\u2019Toole, notamment au moment de sa confrontation avec le roi d\u2019Angleterre, <b>Henry II Plantagen\u00eat<\/b>, colonisateur de l\u2019Irlande.<\/p>\n<p class=\" wall-content\">La ville d\u2019Eu a c\u00e9l\u00e9br\u00e9 cette ann\u00e9e les <b>800\u00a0ans de la canonisation<\/b> du saint homme.<\/p>\n<p class=\" wall-content\">Cet ouvrage est le point de d\u00e9part de ce nouveau projet \u00ab Tout le monde ne lit pas des romans \u00bb, souligne l\u2019auteure. \u00ab J\u2019ai eu alors l\u2019id\u00e9e d\u2019en tirer un autre ouvrage, un carnet de voyage sur les pas de saint Laurent \u00bb. Elle plaisante : \u00ab J\u2019ai travaill\u00e9 dans le marketing, les id\u00e9es ne manquent pas, mais il faut ensuite les concr\u00e9tiser \u00bb.<\/p>\n<p class=\" wall-content\">L\u2019album reprend des extraits du roman, illustr\u00e9s des photos de l\u2019auteure ou de dessins num\u00e9riques. \u00ab La premi\u00e8re de couverture est un coucher de soleil au\u00a0Tr\u00e9port, vu de l\u2019arriv\u00e9e du funiculaire. La derni\u00e8re de couverture est la chapelle Saint-Laurent, au soleil levant, un jour de brouillard \u00bb.<\/p>\n<p class=\" wall-content\">Le livre suit les traces de Laurent O\u2019Toole et de Henry II. \u00ab Partant de l\u2019Irlande, on chemine en Angleterre, \u00e0 Rome, en Anjou, en Normandie pour finir sur des illustrations d\u2019Eu \u00bb.<\/p>\n<p>Vid\u00e9os : en ce moment sur ActuUne pr\u00e9sentation en Irlande<\/p>\n<p class=\" wall-content\">Les textes sont r\u00e9dig\u00e9s en fran\u00e7ais et en anglais. Cela a donn\u00e9 l\u2019occasion \u00e0 Christine Flandre de pr\u00e9senter cet opus en Irlande \u00e0 l\u2019occasion des c\u00e9l\u00e9brations irlandaises du 800e anniversaire de la canonisation de Saint-Laurent O\u2019Toole. Elles se sont tenues les 13 et 14 novembre 2025 \u00e0 Dublin. \u00ab La <a href=\"https:\/\/christchurchcathedral.ie\/\" target=\"_blank\" rel=\"noopener\">cath\u00e9drale Christ Church<\/a> m\u2019a invit\u00e9e \u00e0 pr\u00e9senter ce dernier ouvrage\u00bb, explique-t-elle.<\/p>\n<p>Votre r\u00e9gion, votre actu !<\/p>\n<p>Recevez chaque jour les infos qui comptent pour vous.<\/p>\n<p>\t<a href=\"https:\/\/actu.fr\/newsletter\" class=\"ac-btn ac-btn--corner ac-btn--medium ac-btn--blue800\" target=\"_blank\" rel=\"noopener\">S&rsquo;incrire<\/a><\/p>\n<p class=\" wall-content\">L\u2019\u00e9difice religieux anglican conserve le reliquaire du c\u0153ur de saint Laurent. \u00ab J\u2019ai d\u00e9dicac\u00e9 le livre dans la crypte de la cath\u00e9drale. C\u2019\u00e9tait tr\u00e8s \u00e9mouvant d\u2019\u00eatre l\u00e0-bas et de pouvoir rencontrer des Irlandais\u00bb.<\/p>\n<p class=\" wall-content\">Elle juge important de maintenir les liens entre la ville d\u2019Eu et l\u2019Irlande.<\/p>\n<p class=\" wall-content\">Elle travaille maintenant \u00e0 la r\u00e9daction d\u2019un nouveau livre pour une publication envisag\u00e9e en 2027.<\/p>\n<p>L\u2019album est paru aux \u00e9ditions Les petits ruisseaux. L\u2019auteure indique qu\u2019il est notamment disponible \u00e0 la maison de la presse et \u00e0 l\u2019office de tourisme de Eu.<\/p>\n<p class=\" wall-content\">Personnalisez votre actualit\u00e9 en ajoutant vos villes et m\u00e9dias en favori avec <a href=\"https:\/\/moncompte.actu.fr\" title=\"D\u00e9couvez Mon Actu\" rel=\"nofollow noopener\" data-trk=\"{&quot;cta&quot;:{&quot;action&quot;:&quot;https:\\\/\\\/moncompte.actu.fr&quot;,&quot;category&quot;:&quot;mon compte&quot;,&quot;from&quot;:&quot;article footer&quot;,&quot;name&quot;:&quot;Mon actu&quot;,&quot;type&quot;:&quot;cta&quot;}}\" target=\"_blank\">Mon Actu<\/a>.<\/p>\n","protected":false},"excerpt":{"rendered":"Par J\u00e9r\u00f4me Buresi Publi\u00e9 le 6 d\u00e9c. 2025 \u00e0 20h16 Dans son nouvel ouvrage, Christine Flandre, habitante de&hellip;\n","protected":false},"author":2,"featured_media":582850,"comment_status":"","ping_status":"","sticky":false,"template":"","format":"standard","meta":{"footnotes":""},"categories":[1586],"tags":[11,1777,674,1779,1011,27,937,516,1380,1652,12,25,1778,364],"class_list":{"0":"post-582849","1":"post","2":"type-post","3":"status-publish","4":"format-standard","5":"has-post-thumbnail","7":"category-europe","8":"tag-actualites","9":"tag-eu","10":"tag-europe","11":"tag-european-union","12":"tag-fr","13":"tag-france","14":"tag-histoire","15":"tag-irlande","16":"tag-livres","17":"tag-loisirs-culture","18":"tag-news","19":"tag-republique-francaise","20":"tag-ue","21":"tag-union-europeenne"},"share_on_mastodon":{"url":"https:\/\/pubeurope.com\/@fr\/115674513670951901","error":""},"_links":{"self":[{"href":"https:\/\/www.europesays.com\/fr\/wp-json\/wp\/v2\/posts\/582849","targetHints":{"allow":["GET"]}}],"collection":[{"href":"https:\/\/www.europesays.com\/fr\/wp-json\/wp\/v2\/posts"}],"about":[{"href":"https:\/\/www.europesays.com\/fr\/wp-json\/wp\/v2\/types\/post"}],"author":[{"embeddable":true,"href":"https:\/\/www.europesays.com\/fr\/wp-json\/wp\/v2\/users\/2"}],"replies":[{"embeddable":true,"href":"https:\/\/www.europesays.com\/fr\/wp-json\/wp\/v2\/comments?post=582849"}],"version-history":[{"count":0,"href":"https:\/\/www.europesays.com\/fr\/wp-json\/wp\/v2\/posts\/582849\/revisions"}],"wp:featuredmedia":[{"embeddable":true,"href":"https:\/\/www.europesays.com\/fr\/wp-json\/wp\/v2\/media\/582850"}],"wp:attachment":[{"href":"https:\/\/www.europesays.com\/fr\/wp-json\/wp\/v2\/media?parent=582849"}],"wp:term":[{"taxonomy":"category","embeddable":true,"href":"https:\/\/www.europesays.com\/fr\/wp-json\/wp\/v2\/categories?post=582849"},{"taxonomy":"post_tag","embeddable":true,"href":"https:\/\/www.europesays.com\/fr\/wp-json\/wp\/v2\/tags?post=582849"}],"curies":[{"name":"wp","href":"https:\/\/api.w.org\/{rel}","templated":true}]}}