{"id":582855,"date":"2025-12-06T20:33:46","date_gmt":"2025-12-06T20:33:46","guid":{"rendered":"https:\/\/www.europesays.com\/fr\/582855\/"},"modified":"2025-12-06T20:33:46","modified_gmt":"2025-12-06T20:33:46","slug":"en-direct-miss-france-2026-qui-succedera-a-angelique-angarni-filopon-suivez-la-ceremonie-avec-nous","status":"publish","type":"post","link":"https:\/\/www.europesays.com\/fr\/582855\/","title":{"rendered":"EN DIRECT &#8211; Miss France 2026 : qui succ\u00e8dera \u00e0 Ang\u00e9lique Angarni-Filopon ? Suivez la c\u00e9r\u00e9monie avec nous"},"content":{"rendered":"<p>Comme chante Mariah Carey, \u00ab\u00a0it&rsquo;s tiiiiiime\u00a0\u00bb.\u00a0<\/p>\n<p>Trois anciennes Miss ouvrent le bal : Laury Thilleman, Elodie Gossuin et Sylvie Tellier racontent l&rsquo;histoire de Miss France. \u00ab\u00a0Ce soir, un destin va basculer\u00a0\u00bb, annonce Laury Thilleman, \u00ab\u00a0et ce soir, le voyage continue\u00a0\u00bb !\u00a0<\/p>\n<p>Place donc au tableau d&rsquo;ouverture et cette ann\u00e9e. Cette ann\u00e9e, le voyage est \u00e0 l&rsquo;honneur. Les candidates \u00e0 la succession d&rsquo;Ang\u00e9lique Angarni-Filopon enflamment le Z\u00e9nith d\u2019Amiens dans une ambiance survolt\u00e9e. Robes \u00e0 paillettes et capes en tulle sont de rigueur pour ce premier tableau.<\/p>\n<p>L&rsquo;\u00e9motion est d\u00e9j\u00e0 au rendez-vous pour Miss France 2025 qui n&rsquo;a pas r\u00e9ussi \u00e0 retenir ses larmes en faisant son apparition sur la sc\u00e8ne.\u00a0<\/p>\n","protected":false},"excerpt":{"rendered":"Comme chante Mariah Carey, \u00ab\u00a0it&rsquo;s tiiiiiime\u00a0\u00bb.\u00a0 Trois anciennes Miss ouvrent le bal : Laury Thilleman, Elodie Gossuin et&hellip;\n","protected":false},"author":2,"featured_media":582856,"comment_status":"","ping_status":"","sticky":false,"template":"","format":"standard","meta":{"footnotes":""},"categories":[4],"tags":[1111,11,1921,1011,27,1922,9917,2041,3034,64682,12,25,199,133,2040],"class_list":{"0":"post-582855","1":"post","2":"type-post","3":"status-publish","4":"format-standard","5":"has-post-thumbnail","7":"category-france","8":"tag-actu","9":"tag-actualites","10":"tag-article-video","11":"tag-fr","12":"tag-france","13":"tag-info","14":"tag-jean-pierre-foucault","15":"tag-medias-et-divertissement","16":"tag-miss-france","17":"tag-miss-france-2026-quelle-candidate-succedera-a-angelique-angarni-filopon","18":"tag-news","19":"tag-republique-francaise","20":"tag-tf1","21":"tag-video","22":"tag-video-culture"},"share_on_mastodon":{"url":"https:\/\/pubeurope.com\/@fr\/115674533277522437","error":""},"_links":{"self":[{"href":"https:\/\/www.europesays.com\/fr\/wp-json\/wp\/v2\/posts\/582855","targetHints":{"allow":["GET"]}}],"collection":[{"href":"https:\/\/www.europesays.com\/fr\/wp-json\/wp\/v2\/posts"}],"about":[{"href":"https:\/\/www.europesays.com\/fr\/wp-json\/wp\/v2\/types\/post"}],"author":[{"embeddable":true,"href":"https:\/\/www.europesays.com\/fr\/wp-json\/wp\/v2\/users\/2"}],"replies":[{"embeddable":true,"href":"https:\/\/www.europesays.com\/fr\/wp-json\/wp\/v2\/comments?post=582855"}],"version-history":[{"count":0,"href":"https:\/\/www.europesays.com\/fr\/wp-json\/wp\/v2\/posts\/582855\/revisions"}],"wp:featuredmedia":[{"embeddable":true,"href":"https:\/\/www.europesays.com\/fr\/wp-json\/wp\/v2\/media\/582856"}],"wp:attachment":[{"href":"https:\/\/www.europesays.com\/fr\/wp-json\/wp\/v2\/media?parent=582855"}],"wp:term":[{"taxonomy":"category","embeddable":true,"href":"https:\/\/www.europesays.com\/fr\/wp-json\/wp\/v2\/categories?post=582855"},{"taxonomy":"post_tag","embeddable":true,"href":"https:\/\/www.europesays.com\/fr\/wp-json\/wp\/v2\/tags?post=582855"}],"curies":[{"name":"wp","href":"https:\/\/api.w.org\/{rel}","templated":true}]}}