{"id":582862,"date":"2025-12-06T20:44:11","date_gmt":"2025-12-06T20:44:11","guid":{"rendered":"https:\/\/www.europesays.com\/fr\/582862\/"},"modified":"2025-12-06T20:44:11","modified_gmt":"2025-12-06T20:44:11","slug":"mathieu-van-der-poel-se-fait-tres-peur-au-sprint-face-a-anatole-leboucher-actualite","status":"publish","type":"post","link":"https:\/\/www.europesays.com\/fr\/582862\/","title":{"rendered":"Mathieu Van der Poel se fait tr\u00e8s peur au sprint face \u00e0\u2026 Anatole Leboucher &#8211; Actualit\u00e9"},"content":{"rendered":"<p style=\"text-align: justify;\">C\u2019est un entra\u00eenement pas comme les autres qu\u2019il n\u2019est pas pr\u00e8s d\u2019oublier. En stage \u00e0 Calpe, en Espagne, depuis lundi dernier,\u00a0<strong><a href=\"https:\/\/www.directvelo.com\/coureur\/31032\/anatole-leboucher\" target=\"_blank\" rel=\"noopener\">Anatole Leboucher<\/a><\/strong> est tomb\u00e9 sur deux grosses stars du peloton international ce samedi sur les routes espagnoles : Julian Alaphilippe et Mathieu Van der Poel, lesquels tournaient les pattes avec quelques autres compagnons de route. \u201cJ\u2019ai voulu les rattraper et une fois avec eux, je me suis permis de demander \u00e0 Van der Poel s\u2019il \u00e9tait OK pour faire quelques sprints avec moi\u201d.<\/p>\n<p style=\"text-align: justify;\">Visiblement tout sourire, le N\u00e9erlandais accepte le pari, alors que le soci\u00e9taire de l\u2019UC Cholet 49, vainqueur de plusieurs sprints cette saison, avait pr\u00e9cis\u00e9 \u00e0 \u00ab MVDP \u00bb qu\u2019il s\u2019agirait pour lui d\u2019un bon entra\u00eenement avant de se frotter \u00e0\u2026 Paul Magnier ce lundi. \u201cJ\u2019ai pr\u00e9cis\u00e9 \u00e0 Mathieu que je voulais qu\u2019il se livre \u00e0 100%, ce n\u2019\u00e9tait pas la peine qu\u2019il fasse semblant, et il \u00e9tait clairement chaud\u201d, d\u00e9crit-il aupr\u00e8s de DirectVelo.\u00a0<br \/><strong>\u00ab JE M\u2019EN SERAIS VOULU \u00bb <\/strong><strong><br \/><\/strong><strong><br \/><\/strong>L\u00e9o David, lui aussi coureur de l\u2019UC Cholet 49, filme la sc\u00e8ne de dos. Sauf que rien ne se passe ensuite comme pr\u00e9vu. Mathieu Van der Poel d\u00e9chausse au moment de lancer son premier sprint. Pas de quoi lui faire perdre son sourire, pour le moment. Il m\u2019a dit : \u201ccha\u00eene neuve !\u201d, en rigolant encore. Le deuxi\u00e8me sprint sera le dernier. <strong><a href=\"https:\/\/www.instagram.com\/reels\/DR7Ix84ivvP\/\" target=\"_blank\" rel=\"noopener\">Cette fois-ci, l\u2019homme aux huit Monuments manque de finir au sol dans un num\u00e9ro d\u2019\u00e9quilibriste<\/a><\/strong>. \u201cJe n\u2019ai pas trop compris ce qu\u2019il a fait. Cette fois-ci, on a un peu moins rigol\u00e9&#8230;\u201d. Pas question de tenter le diable sur un troisi\u00e8me sprint. \u201cL\u00e0, c\u2019\u00e9tait fini. Mais on a regard\u00e9 la vid\u00e9o apr\u00e8s coup et il a encore rigol\u00e9\u201d, assure Anatole Leboucher.<br \/>La vid\u00e9o devient virale et le futur soci\u00e9taire de la Conti F\u00e9d\u00e9rale du VC Rouen 76 a coup\u00e9 les notifications du t\u00e9l\u00e9phone. \u201cDes comptes qui ont des millions de followers ont partag\u00e9 la vid\u00e9o, il y a des articles et des journalistes belges me contactent depuis tout \u00e0 l\u2019heure pour avoir des d\u00e9tails\u201d, pr\u00e9cise le coureur de 23 ans, vainqueur \u00e0 six reprises en 2025. \u201cL\u2019air de rien, je m\u2019en serais voulu s\u2019il \u00e9tait tomb\u00e9 et que \u00e7a avait ruin\u00e9 ses prochains objectifs en cyclo-cross. \u00c7a n\u2019aurait pas \u00e9t\u00e9 directement de ma faute mais c\u2019est moi qui lui ai propos\u00e9 de sprinter\u201d. Tout est bien qui finit bien et nul doute qu\u2019Anatole Leboucher aura de nombreuses occasions de raconter cette anecdote pendant tr\u00e8s longtemps. En attendant, il esp\u00e8re pouvoir sprinter pour de bon, ce lundi, face \u00e0 Paul Magnier. \u201cEt je pense qu\u2019il est encore plus rapide, alors ce sera tr\u00e8s tr\u00e8s dur !\u201d.\u00a0<\/p>\n<p>\u00a0<\/p>\n<p>\t\t<script async src=\"\/\/www.instagram.com\/embed.js\"><\/script><\/p>\n","protected":false},"excerpt":{"rendered":"C\u2019est un entra\u00eenement pas comme les autres qu\u2019il n\u2019est pas pr\u00e8s d\u2019oublier. En stage \u00e0 Calpe, en Espagne,&hellip;\n","protected":false},"author":2,"featured_media":582863,"comment_status":"","ping_status":"","sticky":false,"template":"","format":"standard","meta":{"footnotes":""},"categories":[1411],"tags":[834,828,836,829,837,827,83,826,824,823,1154,207,814,817,815,816,822,821,832,211,839,1011,27,820,818,819,835,831,830,833,838,60,212,208,825],"class_list":{"0":"post-582862","1":"post","2":"type-post","3":"status-publish","4":"format-standard","5":"has-post-thumbnail","7":"category-cyclisme","8":"tag-attaque","9":"tag-belgique","10":"tag-braquet","11":"tag-bretagne","12":"tag-chute","13":"tag-competition","14":"tag-coupe-de-france","15":"tag-coureur","16":"tag-course-cyclisme","17":"tag-course-cycliste","18":"tag-cycling","19":"tag-cyclisme","20":"tag-direct","21":"tag-direct-velo","22":"tag-directvelo","23":"tag-directvelo-com","24":"tag-epreuve","25":"tag-epreuve-cycliste","26":"tag-federation-francaise-de-cyclisme","27":"tag-ffc","28":"tag-flandres","29":"tag-fr","30":"tag-france","31":"tag-live","32":"tag-live-course","33":"tag-live-epreuve","34":"tag-peloton","35":"tag-radio-peloton","36":"tag-radio-tour","37":"tag-ravitaillement","38":"tag-relance","39":"tag-sports","40":"tag-uci","41":"tag-velo","42":"tag-velos"},"share_on_mastodon":{"url":"https:\/\/pubeurope.com\/@fr\/115674576643379582","error":""},"_links":{"self":[{"href":"https:\/\/www.europesays.com\/fr\/wp-json\/wp\/v2\/posts\/582862","targetHints":{"allow":["GET"]}}],"collection":[{"href":"https:\/\/www.europesays.com\/fr\/wp-json\/wp\/v2\/posts"}],"about":[{"href":"https:\/\/www.europesays.com\/fr\/wp-json\/wp\/v2\/types\/post"}],"author":[{"embeddable":true,"href":"https:\/\/www.europesays.com\/fr\/wp-json\/wp\/v2\/users\/2"}],"replies":[{"embeddable":true,"href":"https:\/\/www.europesays.com\/fr\/wp-json\/wp\/v2\/comments?post=582862"}],"version-history":[{"count":0,"href":"https:\/\/www.europesays.com\/fr\/wp-json\/wp\/v2\/posts\/582862\/revisions"}],"wp:featuredmedia":[{"embeddable":true,"href":"https:\/\/www.europesays.com\/fr\/wp-json\/wp\/v2\/media\/582863"}],"wp:attachment":[{"href":"https:\/\/www.europesays.com\/fr\/wp-json\/wp\/v2\/media?parent=582862"}],"wp:term":[{"taxonomy":"category","embeddable":true,"href":"https:\/\/www.europesays.com\/fr\/wp-json\/wp\/v2\/categories?post=582862"},{"taxonomy":"post_tag","embeddable":true,"href":"https:\/\/www.europesays.com\/fr\/wp-json\/wp\/v2\/tags?post=582862"}],"curies":[{"name":"wp","href":"https:\/\/api.w.org\/{rel}","templated":true}]}}