{"id":582865,"date":"2025-12-06T20:46:16","date_gmt":"2025-12-06T20:46:16","guid":{"rendered":"https:\/\/www.europesays.com\/fr\/582865\/"},"modified":"2025-12-06T20:46:16","modified_gmt":"2025-12-06T20:46:16","slug":"le-scenariste-et-ecrivain-francais-tito-topin-createur-de-liconique-serie-navarro-est-mort-ouest-france","status":"publish","type":"post","link":"https:\/\/www.europesays.com\/fr\/582865\/","title":{"rendered":"Le sc\u00e9nariste et \u00e9crivain fran\u00e7ais Tito Topin, cr\u00e9ateur de l\u2019iconique s\u00e9rie \u00ab Navarro \u00bb, est mort &#8211; Ouest-France"},"content":{"rendered":"<ol>\n<li><a href=\"https:\/\/news.google.com\/rss\/articles\/CBMi_gFBVV95cUxObmdSbVhxcVdFZlBobHdtbmhEdi1pa0dEeDgxbUdyRUx1ZC1GdVhFZFI3c0N0TlhiRk15a0VMeUZPOHhFc3ZCbkUwenlsOWMzb0tpZko4eHlYMm02eFI0NS1zZlBxVXVjVnAwZmxuUUhjaWV4S0JOVzNlb2xFN0Z5cTV4aFpIWlJCbUFpU050c215enBuSmdMSE5XU2JnbEg0ZEZxTFRwZW5lTWNRbTlJc1Qyb1ZPaGpZRjBhRXh3TDdQOGpibE8wWUtzSHktVGsxNmtIRmYwaTdHZHVSaXUwampIUmVjUWVqamYteVBPTFpPSW5UQ0VMVTJZYVd5dw?oc=5\" target=\"_blank\" rel=\"noopener\">Le sc\u00e9nariste et \u00e9crivain fran\u00e7ais Tito Topin, cr\u00e9ateur de l\u2019iconique s\u00e9rie \u00ab Navarro \u00bb, est mort<\/a>&nbsp;&nbsp;Ouest-France<\/li>\n<li><a href=\"https:\/\/news.google.com\/rss\/articles\/CBMiwwFBVV95cUxPNEQwWlZGeGNabDh4Q1B1M2tpZWdVSWFnQks2MXNHY2piUlhPNm9jWjNGMGlabzE4eHZqdHdmVUZzeVQwY3JKWEswWHBfMWdRU3c5enl1RThJZ1h5N0tOTURYN3hwZU40bmREUDdlMEk0OU50N202aWZvTHBndGUzX0ZpeF9heDN6QVczSlVtRFlVOGlSZ2VmM2hNWWlYb3NjbV9zQmJsQmJPeXNfM3hEZUZMdkZtOVNTdUp3cU01OUxxdVE?oc=5\" target=\"_blank\" rel=\"noopener\">Tito Topin, cr\u00e9ateur de la s\u00e9rie \u00ab Navarro \u00bb, est d\u00e9c\u00e9d\u00e9 \u00e0 93 ans<\/a>&nbsp;&nbsp;20 Minutes<\/li>\n<li><a href=\"https:\/\/news.google.com\/rss\/articles\/CBMiygFBVV95cUxPWnpqazRyUVYzWkF6elhOdDBIN0tzU08yOW9SZmdFaU9wMlBxU1FMR2ZldjlPUmFOaUlBbmhlZktfcXI5QWduT0E2eVhoN21RRUtiVFRvNGtYcW1oVkk3VHJ1eU81N3lhMkNSNm5XcktNVXF6OHcyN2F0alJSVkN1TjZzd3BJUXp4TUxDOWRqNmVoYXBWS0s0MjhfRU9ocnIwbllrZHFFa1lTZU1FcEJYZlZBQkdGbFo3dmdKTVRPckc5NmpTLVEzLU1B?oc=5\" target=\"_blank\" rel=\"noopener\">Disparition. Il a cr\u00e9\u00e9 la s\u00e9rie culte Navarro : le sc\u00e9nariste et \u00e9crivain Tito Topin est d\u00e9c\u00e9d\u00e9<\/a>&nbsp;&nbsp;Le Dauphin\u00e9 Lib\u00e9r\u00e9<\/li>\n<li><a href=\"https:\/\/news.google.com\/rss\/articles\/CBMi2wFBVV95cUxQZy1aSXVXRkdORjc1cDRNWjFwRHJES05jUGZfRnBJYmZKVzNQRV9qdUlFUl9uVWV0VjA4azE2cWd5NEQzQko3WDJjdFlBWlhKaHFGenFVQWRsZHEyZlFfbDB5SE0xRXZ1VUlFREpjYlZXdjI3d2ZKQk5nNDl6VVpPdHljRW9FS0VKMklMMkZua1ZxeGZjZ3RwNTcza0Jnd1ctc1JSY25GUEZJcHpmdW9aUXF0eElCcks1eGVUaFFKQVdhd0NRQjhGVVFuR25MbDc3Ri04cmVyYzF1Q2s?oc=5\" target=\"_blank\" rel=\"noopener\">Tito Topin, cr\u00e9ateur de la s\u00e9rie \u00ab\u00a0Navarro\u00a0\u00bb et auteur de polars, est mort \u00e0 l&rsquo;\u00e2ge de 93 ans<\/a>&nbsp;&nbsp;BFM<\/li>\n<li><a href=\"https:\/\/news.google.com\/rss\/articles\/CBMi0gFBVV95cUxPSS0yRWdtcE95dUE1SmNCVXhKRWdDSXV4bmZUVkdHdlFuWTh4VTNra09EOTRiSTYyNlVxNGZCRDFQeXhGT3NBUUlybE5FVGt4QUtuZ2dLZkhRclFiWVhmaEVpVzJ2LVVCZWRVU2tJT1NYQ1Ryb2JEcklVeWRGelFzTWJMLWJhbWxnVzl2MjNRWFRUSnR0dnJlOHFOcmFYTVdGUFhaUEVrQWVfWEtYbnhWak1NU3ZDYUlObWszcUFhSXdZMzlLZU1GMlc4S3g3QjlIdmc?oc=5\" target=\"_blank\" rel=\"noopener\">Il \u00e9tait le cr\u00e9ateur de la s\u00e9rie t\u00e9l\u00e9 \u00ab\u00a0Navarro\u00a0\u00bb : l&rsquo;\u00e9crivain et sc\u00e9nariste Tito Topin est mort<\/a>&nbsp;&nbsp;Actu.fr<\/li>\n<\/ol>\n","protected":false},"excerpt":{"rendered":"Le sc\u00e9nariste et \u00e9crivain fran\u00e7ais Tito Topin, cr\u00e9ateur de l\u2019iconique s\u00e9rie \u00ab Navarro \u00bb, est mort&nbsp;&nbsp;Ouest-France Tito Topin,&hellip;\n","protected":false},"author":2,"featured_media":395849,"comment_status":"","ping_status":"","sticky":false,"template":"","format":"standard","meta":{"footnotes":""},"categories":[1359],"tags":[58,59,1011,27,973],"class_list":{"0":"post-582865","1":"post","2":"type-post","3":"status-publish","4":"format-standard","5":"has-post-thumbnail","7":"category-people","8":"tag-divertissement","9":"tag-entertainment","10":"tag-fr","11":"tag-france","12":"tag-people"},"share_on_mastodon":{"url":"https:\/\/pubeurope.com\/@fr\/115674584443038961","error":""},"_links":{"self":[{"href":"https:\/\/www.europesays.com\/fr\/wp-json\/wp\/v2\/posts\/582865","targetHints":{"allow":["GET"]}}],"collection":[{"href":"https:\/\/www.europesays.com\/fr\/wp-json\/wp\/v2\/posts"}],"about":[{"href":"https:\/\/www.europesays.com\/fr\/wp-json\/wp\/v2\/types\/post"}],"author":[{"embeddable":true,"href":"https:\/\/www.europesays.com\/fr\/wp-json\/wp\/v2\/users\/2"}],"replies":[{"embeddable":true,"href":"https:\/\/www.europesays.com\/fr\/wp-json\/wp\/v2\/comments?post=582865"}],"version-history":[{"count":0,"href":"https:\/\/www.europesays.com\/fr\/wp-json\/wp\/v2\/posts\/582865\/revisions"}],"wp:featuredmedia":[{"embeddable":true,"href":"https:\/\/www.europesays.com\/fr\/wp-json\/wp\/v2\/media\/395849"}],"wp:attachment":[{"href":"https:\/\/www.europesays.com\/fr\/wp-json\/wp\/v2\/media?parent=582865"}],"wp:term":[{"taxonomy":"category","embeddable":true,"href":"https:\/\/www.europesays.com\/fr\/wp-json\/wp\/v2\/categories?post=582865"},{"taxonomy":"post_tag","embeddable":true,"href":"https:\/\/www.europesays.com\/fr\/wp-json\/wp\/v2\/tags?post=582865"}],"curies":[{"name":"wp","href":"https:\/\/api.w.org\/{rel}","templated":true}]}}