{"id":582866,"date":"2025-12-06T20:47:20","date_gmt":"2025-12-06T20:47:20","guid":{"rendered":"https:\/\/www.europesays.com\/fr\/582866\/"},"modified":"2025-12-06T20:47:20","modified_gmt":"2025-12-06T20:47:20","slug":"un-renoir-vendu-plusieurs-centaines-de-milliers-deuros-aux-encheres-a-paris","status":"publish","type":"post","link":"https:\/\/www.europesays.com\/fr\/582866\/","title":{"rendered":"un Renoir vendu plusieurs centaines de milliers d\u2019euros aux ench\u00e8res \u00e0 Paris"},"content":{"rendered":"<p class=\"fs-5 \">Un tableau de Renoir repr\u00e9sentant une \u00ab\u00a0Laveuse\u00a0\u00bb, dont un marchand d\u2019art juif avait \u00e9t\u00e9 spoli\u00e9 pendant la Seconde Guerre mondiale et qui avait \u00e9t\u00e9 restitu\u00e9 \u00e0 ses h\u00e9ritiers, a \u00e9t\u00e9 vendu vendredi 5\u00a0d\u00e9cembre,<strong> 303.312 euros frais inclus aux ench\u00e8res \u00e0 l\u2019H\u00f4tel Drouot \u00e0 Paris<\/strong>, a annonc\u00e9 la maison de ventes \u00e0 l\u2019AFP.<\/p>\n<p class=\"fs-5 \">La toile \u00e9tait estim\u00e9e entre 220.000 et 300.000 euros, et s\u2019\u00e9tait vendu 332.000 euros lors de pr\u00e9c\u00e9dentes ench\u00e8res dans la m\u00eame maison en 2023.<\/p>\n<p class=\"fs-5 \">Cette petite \u00ab\u00a0Laveuse\u00a0\u00bb de 30&#215;35 cm, peinte par Auguste Renoir autour de 1916, repr\u00e9sente <strong>trois silhouettes de femmes faites de touches color\u00e9es, devant une \u00e9tendue d\u2019eau, dans un d\u00e9cor bigarr\u00e9.<\/strong><\/p>\n<p class=\"fs-5 \">La toile diff\u00e8re de son style figuratif habituel\u00a0: \u00ab\u00a0On est \u00e0 la fronti\u00e8re de l\u2019abstraction et de la fin de l\u2019impressionnisme\u00a0\u00bb, a expliqu\u00e9 \u00e0 l\u2019AFP avant la vente Alexandre Giquello, commissaire-priseur et pr\u00e9sident de Drouot.<\/p>\n<p class=\"fs-5 \">Et l\u2019histoire de cette \u0153uvre a autant d\u2019int\u00e9r\u00eat que la peinture elle-m\u00eame.<\/p>\n<p>        <img src=\"https:\/\/www.europesays.com\/fr\/wp-content\/uploads\/2025\/12\/b2548aa_ftp-import-images-1-k4uiugdhxoc2-afp-79tv8ke.jpg\"   loading=\"lazy\" decoding=\"async\" alt=\"Prix de vente record en France pour cette oeuvre du peintre ni\u00e7ois Yves Klein. \" class=\"img-fluid position-absolute w-100 object-fit-cover rounded-2\" width=\"600\" height=\"400\"\/><\/p>\n<p>                                                                                <strong>Saisie par les nazis <\/strong><\/p>\n<p class=\"fs-5 \">Elle appartenait au marchand d\u2019art Alfred Weinberger, Hongrois \u00e9tabli \u00e0 Paris dans les ann\u00e9es 1920. Pendant la Seconde Guerre mondiale, elle a \u00e9t\u00e9 saisie par les nazis, comme toute sa collection qui comprenait cinq Renoir et un Delacroix.<\/p>\n<p class=\"fs-5 \">L\u2019un des Renoir confisqu\u00e9s, \u00ab\u00a0Deux femmes dans un jardin\u00a0\u00bb, a \u00e9t\u00e9 reconnu quand il a \u00e9t\u00e9 mis en vente aux \u00c9tats-Unis et restitu\u00e9 \u00e0 la petite-fille d\u2019Alfred Weinberger en 2018. Les autres tableaux n\u2019ont jamais refait surface.<\/p>\n<p class=\"fs-5 \">La \u00ab\u00a0Laveuse\u00a0\u00bb, elle, est <strong>r\u00e9apparue lors de l\u2019inventaire d\u2019une succession par la maison de ventes Giquello et a \u00e9t\u00e9 vendue chez Drouot en 2023.<\/strong> Mais ce n\u2019est qu\u2019apr\u00e8s la transaction, au moment des formalit\u00e9s, qu\u2019elle a attir\u00e9 l\u2019attention.<\/p>\n<p class=\"fs-5 \">Giquello a alors fait appel \u00e0 un cabinet d\u2019avocats allemand<strong> sp\u00e9cialis\u00e9 dans la recherche d\u2019objets d\u00e9rob\u00e9s par les nazis<\/strong> pour retrouver ses propri\u00e9taires l\u00e9gitimes et leur restituer leur bien, qu\u2019ils ont remis en vente.<\/p>\n<p class=\"fs-5 \">Cette \u00ab\u00a0Laveuse\u00a0\u00bb figurait pourtant d\u00e9j\u00e0 en photographie dans le moteur de recherche du gouvernement fran\u00e7ais sur les oeuvres confisqu\u00e9es, explique Alexandre Giquello.<\/p>\n<p class=\"fs-5 \">Avant la vente, \u00ab\u00a0notre expert, la Direction des mus\u00e9es de France, le Wildenstein Institute (dont les archives sont une r\u00e9f\u00e9rence dans le milieu de l\u2019art, ndlr)&#8230; Tout le monde s\u2019\u00e9tait pench\u00e9 sur ce tableau et personne n\u2019avait vu qu\u2019il avait \u00e9t\u00e9 vol\u00e9\u00a0\u00bb, raconte le commissaire-priseur.<\/p>\n<p class=\"fs-5 \">La \u00ab\u00a0Laveuse\u00a0\u00bb avait chang\u00e9 plusieurs fois de nom, ce qui <strong>la rendait introuvable dans les bases de donn\u00e9es.<\/strong><\/p>\n<p class=\"fs-5 \">Un autre Renoir, \u00ab\u00a0L\u2019enfant et ses jouets\u00a0\u00bb qui repr\u00e9sente le fils du peintre, le futur cin\u00e9aste Jean Renoir, et sa nourrice, a \u00e9t\u00e9 vendu 1,8 million d\u2019euros chez Drouot le 25 novembre.<\/p>\n","protected":false},"excerpt":{"rendered":"Un tableau de Renoir repr\u00e9sentant une \u00ab\u00a0Laveuse\u00a0\u00bb, dont un marchand d\u2019art juif avait \u00e9t\u00e9 spoli\u00e9 pendant la Seconde&hellip;\n","protected":false},"author":2,"featured_media":582867,"comment_status":"","ping_status":"","sticky":false,"template":"","format":"standard","meta":{"footnotes":""},"categories":[1358],"tags":[1348,1384,1385,1386,58,59,1011,27],"class_list":{"0":"post-582866","1":"post","2":"type-post","3":"status-publish","4":"format-standard","5":"has-post-thumbnail","7":"category-arts-et-design","8":"tag-arts","9":"tag-arts-and-design","10":"tag-arts-et-design","11":"tag-design","12":"tag-divertissement","13":"tag-entertainment","14":"tag-fr","15":"tag-france"},"share_on_mastodon":{"url":"https:\/\/pubeurope.com\/@fr\/115674589035308897","error":""},"_links":{"self":[{"href":"https:\/\/www.europesays.com\/fr\/wp-json\/wp\/v2\/posts\/582866","targetHints":{"allow":["GET"]}}],"collection":[{"href":"https:\/\/www.europesays.com\/fr\/wp-json\/wp\/v2\/posts"}],"about":[{"href":"https:\/\/www.europesays.com\/fr\/wp-json\/wp\/v2\/types\/post"}],"author":[{"embeddable":true,"href":"https:\/\/www.europesays.com\/fr\/wp-json\/wp\/v2\/users\/2"}],"replies":[{"embeddable":true,"href":"https:\/\/www.europesays.com\/fr\/wp-json\/wp\/v2\/comments?post=582866"}],"version-history":[{"count":0,"href":"https:\/\/www.europesays.com\/fr\/wp-json\/wp\/v2\/posts\/582866\/revisions"}],"wp:featuredmedia":[{"embeddable":true,"href":"https:\/\/www.europesays.com\/fr\/wp-json\/wp\/v2\/media\/582867"}],"wp:attachment":[{"href":"https:\/\/www.europesays.com\/fr\/wp-json\/wp\/v2\/media?parent=582866"}],"wp:term":[{"taxonomy":"category","embeddable":true,"href":"https:\/\/www.europesays.com\/fr\/wp-json\/wp\/v2\/categories?post=582866"},{"taxonomy":"post_tag","embeddable":true,"href":"https:\/\/www.europesays.com\/fr\/wp-json\/wp\/v2\/tags?post=582866"}],"curies":[{"name":"wp","href":"https:\/\/api.w.org\/{rel}","templated":true}]}}