{"id":582870,"date":"2025-12-06T20:50:25","date_gmt":"2025-12-06T20:50:25","guid":{"rendered":"https:\/\/www.europesays.com\/fr\/582870\/"},"modified":"2025-12-06T20:50:25","modified_gmt":"2025-12-06T20:50:25","slug":"la-bentley-du-rappeur-achetee-220-000-e-mise-aux-encheres-a-prix-casse","status":"publish","type":"post","link":"https:\/\/www.europesays.com\/fr\/582870\/","title":{"rendered":"la Bentley du rappeur, achet\u00e9e 220 000 \u20ac, mise aux ench\u00e8res \u00e0 prix cass\u00e9"},"content":{"rendered":"<p>Il s\u2019agit d\u2019une Bentley Bentayga noire de 2017, un mod\u00e8le exclusif \u00e9quip\u00e9 d\u2019un moteur V8 que l\u2019artiste avait fi\u00e8rement affich\u00e9 sur ses r\u00e9seaux sociaux et m\u00eame c\u00e9l\u00e9br\u00e9 dans une chanson \u00e9ponyme en 2018. Achet\u00e9 neuf pour plus de 220\u00a0000 euros, le SUV peine pour l\u2019instant \u00e0 atteindre sa valeur d\u2019origine, l\u2019offre la plus \u00e9lev\u00e9e plafonnant \u00e0 un peu plus de 62\u00a0000 euros sur une plateforme \u00e9tatique.<\/p>\n<p><strong>\u00c0 lire\u00a0: <a href=\"https:\/\/www.bladi.net\/pays-bas-ennuis-judiciaires-ali-accusation-viols,108607.html\" class=\"spip_in\" target=\"_blank\" rel=\"noopener\">Pays-Bas\u00a0: bient\u00f4t le proc\u00e8s du rappeur marocain Ali B., accus\u00e9 de viols<\/a><\/strong><\/p>\n<p>La vente est pilot\u00e9e par l\u2019organisme d\u00e9pendant du minist\u00e8re des Finances charg\u00e9 d\u2019\u00e9couler les biens saisis. Bien que le rappeur ait tent\u00e9 de vendre le v\u00e9hicule en 2023, le transfert de propri\u00e9t\u00e9 n\u2019avait jamais \u00e9t\u00e9 finalis\u00e9 administrativement, laissant la voiture enregistr\u00e9e \u00e0 son nom.<\/p>\n<p><strong>\u00c0 lire\u00a0: <a href=\"https:\/\/www.bladi.net\/celebre-rappeur-marocain-condamne-prison-pays-bas,109391.html\" class=\"spip_in\" target=\"_blank\" rel=\"noopener\">Un c\u00e9l\u00e8bre rappeur marocain condamn\u00e9 \u00e0 de la prison aux Pays-Bas<\/a><\/strong><\/p>\n<p>Cette liquidation intervient alors qu\u2019Ali B attend son proc\u00e8s en appel. Le tribunal l\u2019a reconnu coupable d\u2019agressions sexuelles graves sur deux femmes. Ni son avocat, Bart Swier, ni l\u2019administration fiscale n\u2019ont souhait\u00e9 commenter cette proc\u00e9dure de saisie. Les ench\u00e8res se cl\u00f4tureront le mercredi 10 d\u00e9cembre, apr\u00e8s une unique session de visite pr\u00e9vue \u00e0 Soesterberg.<\/p>\n","protected":false},"excerpt":{"rendered":"Il s\u2019agit d\u2019une Bentley Bentayga noire de 2017, un mod\u00e8le exclusif \u00e9quip\u00e9 d\u2019un moteur V8 que l\u2019artiste avait&hellip;\n","protected":false},"author":2,"featured_media":582871,"comment_status":"","ping_status":"","sticky":false,"template":"","format":"standard","meta":{"footnotes":""},"categories":[1355],"tags":[58,59,1011,27,1361,873],"class_list":{"0":"post-582870","1":"post","2":"type-post","3":"status-publish","4":"format-standard","5":"has-post-thumbnail","7":"category-musique","8":"tag-divertissement","9":"tag-entertainment","10":"tag-fr","11":"tag-france","12":"tag-music","13":"tag-musique"},"share_on_mastodon":{"url":"https:\/\/pubeurope.com\/@fr\/115674600240243312","error":""},"_links":{"self":[{"href":"https:\/\/www.europesays.com\/fr\/wp-json\/wp\/v2\/posts\/582870","targetHints":{"allow":["GET"]}}],"collection":[{"href":"https:\/\/www.europesays.com\/fr\/wp-json\/wp\/v2\/posts"}],"about":[{"href":"https:\/\/www.europesays.com\/fr\/wp-json\/wp\/v2\/types\/post"}],"author":[{"embeddable":true,"href":"https:\/\/www.europesays.com\/fr\/wp-json\/wp\/v2\/users\/2"}],"replies":[{"embeddable":true,"href":"https:\/\/www.europesays.com\/fr\/wp-json\/wp\/v2\/comments?post=582870"}],"version-history":[{"count":0,"href":"https:\/\/www.europesays.com\/fr\/wp-json\/wp\/v2\/posts\/582870\/revisions"}],"wp:featuredmedia":[{"embeddable":true,"href":"https:\/\/www.europesays.com\/fr\/wp-json\/wp\/v2\/media\/582871"}],"wp:attachment":[{"href":"https:\/\/www.europesays.com\/fr\/wp-json\/wp\/v2\/media?parent=582870"}],"wp:term":[{"taxonomy":"category","embeddable":true,"href":"https:\/\/www.europesays.com\/fr\/wp-json\/wp\/v2\/categories?post=582870"},{"taxonomy":"post_tag","embeddable":true,"href":"https:\/\/www.europesays.com\/fr\/wp-json\/wp\/v2\/tags?post=582870"}],"curies":[{"name":"wp","href":"https:\/\/api.w.org\/{rel}","templated":true}]}}