{"id":582872,"date":"2025-12-06T20:51:23","date_gmt":"2025-12-06T20:51:23","guid":{"rendered":"https:\/\/www.europesays.com\/fr\/582872\/"},"modified":"2025-12-06T20:51:23","modified_gmt":"2025-12-06T20:51:23","slug":"un-film-pour-se-plonger-dans-lhistoire-de-la-feria-darles","status":"publish","type":"post","link":"https:\/\/www.europesays.com\/fr\/582872\/","title":{"rendered":"un film pour se plonger dans l\u2019histoire de la Feria d\u2019Arles"},"content":{"rendered":"<p>30\u00a0ans apr\u00e8s, m\u00e9moire d\u2019une F\u00e9ria, c\u2019est un flash-back et un comparatif entre les Ferias de P\u00e2ques de 1995 et de 2005. Encierros au bord du Rh\u00f4ne, abrivado en plein c\u0153ur des Lices, corridas, pe\u00f1as\u2026 Ce documentaire \u00e9crit et r\u00e9alis\u00e9 par Fr\u00e9d\u00e9ric Bonnet a \u00e9t\u00e9 construit avec les voix de plus de 30 personnes interview\u00e9es en 1995 et 2025.<\/p>\n<p>Un film d\u20191h45 qui a \u00e9t\u00e9 r\u00e9alis\u00e9 \u00e0 l\u2019occasion des <a href=\"https:\/\/www.laprovence.com\/article\/region\/23064231489915\/60-ans-apres-sa-premiere-edition-arles-a-celebre-louverture-de-la-feria-de-paques-sous-le-soleil\" target=\"_blank\" rel=\"noopener\">60\u00a0ans de la Feria de P\u00e2ques d\u2019Arles<\/a> et qui sera projet\u00e9 en avant-premi\u00e8re ce dimanche 7\u00a0d\u00e9cembre \u00e0 17h30 et \u00e0 19h30 \u00e0 la Maison des Associations \u00e0 Arles.<\/p>\n<p>Un parall\u00e8le entre\u00a01995 et\u00a02025<\/p>\n<p>Cette s\u00e9rie de souvenirs d\u2019aficionados arl\u00e9siens r\u00e9alis\u00e9e par H\u00e9lios Films, soci\u00e9t\u00e9 de production vid\u00e9o \u00e0 Arles, avait pour gen\u00e8se la r\u00e9utilisation de rushs non exploit\u00e9s d\u2019un premier documentaire datant de\u00a01995. Trente ans plus tard, le r\u00e9alisateur a ainsi souhait\u00e9 faire un bilan sur l\u2019\u00e9volution de l\u2019\u00e9v\u00e9nement en filmant la Feria de P\u00e2ques 2025 avec des GoPro sur les<strong> <\/strong>attrapaires pour ajouter une vision immersive au film.<\/p>\n<p>\u00c0 travers les propos des personnes vivant la Feria, le spectateur est amen\u00e9 \u00e0 se rendre compte de tous les changements intervenus en l\u2019espace de 30\u00a0ans. Un film aussi bien destin\u00e9 aux habitu\u00e9s, qui r\u00e9aliseront ainsi un travail de m\u00e9moire sur une institution de la vie arl\u00e9sienne, qu\u2019aux n\u00e9ophytes qui pourront d\u00e9couvrir les coulisses de cet \u00e9v\u00e9nement arl\u00e9sien festif depuis les coulisses.<\/p>\n<p>Sans porter de jugement, ce long-m\u00e9trage est un morceau d\u2019histoire sur l\u2019\u00e9volution de la ville \u00e0 travers les yeux des acteurs de la manifestation afin de favoriser la transmission de la Feria, moment de f\u00eate transg\u00e9n\u00e9rationnel et culturel.<\/p>\n<p>R\u00e9servations pour l\u2019avant-premi\u00e8re sur : heliosfilms.fr\/produit\/avant-premiere-17h30\/. Tarif : 5\u20ac.<\/p>\n","protected":false},"excerpt":{"rendered":"30\u00a0ans apr\u00e8s, m\u00e9moire d\u2019une F\u00e9ria, c\u2019est un flash-back et un comparatif entre les Ferias de P\u00e2ques de 1995&hellip;\n","protected":false},"author":2,"featured_media":582873,"comment_status":"","ping_status":"","sticky":false,"template":"","format":"standard","meta":{"footnotes":""},"categories":[1354],"tags":[17,34024,150,58,4440,59,9388,2081,1346,1011,27,2831,280,1360,471],"class_list":{"0":"post-582872","1":"post","2":"type-post","3":"status-publish","4":"format-standard","5":"has-post-thumbnail","7":"category-films","8":"tag-17","9":"tag-30-ans","10":"tag-apres","11":"tag-divertissement","12":"tag-dune","13":"tag-entertainment","14":"tag-feria","15":"tag-film","16":"tag-films","17":"tag-fr","18":"tag-france","19":"tag-loisirs-traditions","20":"tag-memoire","21":"tag-movies","22":"tag-pour"},"share_on_mastodon":{"url":"https:\/\/pubeurope.com\/@fr\/115674604198315913","error":""},"_links":{"self":[{"href":"https:\/\/www.europesays.com\/fr\/wp-json\/wp\/v2\/posts\/582872","targetHints":{"allow":["GET"]}}],"collection":[{"href":"https:\/\/www.europesays.com\/fr\/wp-json\/wp\/v2\/posts"}],"about":[{"href":"https:\/\/www.europesays.com\/fr\/wp-json\/wp\/v2\/types\/post"}],"author":[{"embeddable":true,"href":"https:\/\/www.europesays.com\/fr\/wp-json\/wp\/v2\/users\/2"}],"replies":[{"embeddable":true,"href":"https:\/\/www.europesays.com\/fr\/wp-json\/wp\/v2\/comments?post=582872"}],"version-history":[{"count":0,"href":"https:\/\/www.europesays.com\/fr\/wp-json\/wp\/v2\/posts\/582872\/revisions"}],"wp:featuredmedia":[{"embeddable":true,"href":"https:\/\/www.europesays.com\/fr\/wp-json\/wp\/v2\/media\/582873"}],"wp:attachment":[{"href":"https:\/\/www.europesays.com\/fr\/wp-json\/wp\/v2\/media?parent=582872"}],"wp:term":[{"taxonomy":"category","embeddable":true,"href":"https:\/\/www.europesays.com\/fr\/wp-json\/wp\/v2\/categories?post=582872"},{"taxonomy":"post_tag","embeddable":true,"href":"https:\/\/www.europesays.com\/fr\/wp-json\/wp\/v2\/tags?post=582872"}],"curies":[{"name":"wp","href":"https:\/\/api.w.org\/{rel}","templated":true}]}}