{"id":582886,"date":"2025-12-06T21:00:27","date_gmt":"2025-12-06T21:00:27","guid":{"rendered":"https:\/\/www.europesays.com\/fr\/582886\/"},"modified":"2025-12-06T21:00:27","modified_gmt":"2025-12-06T21:00:27","slug":"champions-cup-il-fallait-garder-la-tete-froide-analyse-matthieu-jalibert-apres-la-victoire-bonifiee-de-lubb-en-afrique-du-sud","status":"publish","type":"post","link":"https:\/\/www.europesays.com\/fr\/582886\/","title":{"rendered":"Champions Cup \u2013 \u00ab\u00a0Il fallait garder la t\u00eate froide\u00a0\u00bb, analyse Matthieu Jalibert apr\u00e8s la victoire bonifi\u00e9e de l\u2019UBB en Afrique du Sud"},"content":{"rendered":"<p>\n                Men\u00e9s de onze points \u00e0 la mi-temps, les co\u00e9quipiers de Matthieu Jalibert ont r\u00e9ussi \u00e0 renverser les Bulls pour entrer parfaitement dans leur comp\u00e9tition. Tenante du titre, l\u2019UBB a envoy\u00e9 un message \u00e0 la concurrence, et Matthieu Jalibert \u00e9tait satisfait \u00e0 l\u2019issue du match.\n            <\/p>\n<p><strong>L\u2019\u00e9quipe a r\u00e9pondu pr\u00e9sent le jour J malgr\u00e9 le long d\u00e9placement, est-ce la preuve de votre maturit\u00e9\u00a0?<\/strong><\/p>\n<p>C\u2019\u00e9tait le premier match depuis notre titre. On remet notre titre en jeu cette ann\u00e9e. C\u2019\u00e9tait un match important. On avait \u00e0 c\u0153ur de bien commencer la comp\u00e9tition et de retrouver une dynamique positive. On sait que la Coupe d\u2019Europe, c\u2019est quelque chose qui nous correspond parce qu\u2019on peut mettre beaucoup de vitesse dans notre jeu. \u00c7a a \u00e9t\u00e9 compliqu\u00e9 en premi\u00e8re mi-temps. On a pay\u00e9 nos petites erreurs, mais globalement, on a bien ma\u00eetris\u00e9 le match et on a r\u00e9ussi \u00e0 les faire exploser physiquement en deuxi\u00e8me mi-temps. On est tr\u00e8s contents de \u00e7a, tr\u00e8s contents des cinq points et du r\u00e9sultat globalement.<\/p>\n<blockquote><p>\nC\u2019est une belle partie collective et aussi mentale par rapport au sc\u00e9nario du match\n<\/p><\/blockquote>\n<p><strong>Malgr\u00e9 la chaleur et l\u2019altitude, vous avez fait le pari d\u2019emballer le match. \u00c9tait-ce\u00a0une volont\u00e9 de votre part\u00a0?<\/strong><\/p>\n<p>On voulait frapper les premiers. On sait que c\u2019est une \u00e9quipe qui est tr\u00e8s lourde, tr\u00e8s dense physiquement. On voulait les asphyxier, ne pas attendre que ce soit eux qui imposent le rythme. \u00c7a faisait partie de notre plan de mettre beaucoup de vitesse d\u00e8s les premi\u00e8res actions. \u00c7a s\u2019est ouvert sur la premi\u00e8re du match donc c\u2019est positif. Je pense que les avants ont fait un gros match dans l\u2019intensit\u00e9, et physiquement, et on a r\u00e9ussi \u00e0 les faire exploser comme je l\u2019ai dit, donc c\u2019est quelque chose de positif sur lequel on va pouvoir s\u2019appuyer et continuer \u00e0 travailler.<\/p>\n<p><strong>Quel a \u00e9t\u00e9 le discours \u00e0 la pause apr\u00e8s les deux essais encaiss\u00e9s\u00a0?<\/strong><\/p>\n<p>Honn\u00eatement, ce sont des faits de jeu qui nous mettent en difficult\u00e9. On a deux ou trois sorties de camp mal g\u00e9r\u00e9es. Une r\u00e9ception sur duel a\u00e9rien, un ballon perdu et une contre-attaque\u2026 \u00c7a nous a mis un coup dur \u00e0 la t\u00eate, mais nous n\u2019avons pas dout\u00e9 parce qu\u2019on sentait que d\u00e8s qu\u2019on avait le ballon et qu\u2019on arrivait \u00e0 encha\u00eener plus de 3-4 s\u00e9quences, ils \u00e9taient vraiment en difficult\u00e9 et la vitesse de d\u00e9placement de nos avants et des trois quarts les mettait \u00e0 mal. \u00c0 la mi-temps, on s\u2019est dit qu\u2019il fallait garder la t\u00eate froide, continuer \u00e0 mettre du rythme, \u00e0 poser notre jeu dans notre syst\u00e8me et que \u00e7a allait s\u2019ouvrir et c\u2019est ce qui s\u2019est pass\u00e9. Ils ont commenc\u00e9 \u00e0 faire pas mal de fautes, \u00e0 jouer en inf\u00e9riorit\u00e9 num\u00e9rique et nous, on a appuy\u00e9 l\u00e0 o\u00f9 \u00e7a fait mal. Comme je l\u2019ai dit, les &lsquo;gros&rsquo; ont fait un gros boulot, que ce soit au niveau de la conqu\u00eate mais aussi sur les d\u00e9fenses en m\u00eal\u00e9e qui est un point fort pour eux. Et nous, les trois quarts, on a bien fini les coups et c\u2019est une belle partie collective et aussi mentale par rapport au sc\u00e9nario du match.<\/p>\n","protected":false},"excerpt":{"rendered":"Men\u00e9s de onze points \u00e0 la mi-temps, les co\u00e9quipiers de Matthieu Jalibert ont r\u00e9ussi \u00e0 renverser les Bulls&hellip;\n","protected":false},"author":2,"featured_media":582887,"comment_status":"","ping_status":"","sticky":false,"template":"","format":"standard","meta":{"footnotes":""},"categories":[2],"tags":[11,1011,27,68895,24802,12,68796],"class_list":{"0":"post-582886","1":"post","2":"type-post","3":"status-publish","4":"format-standard","5":"has-post-thumbnail","7":"category-actualites","8":"tag-actualites","9":"tag-fr","10":"tag-france","11":"tag-investec-champions-cup","12":"tag-matthieu-jalibert","13":"tag-news","14":"tag-rugby-u00e0-xv"},"share_on_mastodon":{"url":"https:\/\/pubeurope.com\/@fr\/115674639509222754","error":""},"_links":{"self":[{"href":"https:\/\/www.europesays.com\/fr\/wp-json\/wp\/v2\/posts\/582886","targetHints":{"allow":["GET"]}}],"collection":[{"href":"https:\/\/www.europesays.com\/fr\/wp-json\/wp\/v2\/posts"}],"about":[{"href":"https:\/\/www.europesays.com\/fr\/wp-json\/wp\/v2\/types\/post"}],"author":[{"embeddable":true,"href":"https:\/\/www.europesays.com\/fr\/wp-json\/wp\/v2\/users\/2"}],"replies":[{"embeddable":true,"href":"https:\/\/www.europesays.com\/fr\/wp-json\/wp\/v2\/comments?post=582886"}],"version-history":[{"count":0,"href":"https:\/\/www.europesays.com\/fr\/wp-json\/wp\/v2\/posts\/582886\/revisions"}],"wp:featuredmedia":[{"embeddable":true,"href":"https:\/\/www.europesays.com\/fr\/wp-json\/wp\/v2\/media\/582887"}],"wp:attachment":[{"href":"https:\/\/www.europesays.com\/fr\/wp-json\/wp\/v2\/media?parent=582886"}],"wp:term":[{"taxonomy":"category","embeddable":true,"href":"https:\/\/www.europesays.com\/fr\/wp-json\/wp\/v2\/categories?post=582886"},{"taxonomy":"post_tag","embeddable":true,"href":"https:\/\/www.europesays.com\/fr\/wp-json\/wp\/v2\/tags?post=582886"}],"curies":[{"name":"wp","href":"https:\/\/api.w.org\/{rel}","templated":true}]}}