{"id":582888,"date":"2025-12-06T21:04:42","date_gmt":"2025-12-06T21:04:42","guid":{"rendered":"https:\/\/www.europesays.com\/fr\/582888\/"},"modified":"2025-12-06T21:04:42","modified_gmt":"2025-12-06T21:04:42","slug":"saint-etienne-boulevard-jules-janin-les-friches-vont-laisser-place-a-un-pole-dactivites-economiques","status":"publish","type":"post","link":"https:\/\/www.europesays.com\/fr\/582888\/","title":{"rendered":"Saint-\u00c9tienne. Boulevard Jules-Janin, les friches vont laisser place \u00e0 un p\u00f4le d\u2019activit\u00e9s \u00e9conomiques"},"content":{"rendered":"<p>\u00ab\u00a0C\u2019est l\u2019aboutissement d\u2019un travail de longue haleine. L\u2019ann\u00e9e derni\u00e8re, on avait d\u00e9j\u00e0 d\u00e9moli la friche Sfero et l\u2019ancien restaurant Poivre rouge. Mais l\u00e0, c\u2019est la d\u00e9molition la plus embl\u00e9matique, car la plus visible\u00a0\u00bb, souligne Virginie Lefin, cheffe de projet \u00e0 l\u2019Epase (\u00c9tablissement public d\u2019am\u00e9nagement de Saint-\u00c9tienne).<\/p>\n<p>Cette d\u00e9molition, c\u2019est celle de l\u2019ancienne usine Termoz, \u00e0 l\u2019angle du boulevard Jules-Janin et de la rue Pierre-Dupont, en contrebas des voies SNCF. Il s\u2019agissait d\u2019une entreprise de m\u00e9canique g\u00e9n\u00e9rale qui fabriquait des engrenages. Elle avait ferm\u00e9 ses portes en 2010.<\/p>\n<p>Un chantier de d\u00e9construction long et complexe<\/p>\n<p>Cela faisait donc quinze ans que le site \u00e9tait en friche. S\u2019il \u00e9tait devenu un terrain d\u2019expression pour les graffeurs, il \u00e9tait aussi r\u00e9guli\u00e8rement squatt\u00e9 et avait&#8230;<\/p>\n","protected":false},"excerpt":{"rendered":"\u00ab\u00a0C\u2019est l\u2019aboutissement d\u2019un travail de longue haleine. L\u2019ann\u00e9e derni\u00e8re, on avait d\u00e9j\u00e0 d\u00e9moli la friche Sfero et l\u2019ancien&hellip;\n","protected":false},"author":2,"featured_media":582889,"comment_status":"","ping_status":"","sticky":false,"template":"","format":"standard","meta":{"footnotes":""},"categories":[9653],"tags":[1111,11,2430,4749,33,7539,1777,674,1011,27,3367,12,25,4001,7538],"class_list":{"0":"post-582888","1":"post","2":"type-post","3":"status-publish","4":"format-standard","5":"has-post-thumbnail","7":"category-saint-etienne","8":"tag-actu","9":"tag-actualites","10":"tag-auvergne-rhone-alpes","11":"tag-btp-et-chantiers","12":"tag-economie","13":"tag-edition-loire-sud","14":"tag-eu","15":"tag-europe","16":"tag-fr","17":"tag-france","18":"tag-loire","19":"tag-news","20":"tag-republique-francaise","21":"tag-saint-etienne","22":"tag-saint-etienne-ville"},"share_on_mastodon":{"url":"https:\/\/pubeurope.com\/@fr\/115674655313157704","error":""},"_links":{"self":[{"href":"https:\/\/www.europesays.com\/fr\/wp-json\/wp\/v2\/posts\/582888","targetHints":{"allow":["GET"]}}],"collection":[{"href":"https:\/\/www.europesays.com\/fr\/wp-json\/wp\/v2\/posts"}],"about":[{"href":"https:\/\/www.europesays.com\/fr\/wp-json\/wp\/v2\/types\/post"}],"author":[{"embeddable":true,"href":"https:\/\/www.europesays.com\/fr\/wp-json\/wp\/v2\/users\/2"}],"replies":[{"embeddable":true,"href":"https:\/\/www.europesays.com\/fr\/wp-json\/wp\/v2\/comments?post=582888"}],"version-history":[{"count":0,"href":"https:\/\/www.europesays.com\/fr\/wp-json\/wp\/v2\/posts\/582888\/revisions"}],"wp:featuredmedia":[{"embeddable":true,"href":"https:\/\/www.europesays.com\/fr\/wp-json\/wp\/v2\/media\/582889"}],"wp:attachment":[{"href":"https:\/\/www.europesays.com\/fr\/wp-json\/wp\/v2\/media?parent=582888"}],"wp:term":[{"taxonomy":"category","embeddable":true,"href":"https:\/\/www.europesays.com\/fr\/wp-json\/wp\/v2\/categories?post=582888"},{"taxonomy":"post_tag","embeddable":true,"href":"https:\/\/www.europesays.com\/fr\/wp-json\/wp\/v2\/tags?post=582888"}],"curies":[{"name":"wp","href":"https:\/\/api.w.org\/{rel}","templated":true}]}}