{"id":582892,"date":"2025-12-06T21:06:30","date_gmt":"2025-12-06T21:06:30","guid":{"rendered":"https:\/\/www.europesays.com\/fr\/582892\/"},"modified":"2025-12-06T21:06:30","modified_gmt":"2025-12-06T21:06:30","slug":"une-minute-de-silence-observee-en-hommage-aux-victimes","status":"publish","type":"post","link":"https:\/\/www.europesays.com\/fr\/582892\/","title":{"rendered":"une minute de silence observ\u00e9e en hommage aux victimes"},"content":{"rendered":"<p>Tee-shirts blancs \u00e0 l\u2019effigie de Morgane, ballons, bouquets blancs, famille et amis essuient leurs larmes. La place de l\u2019\u00e9glise accueille pr\u00e8s de 500 personnes de tous les \u00e2ges, ce samedi matin, pour une minute de silence en hommage aux cinq victimes de <a href=\"https:\/\/www.estrepublicain.fr\/faits-divers-justice\/2025\/12\/03\/cinq-morts-dans-un-incendie-a-neuves-maisons-qui-pouvait-en-vouloir-aux-victimes\" target=\"_blank\" rel=\"noopener\">l\u2019incendie meurtrier<\/a> qui a endeuill\u00e9 toute la communaut\u00e9 locale.<\/p>\n<p>Seul \u00e0 prendre la parole \u00ab\u00a0pour rester dans la sobri\u00e9t\u00e9 qui caract\u00e9rise la conduite de l\u2019\u00e9v\u00e9nement\u00a0\u00bb, le maire Pascal Schneider prononce un bref discours. Accompagn\u00e9 des \u00e9lus et des personnalit\u00e9s politiques locales, il rappelle un \u00e0 un les noms des victimes, Diego, 16 ans, et ses parents Didier et Catherine, Alonzo, 16 ans, et Morgane, 20 ans. Une minute de silence, puis les ballons bleus et blancs s\u2019envolent dans le ciel, symboliques.<\/p>\n<p>  Les amis des jeunes gens encore sous le choc<\/p>\n<p>En cort\u00e8ge, la foule va d\u00e9poser une fleur, un bouquet, une lettre devant la grille de la maison incendi\u00e9e. Les amis des jeunes gens, comme Ani\u00e9lo, Lorenzo ou Nicolas, sont encore sous le choc. \u00ab\u00a0Je suis pass\u00e9 devant la maison dimanche \u00e0 3\u00a0h\u00a015 avec mon oncle, elle br\u00fblait. Je les ai tous appel\u00e9s au t\u00e9l\u00e9phone, personne n\u2019a r\u00e9pondu\u2026 Je suis rest\u00e9 et j\u2019ai vu sortir leurs corps un \u00e0 un,\u00a0\u00bb t\u00e9moigne l\u2019un d\u2019eux.<\/p>\n<p>En gilet fluo orange, des commissaires de course de l\u2019ASA, qui partageaient avec le p\u00e8re de famille la passion automobile, sont venus marquer leur amiti\u00e9. \u00ab\u00a0Et on sera l\u00e0 aussi \u00e0 l\u2019enterrement.\u00a0\u00bb<\/p>\n<p>Depuis une semaine,\u00a0<a href=\"https:\/\/www.estrepublicain.fr\/faits-divers-justice\/2025\/12\/01\/des-hommages-aux-victimes-rendus-depuis-toul\" target=\"_blank\" rel=\"noopener\">les bouquets anonymes <\/a>continuent \u00e0 affluer tous les jours sur l\u2019espace de recueillement. La ville ne se remet pas de ce drame.<\/p>\n","protected":false},"excerpt":{"rendered":"Tee-shirts blancs \u00e0 l\u2019effigie de Morgane, ballons, bouquets blancs, famille et amis essuient leurs larmes. La place de&hellip;\n","protected":false},"author":2,"featured_media":582893,"comment_status":"","ping_status":"","sticky":false,"template":"","format":"standard","meta":{"footnotes":""},"categories":[9635],"tags":[1111,11,9848,1704,1777,674,274,1011,27,775,1310,1702,9847,12,25],"class_list":{"0":"post-582892","1":"post","2":"type-post","3":"status-publish","4":"format-standard","5":"has-post-thumbnail","7":"category-nancy","8":"tag-actu","9":"tag-actualites","10":"tag-cc-moselle-et-madon-54b","11":"tag-edition-nancy-et-agglomeration","12":"tag-eu","13":"tag-europe","14":"tag-faits-divers-justice","15":"tag-fr","16":"tag-france","17":"tag-grand-est","18":"tag-incendie","19":"tag-nancy","20":"tag-neuves-maisons","21":"tag-news","22":"tag-republique-francaise"},"share_on_mastodon":{"url":"https:\/\/pubeurope.com\/@fr\/115674663217329175","error":""},"_links":{"self":[{"href":"https:\/\/www.europesays.com\/fr\/wp-json\/wp\/v2\/posts\/582892","targetHints":{"allow":["GET"]}}],"collection":[{"href":"https:\/\/www.europesays.com\/fr\/wp-json\/wp\/v2\/posts"}],"about":[{"href":"https:\/\/www.europesays.com\/fr\/wp-json\/wp\/v2\/types\/post"}],"author":[{"embeddable":true,"href":"https:\/\/www.europesays.com\/fr\/wp-json\/wp\/v2\/users\/2"}],"replies":[{"embeddable":true,"href":"https:\/\/www.europesays.com\/fr\/wp-json\/wp\/v2\/comments?post=582892"}],"version-history":[{"count":0,"href":"https:\/\/www.europesays.com\/fr\/wp-json\/wp\/v2\/posts\/582892\/revisions"}],"wp:featuredmedia":[{"embeddable":true,"href":"https:\/\/www.europesays.com\/fr\/wp-json\/wp\/v2\/media\/582893"}],"wp:attachment":[{"href":"https:\/\/www.europesays.com\/fr\/wp-json\/wp\/v2\/media?parent=582892"}],"wp:term":[{"taxonomy":"category","embeddable":true,"href":"https:\/\/www.europesays.com\/fr\/wp-json\/wp\/v2\/categories?post=582892"},{"taxonomy":"post_tag","embeddable":true,"href":"https:\/\/www.europesays.com\/fr\/wp-json\/wp\/v2\/tags?post=582892"}],"curies":[{"name":"wp","href":"https:\/\/api.w.org\/{rel}","templated":true}]}}