{"id":582904,"date":"2025-12-06T21:16:10","date_gmt":"2025-12-06T21:16:10","guid":{"rendered":"https:\/\/www.europesays.com\/fr\/582904\/"},"modified":"2025-12-06T21:16:10","modified_gmt":"2025-12-06T21:16:10","slug":"salons-et-webinaires-dentreprises-agenda-des-evenements-b2b-4","status":"publish","type":"post","link":"https:\/\/www.europesays.com\/fr\/582904\/","title":{"rendered":"Salons et W\u00e9binaires d&rsquo;Entreprises, Agenda des Ev\u00e9nements B2B"},"content":{"rendered":"<p>D\u00e9couvrez les derni\u00e8res tendances et innovations dans l&rsquo;univers B2B lors de <b>salons professionnels<\/b>, <b>conf\u00e9rences ou webinaires<\/b>. <\/p>\n<p>Consultez l&rsquo;agenda pour ne pas manquer ces opportunit\u00e9s uniques de trouver de nouveaux clients, prospects ou fournisseurs, d\u00e9velopper vos connaissances et votre r\u00e9seau.<\/p>\n<p><b>Organisateur, attach\u00e9e de presse, l&rsquo;annonce d&rsquo;un \u00e9v\u00e9nement en ligne est gratuite, veuillez vous inscrire.<\/b><\/p>\n<p>    <img loading=\"lazy\" decoding=\"async\" src=\"https:\/\/www.europesays.com\/fr\/wp-content\/uploads\/2025\/04\/img18.png\" width=\"120\" height=\"91\" alt=\"ATELIERS, WORKSHOPS, WEBINARS\"\/><\/p>\n<p>\n        \u00a0\u00a0\u00a006-12-2025    <\/p>\n<p><\/p>\n<p>\n                \u00a0\u00a0EVENEMENTS D&rsquo;ENTREPRISE: SALONS, SEMINAIRES, CONFERENCES\n        <\/p>\n<p>        Agenda B2B &#8211; Les Salons en  d\u00e9cembre  2025<\/p>\n<p>                                            <img decoding=\"async\" itemprop=\"image\" src=\"https:\/\/www.europesays.com\/fr\/wp-content\/uploads\/2025\/12\/9889.jpg\" alt=\"\" class=\"logo\"\/><\/p>\n<p>                    Le Salon masters, MS et MBA en France et \u00e0 l\u2019international \u00e0 Nantes ouvrira ses portes pour sa premi\u00e8re \u00e9dition le samedi 6 d\u00e9cembre 2025 au Parc des Expositions de Nantes.<\/p>\n<p>  \u00a0 samedi 6 d\u00e9cembre 2025<br \/>\u00a0\u00a0\u00a0\u00a0\u00a0Nantes &#8211; pays de la loire<\/p>\n<p>\n                    <a target=\"_blank\" href=\"https:\/\/www.dataevent.com\/pressbook\/exposant.php?id_contact=2200\" rel=\"noopener\"> \ud83d\ude10 auteur: L&rsquo;Etudiant<\/a><\/p>\n<p><\/p>\n<p>                                            <img decoding=\"async\" itemprop=\"image\" src=\"https:\/\/www.europesays.com\/fr\/wp-content\/uploads\/2025\/12\/9890.jpg\" alt=\"\" class=\"logo\"\/><\/p>\n<p>                    D\u00e9bat avec La Redoute, Banque CCF, Lanc\u00f4me et le Groupe Pierre &amp; Vacances Center Parcs<\/p>\n<p>  \u00a0 mardi 9 d\u00e9cembre 2025<br \/>\u00a0\u00a0\u00a0\u00a0\u00a0webinaire &#8211; conf\u00e9rence web<\/p>\n<p>\n                    <a target=\"_blank\" href=\"https:\/\/www.dataevent.com\/pressbook\/exposant.php?id_contact=1826\" rel=\"noopener\"> \ud83d\ude10 auteur: MC Factory<\/a><\/p>\n<p><\/p>\n<p>                                            <img decoding=\"async\" itemprop=\"image\" src=\"https:\/\/www.europesays.com\/fr\/wp-content\/uploads\/2025\/12\/9892.jpg\" alt=\"\" class=\"logo\"\/><\/p>\n<p><\/p>\n<p>                                            <img decoding=\"async\" itemprop=\"image\" src=\"https:\/\/www.europesays.com\/fr\/wp-content\/uploads\/2025\/12\/9886.jpg\" alt=\"\" class=\"logo\"\/><\/p>\n<p>                    L\u2019\u00e9v\u00e9nement business et innovation, port\u00e9 par la CCI Essonne et la CCI Paris Ile-de-France, f\u00eate ses 20 ans le 24 mars 2026 au Parc Floral de Paris. Une \u00e9dition riche en nouveaut\u00e9s, fid\u00e8le \u00e0 son ambition premi\u00e8re : soutenir et valoriser les projets d\u2019innovation qui r\u00e9pondent aux grands d\u00e9fis des objectifs France 2030. <\/p>\n<p>  \u00a0 mardi 24 mars 2026<br \/>\u00a0\u00a0\u00a0\u00a0\u00a0Paris  &#8211; ile de france<\/p>\n<p>\n                    <a target=\"_blank\" href=\"https:\/\/www.dataevent.com\/pressbook\/exposant.php?id_contact=3340\" rel=\"noopener\"> \ud83d\ude10 auteur: Yucatan<\/a><\/p>\n<p><\/p>\n<p>        Agenda : nouvelles annonces \u00e9v\u00e9nements<\/p>\n<p>                                            <img decoding=\"async\" itemprop=\"image\" src=\"https:\/\/www.europesays.com\/fr\/wp-content\/uploads\/2025\/12\/9892.jpg\" alt=\"\" class=\"logo\"\/><\/p>\n<p><\/p>\n<p>                                            <img decoding=\"async\" itemprop=\"image\" src=\"https:\/\/www.europesays.com\/fr\/wp-content\/uploads\/2025\/12\/9890.jpg\" alt=\"\" class=\"logo\"\/><\/p>\n<p>                    D\u00e9bat avec La Redoute, Banque CCF, Lanc\u00f4me et le Groupe Pierre &amp; Vacances Center Parcs<\/p>\n<p>     \u00a0 mardi 9 d\u00e9cembre 2025<br \/>\u00a0\u00a0\u00a0\u00a0\u00a0webinaire &#8211; conf\u00e9rence web<\/p>\n<p>\n                     <a target=\"_blank\" href=\"https:\/\/www.dataevent.com\/pressbook\/exposant.php?id_contact=1826\" rel=\"noopener\">\ud83d\ude10 auteur: MC Factory<\/a><\/p>\n<p><\/p>\n<p>                                            <img decoding=\"async\" itemprop=\"image\" src=\"https:\/\/www.europesays.com\/fr\/wp-content\/uploads\/2025\/12\/9889.jpg\" alt=\"\" class=\"logo\"\/><\/p>\n<p>                    Le Salon masters, MS et MBA en France et \u00e0 l\u2019international \u00e0 Nantes ouvrira ses portes pour sa premi\u00e8re \u00e9dition le samedi 6 d\u00e9cembre 2025 au Parc des Expositions de Nantes.<\/p>\n<p>     \u00a0 samedi 6 d\u00e9cembre 2025<br \/>\u00a0\u00a0\u00a0\u00a0\u00a0Nantes &#8211; pays de la loire<\/p>\n<p>\n                     <a target=\"_blank\" href=\"https:\/\/www.dataevent.com\/pressbook\/exposant.php?id_contact=2200\" rel=\"noopener\">\ud83d\ude10 auteur: L&rsquo;Etudiant<\/a><\/p>\n<p><\/p>\n<p>                                            <img decoding=\"async\" itemprop=\"image\" src=\"https:\/\/www.europesays.com\/fr\/wp-content\/uploads\/2025\/12\/9886.jpg\" alt=\"\" class=\"logo\"\/><\/p>\n<p>                    L\u2019\u00e9v\u00e9nement business et innovation, port\u00e9 par la CCI Essonne et la CCI Paris Ile-de-France, f\u00eate ses 20 ans le 24 mars 2026 au Parc Floral de Paris. Une \u00e9dition riche en nouveaut\u00e9s, fid\u00e8le \u00e0 son ambition premi\u00e8re : soutenir et valoriser les projets d\u2019innovation qui r\u00e9pondent aux grands d\u00e9fis des objectifs France 2030. <\/p>\n<p>     \u00a0 mardi 24 mars 2026<br \/>\u00a0\u00a0\u00a0\u00a0\u00a0Paris  &#8211; ile de france<\/p>\n<p>\n                     <a target=\"_blank\" href=\"https:\/\/www.dataevent.com\/pressbook\/exposant.php?id_contact=3340\" rel=\"noopener\">\ud83d\ude10 auteur: Yucatan<\/a><\/p>\n<p><\/p>\n<p>                                            <img decoding=\"async\" itemprop=\"image\" src=\"https:\/\/www.europesays.com\/fr\/wp-content\/uploads\/2025\/12\/9870.jpg\" alt=\"\" class=\"logo\"\/><\/p>\n<p><\/p>\n<p>                                            <img decoding=\"async\" itemprop=\"image\" src=\"https:\/\/www.europesays.com\/fr\/wp-content\/uploads\/2025\/10\/9867.jpg\" alt=\"\" class=\"logo\"\/><\/p>\n<p>                    \u00c0 l\u2019occasion de ses 30 ans, l\u2019Institut G9+ r\u00e9unit dirigeants, experts et alumni pour interroger un enjeu central : \u00ab Quel futur voulons-nous \u00e9crire avec l\u2019IA ? \u00bb.<\/p>\n<p>     \u00a0 lundi 3 novembre 2025<br \/>\u00a0\u00a0\u00a0\u00a0\u00a0Paris &#8211; ile de france<\/p>\n<p>\n                     <a target=\"_blank\" href=\"https:\/\/www.dataevent.com\/pressbook\/exposant.php?id_contact=2519\" rel=\"noopener\">\ud83d\ude10 auteur: Earlycom<\/a><\/p>\n<p><\/p>\n<p>                                            <img decoding=\"async\" itemprop=\"image\" src=\"https:\/\/www.europesays.com\/fr\/wp-content\/uploads\/2025\/10\/9864.jpg\" alt=\"\" class=\"logo\"\/><\/p>\n<p><\/p>\n<p>\u00a0\u00a0ACTUALITES B2B<\/p>\n<p>    Communiqu\u00e9s de presse<\/p>\n<ul>\n<li>\n                <a href=\"https:\/\/www.dataevent.com\/actualite\/resultat.php?id_actualite=1019\" target=\"_blank\" rel=\"noopener\"><br \/>\n                    L\u2019IA ne remplacera pas l\u2019humain, elle peut aider \u00e0 le sauver<br \/>\n                <\/a> <\/li>\n<p>                 \u279f  26\/10\/2025<\/p>\n<p>Dans sa nouvelle tribune, Alexandre Dalibot, co-fondateur d\u2019a-gO, prend le contre-pied du discours dominant sur l\u2019intelligence artificielle.&#13;<br \/>\nIl y d\u00e9fend une conviction forte : la technologie ne doit pas nous d\u00e9shumaniser, mais nous aider \u00e0 mieux soigner, pr\u00e9venir et comprendre le vivant.<\/p>\n<\/ul>\n<ul>\n<li>\n                <a href=\"https:\/\/www.dataevent.com\/actualite\/resultat.php?id_actualite=1017\" target=\"_blank\" rel=\"noopener\"><br \/>\n                    Le droit des gens virtuels aux \u00e9ditions Hermann<br \/>\n                <\/a> <\/li>\n<p>                 \u279f  30\/08\/2025<\/p>\n<p>Le droit des gens virtuels&#13;<br \/>\nUne \u00e9thique pour les g\u00e9n\u00e9rations futures&#13;<br \/>\nde Elsa GODART. \u00c0 l\u2019heure d\u2019un d\u00e9veloppement technoscientifique sans pr\u00e9c\u00e9dent, il est fondamental de r\u00e9fl\u00e9chir \u00e0 une \u00e9thique du sujet virtuel<\/p>\n<\/ul>\n<p><\/p>\n<p>RESTONS CONNECTES<\/p>\n<p><strong><a href=\"https:\/\/www.dataevent.com\/publication\/espace_publication.php\" title=\"Annoncer un salon\" target=\"_blank\" rel=\"noopener\">Annonceur :<\/a><\/strong><br \/>\nAugmentez la port\u00e9e de vos \u00e9v\u00e9nements et communiqu\u00e9s de presse, inscription gratuite.\n<\/p>\n<p><strong>Visiteur :<\/strong> Abonnez-vous et recevez des contenus exclusifs. Suivez Dataevent sur nos plateformes sociales.<\/p>\n<p>  \u00a0@_dataevent<\/p>\n","protected":false},"excerpt":{"rendered":"D\u00e9couvrez les derni\u00e8res tendances et innovations dans l&rsquo;univers B2B lors de salons professionnels, conf\u00e9rences ou webinaires. Consultez l&rsquo;agenda&hellip;\n","protected":false},"author":2,"featured_media":34709,"comment_status":"","ping_status":"","sticky":false,"template":"","format":"standard","meta":{"footnotes":""},"categories":[9587],"tags":[1111,11,11333,11334,11331,1777,674,1011,27,12,5161,25,9590,11329,11330,11332],"class_list":{"0":"post-582904","1":"post","2":"type-post","3":"status-publish","4":"format-standard","5":"has-post-thumbnail","7":"category-rouen","8":"tag-actu","9":"tag-actualites","10":"tag-agenda-evenements","11":"tag-annoncer-un-evenement-d","12":"tag-conferences","13":"tag-eu","14":"tag-europe","15":"tag-fr","16":"tag-france","17":"tag-news","18":"tag-normandie","19":"tag-republique-francaise","20":"tag-rouen","21":"tag-salons-paris","22":"tag-seminaires-paris","23":"tag-webinaires"},"share_on_mastodon":{"url":"https:\/\/pubeurope.com\/@fr\/115674704720708709","error":""},"_links":{"self":[{"href":"https:\/\/www.europesays.com\/fr\/wp-json\/wp\/v2\/posts\/582904","targetHints":{"allow":["GET"]}}],"collection":[{"href":"https:\/\/www.europesays.com\/fr\/wp-json\/wp\/v2\/posts"}],"about":[{"href":"https:\/\/www.europesays.com\/fr\/wp-json\/wp\/v2\/types\/post"}],"author":[{"embeddable":true,"href":"https:\/\/www.europesays.com\/fr\/wp-json\/wp\/v2\/users\/2"}],"replies":[{"embeddable":true,"href":"https:\/\/www.europesays.com\/fr\/wp-json\/wp\/v2\/comments?post=582904"}],"version-history":[{"count":0,"href":"https:\/\/www.europesays.com\/fr\/wp-json\/wp\/v2\/posts\/582904\/revisions"}],"wp:featuredmedia":[{"embeddable":true,"href":"https:\/\/www.europesays.com\/fr\/wp-json\/wp\/v2\/media\/34709"}],"wp:attachment":[{"href":"https:\/\/www.europesays.com\/fr\/wp-json\/wp\/v2\/media?parent=582904"}],"wp:term":[{"taxonomy":"category","embeddable":true,"href":"https:\/\/www.europesays.com\/fr\/wp-json\/wp\/v2\/categories?post=582904"},{"taxonomy":"post_tag","embeddable":true,"href":"https:\/\/www.europesays.com\/fr\/wp-json\/wp\/v2\/tags?post=582904"}],"curies":[{"name":"wp","href":"https:\/\/api.w.org\/{rel}","templated":true}]}}