{"id":582917,"date":"2025-12-06T21:26:15","date_gmt":"2025-12-06T21:26:15","guid":{"rendered":"https:\/\/www.europesays.com\/fr\/582917\/"},"modified":"2025-12-06T21:26:15","modified_gmt":"2025-12-06T21:26:15","slug":"decouvez-laffiche-du-carnaval-de-nice-2026","status":"publish","type":"post","link":"https:\/\/www.europesays.com\/fr\/582917\/","title":{"rendered":"d\u00e9couvez l&rsquo;affiche du carnaval de Nice 2026"},"content":{"rendered":"<p>L&rsquo;\u00e9dition 2026 du carnaval de Nice aura lieu du 11 f\u00e9vrier au 1er mars.<\/p>\n<p>Une \u00e9dition royale. La ville de Nice d\u00e9voile ce samedi 6 d\u00e9cembre l&rsquo;affiche de la prochaine \u00e9dition du carnaval, qui se tiendra du 11 au 1er mars.<\/p>\n<p>Elle met cette ann\u00e9e en sc\u00e8ne la reine du carnaval, \u00ab\u00a0solaire, \u00e9panouie et rayonnante refl\u00e9tant l&rsquo;esprit festif et populaire du carnaval de Nice\u00a0\u00bb, indique la ville dans un communiqu\u00e9.<\/p>\n<p><img decoding=\"async\" loading=\"lazy\" width=\"1448\" height=\"2048\" src=\"https:\/\/www.europesays.com\/fr\/wp-content\/uploads\/2025\/12\/L-affiche-du-carnaval-de-Nice-2026-2196011.jpg\"  alt=\"L'affiche du carnaval de Nice 2026.\" title=\"L'affiche du carnaval de Nice 2026.\"\/>L&rsquo;affiche du carnaval de Nice 2026. \u00a9 Ville de Nice\u00a0\u00bbUne femme qui gouvernera le carnaval\u00a0\u00bb<\/p>\n<p>Au milieu de cotillons et de l&rsquo;incontournable mimosa, elle pose la couronne sur sa t\u00eate, \u00ab\u00a0affirmant l&rsquo;av\u00e8nement d&rsquo;une souverainet\u00e9 f\u00e9minine assum\u00e9e, joyeuse et moderne\u00a0\u00bb. Le th\u00e8me \u00ab\u00a0Vive la Reine!\u00a0\u00bb de cette ann\u00e9e 2026 rendra hommage aux \u00ab\u00a0h\u00e9ro\u00efnes de l&rsquo;histoire\u00a0\u00bb.<\/p>\n<blockquote class=\"embed embed_quote\"><p>\u00ab\u00a0Pour la premi\u00e8re fois de notre histoire, c&rsquo;est une femme qui gouvernera le carnaval (&#8230;). Apr\u00e8s des d\u00e9cennies de r\u00e8gne masculin, l&rsquo;heure est venue de c\u00e9l\u00e9brer la f\u00e9minit\u00e9 avec un th\u00e8me ambitieux et symbolique\u00a0\u00bb, avait soulign\u00e9 le maire de Nice, Christian Estrosi, en d\u00e9voilant<a href=\"https:\/\/www.bfmtv.com\/cote-d-azur\/vive-la-reine-christian-estrosi-devoile-le-theme-de-l-edition-2026-du-carnaval-de-nice_AV-202503010376.html\" title=\"&quot;Vive la Reine!&quot;: Christian Estrosi d\u00e9voile le th\u00e8me de l&#039;\u00e9dition 2026 du Carnaval de Nice\" class=\"internal_link\" target=\"_blank\" rel=\"noopener\"> le th\u00e8me de l&rsquo;\u00e9dition 2026 en janvier dernier<\/a>.<\/p><\/blockquote>\n<p>Pour son \u00e9dition 2025, le carnaval de Nice a enregistr\u00e9 une fr\u00e9quentation record. <a href=\"https:\/\/www.bfmtv.com\/cote-d-azur\/nice-400-000-personnes-ont-participe-a-l-edition-2025-du-carnaval-un-record_AV-202503020054.html\" title=\"Nice: 400.000 personnes ont particip\u00e9 \u00e0 l&#039;\u00e9dition 2025 du Carnaval, un record\" class=\"internal_link\" target=\"_blank\" rel=\"noopener\">400.000 personnes ont particip\u00e9<\/a> \u00e0 l&rsquo;\u00e9v\u00e9nement sur le th\u00e8me du Roi des Oc\u00e9ans. Pour les plus impatients, la billetterie ouvrira le 17 d\u00e9cembre prochain.<\/p>\n<p>Partager <\/p>\n","protected":false},"excerpt":{"rendered":"L&rsquo;\u00e9dition 2026 du carnaval de Nice aura lieu du 11 f\u00e9vrier au 1er mars. Une \u00e9dition royale. La&hellip;\n","protected":false},"author":2,"featured_media":582918,"comment_status":"","ping_status":"","sticky":false,"template":"","format":"standard","meta":{"footnotes":""},"categories":[2819],"tags":[1111,11,1777,674,1011,27,12,2401,882,25],"class_list":{"0":"post-582917","1":"post","2":"type-post","3":"status-publish","4":"format-standard","5":"has-post-thumbnail","7":"category-nice","8":"tag-actu","9":"tag-actualites","10":"tag-eu","11":"tag-europe","12":"tag-fr","13":"tag-france","14":"tag-news","15":"tag-nice","16":"tag-provence-alpes-cote-dazur","17":"tag-republique-francaise"},"share_on_mastodon":{"url":"https:\/\/pubeurope.com\/@fr\/115674742564248958","error":""},"_links":{"self":[{"href":"https:\/\/www.europesays.com\/fr\/wp-json\/wp\/v2\/posts\/582917","targetHints":{"allow":["GET"]}}],"collection":[{"href":"https:\/\/www.europesays.com\/fr\/wp-json\/wp\/v2\/posts"}],"about":[{"href":"https:\/\/www.europesays.com\/fr\/wp-json\/wp\/v2\/types\/post"}],"author":[{"embeddable":true,"href":"https:\/\/www.europesays.com\/fr\/wp-json\/wp\/v2\/users\/2"}],"replies":[{"embeddable":true,"href":"https:\/\/www.europesays.com\/fr\/wp-json\/wp\/v2\/comments?post=582917"}],"version-history":[{"count":0,"href":"https:\/\/www.europesays.com\/fr\/wp-json\/wp\/v2\/posts\/582917\/revisions"}],"wp:featuredmedia":[{"embeddable":true,"href":"https:\/\/www.europesays.com\/fr\/wp-json\/wp\/v2\/media\/582918"}],"wp:attachment":[{"href":"https:\/\/www.europesays.com\/fr\/wp-json\/wp\/v2\/media?parent=582917"}],"wp:term":[{"taxonomy":"category","embeddable":true,"href":"https:\/\/www.europesays.com\/fr\/wp-json\/wp\/v2\/categories?post=582917"},{"taxonomy":"post_tag","embeddable":true,"href":"https:\/\/www.europesays.com\/fr\/wp-json\/wp\/v2\/tags?post=582917"}],"curies":[{"name":"wp","href":"https:\/\/api.w.org\/{rel}","templated":true}]}}