{"id":582919,"date":"2025-12-06T21:27:30","date_gmt":"2025-12-06T21:27:30","guid":{"rendered":"https:\/\/www.europesays.com\/fr\/582919\/"},"modified":"2025-12-06T21:27:30","modified_gmt":"2025-12-06T21:27:30","slug":"marches-parades-illuminations-la-magie-de-noel-deferle-en-loire-atlantique-ce-week-end","status":"publish","type":"post","link":"https:\/\/www.europesays.com\/fr\/582919\/","title":{"rendered":"March\u00e9s, parades, illuminations\u2026 La magie de No\u00ebl d\u00e9ferle en Loire-Atlantique ce week-end"},"content":{"rendered":"<p>La Loire-Atlantique passe \u00e0 l\u2019heure de No\u00ebl. Retrouvez notre s\u00e9lection d\u2019activit\u00e9s dans le d\u00e9partement.<\/p>\n<p>Trentemoult, cadeaux de cr\u00e9ateurs<\/p>\n<p>V\u00eatements, sculptures, bijoux, lampes, c\u00e9ramiques\u2026 Avec une soixantaine d\u2019artisans diss\u00e9min\u00e9s dans dix-neuf lieux de l\u2019ancien village de p\u00eacheurs, les Fl\u00e2neries de Trentemoult, \u00e0 Rez\u00e9, offrent une occasion parfaite de d\u00e9nicher des cadeaux de No\u00ebl locaux et \u00e0 prix raisonnable. Le tout dans une ambiance de d\u00e9ambulation et de f\u00eate, gr\u00e2ce \u00e0 une buvette servant vin chaud, soupes et petits g\u00e2teaux, \u00e0 la Maison des Isles, o\u00f9 un plan sera distribu\u00e9 aux visiteurs.<\/p>\n<p><strong>Dimanche 7\u00a0d\u00e9cembre<\/strong>, de 11\u00a0h \u00e0 18\u00a0h, quartier Trentemoult, \u00e0 Rez\u00e9. Navibus\u00a0: arr\u00eat Sabli\u00e8res. Bus 30 et 97.<\/p>\n<p>\u00c0 Carquefou, quarante chalets<\/p>\n<p>Pendant cinq jours, la magie de No\u00ebl s\u2019installe sur le site des Renaudi\u00e8res, \u00e0 Carquefou. Et \u00e7a continue ce week-end. Des artisans, cr\u00e9ateurs et auteurs proposent aux visiteurs des textiles, des bijoux, des jeux, des illustrations. C\u00f4t\u00e9 animations, les familles peuvent trouver sur place un man\u00e8ge, des ateliers cr\u00e9atifs, des lectures de contes avec la m\u00e9diath\u00e8que, des concerts avec l\u2019\u00e9cole municipale de musique, une ferme p\u00e9dagogique et ses animaux, des balades avec les \u00e2nes. Sans oublier, bien s\u00fbr, le P\u00e8re No\u00ebl.<\/p>\n<p><strong>Samedi\u00a06 et dimanche 7\u00a0d\u00e9cembre<\/strong>, sur le site de Renaudi\u00e8res. Samedi, de 10 \u00e0 20\u00a0h, dimanche, de 10\u00a0h \u00e0 19\u00a0h.<\/p>\n<p>Nantes et son Voyage en hiver<\/p>\n<p>L\u2019esprit de No\u00ebl r\u00e8gne sur Nantes en cette fin d\u2019ann\u00e9e, jusqu\u2019au dimanche 4\u00a0janvier. Gr\u00e2ce au Voyage en hiver, les visiteurs d\u00e9couvrent au gr\u00e9 des rues, des \u0153uvres artistiques, des illuminations, des guirlandes et des d\u00e9corations, contemporaines ou classiques, du passage Pommeraye richement d\u00e9cor\u00e9 \u00e0 la place Graslin et son traditionnel man\u00e8ge-sapin, de la place Royale au ch\u00e2teau des Ducs de Bretagne. Le parcours r\u00e9serve de belles surprises.<\/p>\n<p><strong>Jusqu\u2019au dimanche 4\u00a0janvier,<\/strong> dans les rues de Nantes. Tout le programme sur <a href=\"https:\/\/www.levoyageanantes.fr\/evenements\/le-voyage-en-hiver\/\" target=\"_blank\" rel=\"noopener\">levoyageanantes.fr<\/a><\/p>\n<p>\t<img decoding=\"async\" src=\"https:\/\/www.europesays.com\/fr\/wp-content\/uploads\/2025\/12\/P35624037D7097101G_px_640_.jpg\" alt=\"photo les illuminations de no\u00ebl du voyage en hiver de nantes.  \u00a9  franck dubray\/ouest france\" width=\"640\" title=\" Les illuminations de No\u00ebl du voyage en hiver de Nantes.   Franck Dubray\/Ouest France \"\/><\/p>\n<p class=\"elmt-legende\"> Les illuminations de No\u00ebl du voyage en hiver de Nantes.   Franck Dubray\/Ouest France <\/p>\n<p>No\u00ebl \u00e0 La Turballe<\/p>\n<p>Le comit\u00e9 des f\u00eates de La Turballe est\u00a0\u00e0 la man\u0153uvre tous les ans avec son march\u00e9 de No\u00ebl, sur les hauteurs de la ville portuaire, pr\u00e8s du magnifique clocher de Trescalan. Pendant deux jours, il r\u00e9unit vingt-trois exposants de la presqu\u2019\u00eele gu\u00e9randaise. \u00c0 d\u00e9nicher\u00a0? Des produits locaux, tels que des objets de d\u00e9coration, des produits alimentaires comme des tisanes ou des rhums. Une tombola est \u00e9galement au programme.<\/p>\n<p><strong>Samedi 6,<\/strong> de 10\u00a0h \u00e0 21\u00a0h, <strong>et dimanche\u00a07 <strong>d\u00e9cembre<\/strong>,<\/strong> de 10\u00a0h \u00e0 18\u00a0h, salle Kerhuel, quartier de Trescalan, \u00e0 La Turballe.<\/p>\n<p>Les F\u00e9eries de Saint-Nazaire<\/p>\n<p>\u00c0 Saint-Nazaire, un feu d\u2019artifice sera tir\u00e9, samedi 13\u00a0d\u00e9cembre, \u00e0 19\u00a0h\u00a030, place Fran\u00e7ois-Blancho, devant l\u2019h\u00f4tel de ville. Ce spectacle pyrotechnique, gratuit, se double d\u2019un conte \u00ab\u00a0Le r\u00eave de Boule\u00a0\u00bb.\u00a0Le feu d\u2019artifice inaugurera l\u2019\u00e9v\u00e9nement festif de No\u00ebl, Les F\u00e9eries.<\/p>\n<p>Tout proche, \u00e0 Trignac, dimanche 7\u00a0d\u00e9cembre, il y aura un concours de la meilleure soupe organis\u00e9, avec un jury pour les d\u00e9partager. Il y a aussi le march\u00e9 de No\u00ebl 100\u00a0% associatif, de 11\u00a0h \u00e0 17\u00a0h, avec musiques et danses m\u00e9tiss\u00e9es. Tout cela dans le cadre de Fest\u2019hiver.<\/p>\n<p><strong>Samedi 13\u00a0d\u00e9cembre,<\/strong> \u00e0 19\u00a0h\u00a030, place Fran\u00e7ois-Blancho, \u00e0 Saint-Nazaire.<\/p>\n<p>Gu\u00e9rande la m\u00e9di\u00e9vale \u00e0 l\u2019heure des leds\u00a0!<\/p>\n<p>\t<img decoding=\"async\" src=\"https:\/\/www.europesays.com\/fr\/wp-content\/uploads\/2025\/12\/P35624038D7097101G_px_640_.jpg\" alt=\"photo gu\u00e9rande, la ville close, enfile ses habits de lumi\u00e8re \u00e0 compter de samedi 6\u00a0d\u00e9cembre, \u00e0 18\u00a0h.  \u00a9  ouest-france\" width=\"640\" title=\" Gu\u00e9rande, la ville close, enfile ses habits de lumi\u00e8re \u00e0 compter de samedi 6\u00a0d\u00e9cembre, \u00e0 18\u00a0h.   Ouest-France \"\/><\/p>\n<p class=\"elmt-legende\"> Gu\u00e9rande, la ville close, enfile ses habits de lumi\u00e8re \u00e0 compter de samedi 6\u00a0d\u00e9cembre, \u00e0 18\u00a0h.   Ouest-France <\/p>\n<p>Les projections lumineuses sur les vieilles pierres de Gu\u00e9rande constituent un must \u00e0 d\u00e9couvrir d\u00e8s que la nuit tombe, \u00e0 partir de samedi soir 6 d\u00e9cembre jusqu\u2019\u00e0 d\u00e9but janvier. La ville close enfile ses habits de lumi\u00e8re. Une vraie f\u00eate de la lumi\u00e8re tout autour des remparts, dans les ruelles et tout particuli\u00e8rement sur la place Saint-Aubin, au pied de la coll\u00e9giale, o\u00f9 tr\u00f4ne un tr\u00e8s grand sapin illumin\u00e9.<\/p>\n<p><strong>Samedi 6\u00a0d\u00e9cembre,<\/strong> \u00e0 18\u00a0h, place Saint-Aubin, \u00e0 Gu\u00e9rande, avec des groupes de musiciens.<\/p>\n<p><strong>Vendredi 12\u00a0d\u00e9cembre<\/strong>, la parade de tracteurs illumin\u00e9s des Jeunes agriculteurs de la presqu\u2019\u00eele gu\u00e9randaise animera les remparts de Gu\u00e9rande. Ce m\u00eame jour et le lendemain, samedi, se tiendra le march\u00e9 de No\u00ebl des comit\u00e9s de jumelage, aux saveurs et traditions d\u2019ailleurs\u00a0: Portugal, Allemagne et Italie.<\/p>\n<p>March\u00e9 des artisans dans le village bri\u00e9ron<\/p>\n<p>\u00c0 Saint-Lyphard, ce week-end des 6 et 7 d\u00e9cembre, les artisans feront le buzz dans le village des chaumi\u00e8res de Kerhinet. Depuis six ans, le Parc naturel r\u00e9gional organise un march\u00e9 de No\u00ebl tr\u00e8s haut en couleurs, pour promouvoir des artisans. Le village en lui-m\u00eame est somptueux avec ses chaumi\u00e8res typiques. Alors ajoutez une note de f\u00eates et voil\u00e0 la magie de No\u00ebl qui op\u00e9rera directement, celle d\u2019un No\u00ebl bri\u00e9ron\u00a0!<\/p>\n<p>Au programme, une trentaine d\u2019exposants \u00e0 d\u00e9couvrir\u00a0: artisans du bois, de la maroquinerie, du travail sur cuir, des bijoux, du savon, mais aussi des douceurs comme de la confiture, du chocolat ou des herbes aromatiques.<\/p>\n<p><strong>Samedi\u00a06,<\/strong> de 11\u00a0h \u00e0 21\u00a0h, et <strong>dimanche 7\u00a0d\u00e9cembre<\/strong>, de 11\u00a0h \u00e0 18\u00a0h, au village de Kerhinet.<\/p>\n<p>Parade \u00e0 Savenay<\/p>\n<p>\u00c0 Savenay, la soir\u00e9e d\u2019ouverture des festivit\u00e9s, sous le signe de la lumi\u00e8re, est lanc\u00e9e vendredi 12\u00a0d\u00e9cembre, avec, \u00e0 18\u00a0h\u00a030, une parade de trois chevaux lumineux gonflables de trois m\u00e8tres chacun, et \u00e0 19\u00a0h\u00a030, un spectacle m\u00ealant danse, feu et ailes lumineuses. Samedi\u00a013, un march\u00e9 de No\u00ebl solidaire et \u00e9quitable est propos\u00e9 avec gratuit\u00e9 des spectacles, petite restauration \u00e0 prix d\u00e9risoires et objets manufactur\u00e9s par des personnes d\u00e9ficientes, vendus \u00e0 prix abordables.<\/p>\n<p>March\u00e9 dans la cit\u00e9 m\u00e9di\u00e9vale de Clisson<\/p>\n<p>\t<img decoding=\"async\" src=\"https:\/\/www.europesays.com\/fr\/wp-content\/uploads\/2025\/12\/P35624039D7097101G_px_640_.jpg\" alt=\"photo march\u00e9 de no\u00ebl \u00e0 clisson.  \u00a9  dr\" width=\"640\" title=\" March\u00e9 de No\u00ebl \u00e0 Clisson.   DR \"\/><\/p>\n<p class=\"elmt-legende\"> March\u00e9 de No\u00ebl \u00e0 Clisson.   DR <\/p>\n<p>Il est l\u2019un des plus attractifs du vignoble de Nantes. Le march\u00e9 de No\u00ebl de Clisson s\u2019installera au c\u0153ur de la cit\u00e9 m\u00e9di\u00e9vale.\u00a0Soixante-dix exposants investiront les chalets install\u00e9s sous les halles du centre-ville, place du Minage et square Mathurin-Crucy, en bas du ch\u00e2teau. Bi\u00e8res, savons, bijoux, terrines, confitures, rhum, foies gras, vins, friandises, fabriqu\u00e9s localement, \u00e9gayeront les \u00e9tals. Il y aura aussi la patinoire, place des Douves, ainsi qu\u2019une sc\u00e8ne install\u00e9e en bas du ch\u00e2teau, qui accueillera des spectacles. Au programme \u00e9galement\u00a0: des d\u00e9ambulations d\u2019\u00e9chassiers, des s\u00e9ances de maquillage, et, bien s\u00fbr, le passage du P\u00e8re No\u00ebl\u00a0!<\/p>\n<p><strong>Samedi\u00a013 et dimanche 14\u00a0d\u00e9cembre, samedi\u00a020 et dimanche 21\u00a0d\u00e9cembre,<\/strong> de 11\u00a0h \u00e0 20\u00a0h les samedis et de 10\u00a0h \u00e0 19\u00a0h les dimanches.<\/p>\n<p>Patinoire et parcours f\u00e9erique \u00e0 Ch\u00e2teaubriant<\/p>\n<p>Les d\u00e9corations du centre-ville castelbriantais sont d\u00e9sormais une tradition. En suivant un itin\u00e9raire qui arpente les rues, on d\u00e9couvre des illuminations sous les fen\u00eatres du ch\u00e2teau, une cr\u00e8che g\u00e9ante au pied de l\u2019\u00e9glise, une exposition Lego\u00ae \u2013 Playmobil\u00ae, une sc\u00e8ne polaire peupl\u00e9e de rennes et de bouquetins devant la mairie ou encore un parcours sur le th\u00e8me des contes de f\u00e9es. Les amateurs de glisse pourront se laisser tenter par quelques tours de patinoire (entr\u00e9e \u00e0 2 \u20ac ou 4 \u20ac). Pour jouer \u00e0 fond la carte de No\u00ebl, allez faire un tour au march\u00e9 (ouvert les mercredis, vendredis, samedis et dimanche de d\u00e9cembre).<\/p>\n<p><strong>Jusqu\u2019au dimanche 4 janvier,<\/strong> \u00e0 Ch\u00e2teaubriant.<\/p>\n<p>Dans la r\u00e9gion de Gu\u00e9men\u00e9-Penfao, des tracteurs illumin\u00e9s<\/p>\n<p>\t<img decoding=\"async\" src=\"https:\/\/www.europesays.com\/fr\/wp-content\/uploads\/2025\/12\/P35624040D7097101G_px_640_.jpg\" alt=\"photo les tracteurs du d\u00e9fil\u00e9 au pays de gu\u00e9men\u00e9 seront illumin\u00e9s le 20\u00a0d\u00e9cembre. comme ici, dans la manche, fin novembre.  \u00a9  archives ouest-france\" width=\"640\" title=\" Les tracteurs du d\u00e9fil\u00e9 au pays de Gu\u00e9men\u00e9 seront illumin\u00e9s le 20\u00a0d\u00e9cembre. Comme ici, dans la Manche, fin novembre.   Archives Ouest-France \"\/><\/p>\n<p class=\"elmt-legende\"> Les tracteurs du d\u00e9fil\u00e9 au pays de Gu\u00e9men\u00e9 seront illumin\u00e9s le 20\u00a0d\u00e9cembre. Comme ici, dans la Manche, fin novembre.   Archives Ouest-France <\/p>\n<p>Une premi\u00e8re\u00a0! Entre 35 et 40\u00a0tracteurs d\u2019agriculteurs de la r\u00e9gion de Gu\u00e9men\u00e9-Penfao vont d\u00e9filer, samedi 20\u00a0d\u00e9cembre. La joyeuse course, organis\u00e9e par le syndicat des Jeunes agriculteurs du pays de Redon, d\u00e9bute \u00e0 17\u00a0h\u00a030 dans le centre-bourg de Conquereuil. Les engins par\u00e9s de guirlandes de mille couleurs passeront ensuite par Gu\u00e9men\u00e9-Penfao, au milieu du march\u00e9 vers 18\u00a0h, puis le centre-bourg de F\u00e9gr\u00e9ac vers 19\u00a0h. Une arriv\u00e9e est pr\u00e9vue \u00e0 Avessac.<\/p>\n<p>Au lac de Saint-Viaud, les No\u00ebl du monde<\/p>\n<p>\t<img decoding=\"async\" src=\"https:\/\/www.europesays.com\/fr\/wp-content\/uploads\/2025\/12\/P35624041D7097101G_px_640_.jpg\" alt=\"photo saint-viaud s\u2019ouvre aux no\u00ebl du monde.  \u00a9  archives ouest-france\" width=\"640\" title=\" Saint-Viaud s\u2019ouvre aux No\u00ebl du monde.   Archives Ouest-France \"\/><\/p>\n<p class=\"elmt-legende\"> Saint-Viaud s\u2019ouvre aux No\u00ebl du monde.   Archives Ouest-France <\/p>\n<p>Comment f\u00eate-t-on No\u00ebl en Acadie ou dans l\u2019oc\u00e9an indien\u00a0? Pour le savoir, pr\u00e9voyez une petite balade autour du lac de Saint-Viaud, dans la campagne du pays de Retz. Depuis trente ans, le comit\u00e9 des f\u00eates installe une cr\u00e8che flottante sur le plan d\u2019eau. Depuis l\u2019an pass\u00e9, la commune propose aussi l\u2019\u00e9v\u00e9nement Lumi\u00e8res du Monde, des panneaux pour d\u00e9couvrir comment se c\u00e9l\u00e8brent les f\u00eates de fin d\u2019ann\u00e9e dans diff\u00e9rents pays. \u00c0 la tomb\u00e9e de la nuit, c\u2019est illumin\u00e9. Le week-end, deux chalets gourmands ouvrent le soir.<\/p>\n<p><strong>Dimanche 7\u00a0d\u00e9cembre,<\/strong> march\u00e9 de No\u00ebl du comit\u00e9 des f\u00eates, avec 29\u00a0exposants, dans la salle du Lac. <strong>Vendredi 19\u00a0d\u00e9cembre,<\/strong> aux alentours de 20\u00a0h, ce sera l\u2019arriv\u00e9e des 150\u00a0tracteurs illumin\u00e9s des Jeunes agriculteurs.<\/p>\n<p>\u00a0<\/p>\n","protected":false},"excerpt":{"rendered":"La Loire-Atlantique passe \u00e0 l\u2019heure de No\u00ebl. Retrouvez notre s\u00e9lection d\u2019activit\u00e9s dans le d\u00e9partement. Trentemoult, cadeaux de cr\u00e9ateurs&hellip;\n","protected":false},"author":2,"featured_media":582920,"comment_status":"","ping_status":"","sticky":false,"template":"","format":"standard","meta":{"footnotes":""},"categories":[2818],"tags":[1111,11,69645,1777,674,1011,27,55985,3047,29658,635,766,12,15830,27569,2636,25,4064],"class_list":{"0":"post-582919","1":"post","2":"type-post","3":"status-publish","4":"format-standard","5":"has-post-thumbnail","7":"category-nantes","8":"tag-actu","9":"tag-actualites","10":"tag-deferle","11":"tag-eu","12":"tag-europe","13":"tag-fr","14":"tag-france","15":"tag-illuminations","16":"tag-loire-atlantique","17":"tag-magie","18":"tag-marches","19":"tag-nantes","20":"tag-news","21":"tag-noel","22":"tag-parades","23":"tag-pays-de-la-loire","24":"tag-republique-francaise","25":"tag-week-end"},"share_on_mastodon":{"url":"https:\/\/pubeurope.com\/@fr\/115674746907523481","error":""},"_links":{"self":[{"href":"https:\/\/www.europesays.com\/fr\/wp-json\/wp\/v2\/posts\/582919","targetHints":{"allow":["GET"]}}],"collection":[{"href":"https:\/\/www.europesays.com\/fr\/wp-json\/wp\/v2\/posts"}],"about":[{"href":"https:\/\/www.europesays.com\/fr\/wp-json\/wp\/v2\/types\/post"}],"author":[{"embeddable":true,"href":"https:\/\/www.europesays.com\/fr\/wp-json\/wp\/v2\/users\/2"}],"replies":[{"embeddable":true,"href":"https:\/\/www.europesays.com\/fr\/wp-json\/wp\/v2\/comments?post=582919"}],"version-history":[{"count":0,"href":"https:\/\/www.europesays.com\/fr\/wp-json\/wp\/v2\/posts\/582919\/revisions"}],"wp:featuredmedia":[{"embeddable":true,"href":"https:\/\/www.europesays.com\/fr\/wp-json\/wp\/v2\/media\/582920"}],"wp:attachment":[{"href":"https:\/\/www.europesays.com\/fr\/wp-json\/wp\/v2\/media?parent=582919"}],"wp:term":[{"taxonomy":"category","embeddable":true,"href":"https:\/\/www.europesays.com\/fr\/wp-json\/wp\/v2\/categories?post=582919"},{"taxonomy":"post_tag","embeddable":true,"href":"https:\/\/www.europesays.com\/fr\/wp-json\/wp\/v2\/tags?post=582919"}],"curies":[{"name":"wp","href":"https:\/\/api.w.org\/{rel}","templated":true}]}}