{"id":582921,"date":"2025-12-06T21:28:24","date_gmt":"2025-12-06T21:28:24","guid":{"rendered":"https:\/\/www.europesays.com\/fr\/582921\/"},"modified":"2025-12-06T21:28:24","modified_gmt":"2025-12-06T21:28:24","slug":"nantes-promet-un-mercato-bouillant-cet-hiver","status":"publish","type":"post","link":"https:\/\/www.europesays.com\/fr\/582921\/","title":{"rendered":"Nantes promet un mercato bouillant cet hiver"},"content":{"rendered":"<p><b>Battu pour la 8e fois de la saison face \u00e0 Lens ce samedi, le FC Nantes est plus que jamais dans la zone rouge. Les Canaris vont devoir se renforcer lors du prochain <a href=\"https:\/\/www.foot01.com\/mercato\" title=\"Mercato\" target=\"_blank\" rel=\"noopener\">mercato<\/a> pour esp\u00e9rer un redressement.<\/b>L\u2019ann\u00e9e 2025 touche \u00e0 sa fin et il est grand temps pour le FC Nantes de l\u2019oublier. <a href=\"https:\/\/www.foot01.com\/ligue1\/lens-sarrache-et-senvole-en-tete-de-la-ligue-1\" target=\"_self\" rel=\"noopener\">Les hommes de Luis Castro pointent \u00e0 la 16e place<\/a> du classement en attendant les matchs de dimanche apr\u00e8s la d\u00e9faite contre Lens ce samedi (1-2). Le 8e revers de la saison pour Nantes, qui n\u2019a gagn\u00e9 que deux fois et qui affiche de terribles limites dans cette premi\u00e8re partie de la saison 2025-2026. Comme indiqu\u00e9 \u00e0 plusieurs reprises ces derniers jours, le mercato hivernal devrait \u00eatre mouvement\u00e9 en Loire-Atlantique.<\/p>\n<p>Waldemar Kita a conscience qu\u2019il faut renforcer l\u2019effectif pour \u00e9viter la catastrophe et une possible rel\u00e9gation en Ligue 2. Luis Castro attend ce mercato avec impatience et l\u2019entra\u00eeneur portugais a confirm\u00e9 apr\u00e8s la d\u00e9faite face aux Sang et Or que son club allait \u00eatre actif sur le march\u00e9 des transferts. \u00ab Comme je l\u2019ai d\u00e9j\u00e0 dit, le club sera attentif lors du mercato. Parce que si on regarde les r\u00e9sultats \u00e0 la mi-temps, avant les changements, on est souvent dans le match\u00a0\u00bb a confirm\u00e9 l\u2019entra\u00eeneur de Nantes avant de poursuivre.<\/p>\n<p>\u00ab Normalement, tu fais des changements pour augmenter le niveau. Nous, apr\u00e8s les remplacements nos r\u00e9sultats sont souvent pires qu\u2019avant. On se doit donc d\u2019\u00eatre plus comp\u00e9titifs, avoir plus de comp\u00e9tition interne. C\u2019est \u00e0 moi, l\u2019entra\u00eeneur, de faire \u00e9voluer les choses, de faire en sorte que les joueurs restent concentr\u00e9s durant 90\u00a0minutes\u00a0\u00bb a analys\u00e9 Luis Castro, qui attend le mercato avec impatience, en esp\u00e9rant toutefois \u00eatre encore en poste en 2026 pour profiter des recrues. Pour cela, l\u2019ancien coach de Dunkerque serait bien inspir\u00e9 de prendre au moins un point sur la pelouse d\u2019Angers le week-end prochain lors de la 16e journ\u00e9e de Ligue 1. Car le FC Nantes n\u2019a plus gagn\u00e9 le moindre match depuis le 24 octobre dernier et un d\u00e9placement sur la pelouse du Paris FC.<\/p>\n","protected":false},"excerpt":{"rendered":"Battu pour la 8e fois de la saison face \u00e0 Lens ce samedi, le FC Nantes est plus&hellip;\n","protected":false},"author":2,"featured_media":582922,"comment_status":"","ping_status":"","sticky":false,"template":"","format":"standard","meta":{"footnotes":""},"categories":[2818],"tags":[1111,11,1777,674,462,1011,27,1434,766,12,2636,25],"class_list":{"0":"post-582921","1":"post","2":"type-post","3":"status-publish","4":"format-standard","5":"has-post-thumbnail","7":"category-nantes","8":"tag-actu","9":"tag-actualites","10":"tag-eu","11":"tag-europe","12":"tag-fc-nantes","13":"tag-fr","14":"tag-france","15":"tag-mercato","16":"tag-nantes","17":"tag-news","18":"tag-pays-de-la-loire","19":"tag-republique-francaise"},"share_on_mastodon":{"url":"https:\/\/pubeurope.com\/@fr\/115674749684584259","error":""},"_links":{"self":[{"href":"https:\/\/www.europesays.com\/fr\/wp-json\/wp\/v2\/posts\/582921","targetHints":{"allow":["GET"]}}],"collection":[{"href":"https:\/\/www.europesays.com\/fr\/wp-json\/wp\/v2\/posts"}],"about":[{"href":"https:\/\/www.europesays.com\/fr\/wp-json\/wp\/v2\/types\/post"}],"author":[{"embeddable":true,"href":"https:\/\/www.europesays.com\/fr\/wp-json\/wp\/v2\/users\/2"}],"replies":[{"embeddable":true,"href":"https:\/\/www.europesays.com\/fr\/wp-json\/wp\/v2\/comments?post=582921"}],"version-history":[{"count":0,"href":"https:\/\/www.europesays.com\/fr\/wp-json\/wp\/v2\/posts\/582921\/revisions"}],"wp:featuredmedia":[{"embeddable":true,"href":"https:\/\/www.europesays.com\/fr\/wp-json\/wp\/v2\/media\/582922"}],"wp:attachment":[{"href":"https:\/\/www.europesays.com\/fr\/wp-json\/wp\/v2\/media?parent=582921"}],"wp:term":[{"taxonomy":"category","embeddable":true,"href":"https:\/\/www.europesays.com\/fr\/wp-json\/wp\/v2\/categories?post=582921"},{"taxonomy":"post_tag","embeddable":true,"href":"https:\/\/www.europesays.com\/fr\/wp-json\/wp\/v2\/tags?post=582921"}],"curies":[{"name":"wp","href":"https:\/\/api.w.org\/{rel}","templated":true}]}}