{"id":582923,"date":"2025-12-06T21:29:16","date_gmt":"2025-12-06T21:29:16","guid":{"rendered":"https:\/\/www.europesays.com\/fr\/582923\/"},"modified":"2025-12-06T21:29:16","modified_gmt":"2025-12-06T21:29:16","slug":"partager-le-dessin-qui-se-fait-sous-les-yeux-degage-une-certaine-magie-reconnait-coco-dessinatrice-a-charlie-hebdo","status":"publish","type":"post","link":"https:\/\/www.europesays.com\/fr\/582923\/","title":{"rendered":"\u00ab\u00a0Partager le dessin qui se fait sous les yeux d\u00e9gage une certaine magie\u00a0\u00bb, reconna\u00eet Coco, dessinatrice \u00e0 Charlie Hebdo"},"content":{"rendered":"<p>        <img decoding=\"async\" id=\"27002232\" src=\"https:\/\/www.europesays.com\/fr\/wp-content\/uploads\/2025\/12\/20251206-144644.jpg\" alt=\"Coco a \u00e9galement d\u00e9dicac\u00e9 des num\u00e9ros de \u00ab\u00a0Charlie Hebdo\u00a0\u00bb.\" itemprop=\"contentURL\"\/><\/p>\n<p>    Coco a \u00e9galement d\u00e9dicac\u00e9 des num\u00e9ros de \u00ab\u00a0Charlie Hebdo\u00a0\u00bb.<\/p>\n<p>O. D.\u00a0\/\u00a0SO<\/p>\n<p>Piochant dans sa palette de feutres, <a href=\"https:\/\/fr.wikipedia.org\/wiki\/Coco_%28dessinatrice%29\" target=\"_blank\" rel=\"nofollow noopener\">Corinne Rey alias Coco<\/a> imagine un tank command\u00e9 par un Poutine va-t-en-guerre auteur d\u2019un d\u00e9licat\u00a0: \u00ab\u00a0Viens ici que je te souffle ta bougie\u00a0!\u00a0\u00bb Le chef du Kremlin affiche des traits durs et froids, des pommettes saillantes. \u00ab\u00a0C\u2019est le genre de personnage qui coche toutes les cases pour montrer ce qu\u2019il est physiquement et int\u00e9rieurement. Une vraie figure de dictateur\u00a0\u00bb, savoure-t-elle.<\/p>\n<p>\u00ab\u00a0Une certaine magie\u00a0\u00bb<\/p>\n<p>Martine suit. Sans vouloir abuser mais un peu quand m\u00eame, la Blanquefortaise d\u00e9balle bouquins et num\u00e9ros du journal satirique, dont la fameuse une \u00ab\u00a0Tout est pardonn\u00e9\u00a0\u00bb, ayant suivi l\u2019attentat du 7\u00a0janvier 2015. \u00ab\u00a0J\u2019ai 33\u00a0ans de Charlie Hebdo rang\u00e9s dans des cartons. Ma fille a \u00e9t\u00e9 biberonn\u00e9e avec\u00a0\u00bb, s\u2019enthousiasme la dame de 72\u00a0ans. Elle \u00e9voque son attachement \u00e0 la libert\u00e9 d\u2019expression, \u00e0 l\u2019impertinence, \u00ab\u00a0une certaine id\u00e9e de l\u2019humain\u00a0\u00bb aujourd\u2019hui mise \u00e0 mal. \u00ab\u00a0Et puis j\u2019adore Coco. Elle est formidable pour croquer ce qui d\u00e9range. Les femmes ne sont pas si nombreuses dans la caricature\u00a0\u00bb, souffle-t-elle avant de laisser la place, non sans un dernier petit selfie.<\/p>\n<p>        <img decoding=\"async\" id=\"27002223\" src=\"https:\/\/www.europesays.com\/fr\/wp-content\/uploads\/2025\/12\/20251206-144734.jpg\" alt=\"Quelques personnes ont fait des selfies avec la sp\u00e9cialiste du dessin de presse.\" itemprop=\"contentURL\"\/><\/p>\n<p>    Quelques personnes ont fait des selfies avec la sp\u00e9cialiste du dessin de presse.<\/p>\n<p>O. D.\u00a0\/\u00a0SO<\/p>\n","protected":false},"excerpt":{"rendered":"Coco a \u00e9galement d\u00e9dicac\u00e9 des num\u00e9ros de \u00ab\u00a0Charlie Hebdo\u00a0\u00bb. O. D.\u00a0\/\u00a0SO Piochant dans sa palette de feutres, Corinne&hellip;\n","protected":false},"author":2,"featured_media":582924,"comment_status":"","ping_status":"","sticky":false,"template":"","format":"standard","meta":{"footnotes":""},"categories":[2817],"tags":[1111,11,1997,1777,674,1011,27,12,2219,25],"class_list":{"0":"post-582923","1":"post","2":"type-post","3":"status-publish","4":"format-standard","5":"has-post-thumbnail","7":"category-bordeaux","8":"tag-actu","9":"tag-actualites","10":"tag-bordeaux","11":"tag-eu","12":"tag-europe","13":"tag-fr","14":"tag-france","15":"tag-news","16":"tag-nouvelle-aquitaine","17":"tag-republique-francaise"},"share_on_mastodon":{"url":"https:\/\/pubeurope.com\/@fr\/115674756816906832","error":""},"_links":{"self":[{"href":"https:\/\/www.europesays.com\/fr\/wp-json\/wp\/v2\/posts\/582923","targetHints":{"allow":["GET"]}}],"collection":[{"href":"https:\/\/www.europesays.com\/fr\/wp-json\/wp\/v2\/posts"}],"about":[{"href":"https:\/\/www.europesays.com\/fr\/wp-json\/wp\/v2\/types\/post"}],"author":[{"embeddable":true,"href":"https:\/\/www.europesays.com\/fr\/wp-json\/wp\/v2\/users\/2"}],"replies":[{"embeddable":true,"href":"https:\/\/www.europesays.com\/fr\/wp-json\/wp\/v2\/comments?post=582923"}],"version-history":[{"count":0,"href":"https:\/\/www.europesays.com\/fr\/wp-json\/wp\/v2\/posts\/582923\/revisions"}],"wp:featuredmedia":[{"embeddable":true,"href":"https:\/\/www.europesays.com\/fr\/wp-json\/wp\/v2\/media\/582924"}],"wp:attachment":[{"href":"https:\/\/www.europesays.com\/fr\/wp-json\/wp\/v2\/media?parent=582923"}],"wp:term":[{"taxonomy":"category","embeddable":true,"href":"https:\/\/www.europesays.com\/fr\/wp-json\/wp\/v2\/categories?post=582923"},{"taxonomy":"post_tag","embeddable":true,"href":"https:\/\/www.europesays.com\/fr\/wp-json\/wp\/v2\/tags?post=582923"}],"curies":[{"name":"wp","href":"https:\/\/api.w.org\/{rel}","templated":true}]}}