{"id":582925,"date":"2025-12-06T21:30:27","date_gmt":"2025-12-06T21:30:27","guid":{"rendered":"https:\/\/www.europesays.com\/fr\/582925\/"},"modified":"2025-12-06T21:30:27","modified_gmt":"2025-12-06T21:30:27","slug":"journee-1-vodacom-bulls-vs-union-bordeaux-begles-en-replay-investec-champions-cup","status":"publish","type":"post","link":"https:\/\/www.europesays.com\/fr\/582925\/","title":{"rendered":"Journ\u00e9e 1 : Vodacom Bulls vs Union Bordeaux B\u00e8gles en replay &#8211; Investec Champions Cup"},"content":{"rendered":"<p>Diffus\u00e9 le 06\/12\/2025 \u00e0 16h05 &#8211; Disponible jusqu&rsquo;au 05\/01\/2026<\/p>\n<p>Champions en titre, les Bordelais affrontent d&rsquo;entr\u00e9e l&rsquo;un des cadors du rugby sud-africain sur ses terres. Les hommes de Yannick Bru se rendent \u00e0 Pretoria pour se mesurer aux Bulls. L&rsquo;objectif est clair : d\u00e9crocher une victoire pour bien entamer leur qu\u00eate d&rsquo;un doubl\u00e9 historique. Les Bulls, de leur c\u00f4t\u00e9, auront \u00e0 coeur de rebondir apr\u00e8s leur d\u00e9faite, en juin dernier \u00e0 Dublin, en finale de l&rsquo;United Rugby Championship contre le Leinster Rugby (32-7). Les Bulls et l&rsquo;UBB s&rsquo;\u00e9taient d\u00e9j\u00e0 rencontr\u00e9s lors de la phase de poules 2023\/2024. Ce jour-l\u00e0, les Sud-Africains l&rsquo;avaient emport\u00e9 (46-40).<\/p>\n","protected":false},"excerpt":{"rendered":"Diffus\u00e9 le 06\/12\/2025 \u00e0 16h05 &#8211; Disponible jusqu&rsquo;au 05\/01\/2026 Champions en titre, les Bordelais affrontent d&rsquo;entr\u00e9e l&rsquo;un des&hellip;\n","protected":false},"author":2,"featured_media":582926,"comment_status":"","ping_status":"","sticky":false,"template":"","format":"standard","meta":{"footnotes":""},"categories":[2817],"tags":[1111,11,1997,1777,674,1011,27,12,2219,25],"class_list":{"0":"post-582925","1":"post","2":"type-post","3":"status-publish","4":"format-standard","5":"has-post-thumbnail","7":"category-bordeaux","8":"tag-actu","9":"tag-actualites","10":"tag-bordeaux","11":"tag-eu","12":"tag-europe","13":"tag-fr","14":"tag-france","15":"tag-news","16":"tag-nouvelle-aquitaine","17":"tag-republique-francaise"},"share_on_mastodon":{"url":"https:\/\/pubeurope.com\/@fr\/115674757424002370","error":""},"_links":{"self":[{"href":"https:\/\/www.europesays.com\/fr\/wp-json\/wp\/v2\/posts\/582925","targetHints":{"allow":["GET"]}}],"collection":[{"href":"https:\/\/www.europesays.com\/fr\/wp-json\/wp\/v2\/posts"}],"about":[{"href":"https:\/\/www.europesays.com\/fr\/wp-json\/wp\/v2\/types\/post"}],"author":[{"embeddable":true,"href":"https:\/\/www.europesays.com\/fr\/wp-json\/wp\/v2\/users\/2"}],"replies":[{"embeddable":true,"href":"https:\/\/www.europesays.com\/fr\/wp-json\/wp\/v2\/comments?post=582925"}],"version-history":[{"count":0,"href":"https:\/\/www.europesays.com\/fr\/wp-json\/wp\/v2\/posts\/582925\/revisions"}],"wp:featuredmedia":[{"embeddable":true,"href":"https:\/\/www.europesays.com\/fr\/wp-json\/wp\/v2\/media\/582926"}],"wp:attachment":[{"href":"https:\/\/www.europesays.com\/fr\/wp-json\/wp\/v2\/media?parent=582925"}],"wp:term":[{"taxonomy":"category","embeddable":true,"href":"https:\/\/www.europesays.com\/fr\/wp-json\/wp\/v2\/categories?post=582925"},{"taxonomy":"post_tag","embeddable":true,"href":"https:\/\/www.europesays.com\/fr\/wp-json\/wp\/v2\/tags?post=582925"}],"curies":[{"name":"wp","href":"https:\/\/api.w.org\/{rel}","templated":true}]}}