{"id":582931,"date":"2025-12-06T21:39:36","date_gmt":"2025-12-06T21:39:36","guid":{"rendered":"https:\/\/www.europesays.com\/fr\/582931\/"},"modified":"2025-12-06T21:39:36","modified_gmt":"2025-12-06T21:39:36","slug":"piste-par-le-psg-ayyoub-bouaddi-prolonge-avec-lille","status":"publish","type":"post","link":"https:\/\/www.europesays.com\/fr\/582931\/","title":{"rendered":"Pist\u00e9 par le PSG, Ayyoub Bouaddi prolonge avec Lille &#8211;"},"content":{"rendered":"<p><img width=\"700\" height=\"350\" src=\"https:\/\/www.europesays.com\/fr\/wp-content\/uploads\/2025\/12\/Ayyoub-Bouaddi.jpg\" class=\"attachment-jannah-image-post size-jannah-image-post wp-post-image\" alt=\"Ayyoub bouaddi\" is_main_img=\"1\" decoding=\"async\" fetchpriority=\"high\"  \/><br \/>\n Image : Icon<br \/>\nSport<\/p>\n<p>Ces derniers jours, le nom d\u2019Ayyoub Bouaddi a \u00e9t\u00e9 associ\u00e9 au<br \/>\nPSG. Le jeune milieu de terrain (18 ans) a prolong\u00e9 son contrat<br \/>\navec Lille jusqu\u2019en juin 2029.<\/p>\n<p>Le <strong>PSG<\/strong> cherche \u00e0 se renforcer \u00e0 chaque mercato.<br \/>\nDepuis deux ans, il mise sur la jeunesse pour son recrutement. Ces<br \/>\nderniers jours, le nom d\u2019<strong><a href=\"https:\/\/canal-supporters.com\/mercato-un-interet-du-psg-pour-ayyoub-bouaddi\/\" title=\"\" target=\"_blank\" rel=\"noopener\">Ayyoub Bouaddi<\/a><\/strong> a \u00e9t\u00e9 associ\u00e9 au club de la<br \/>\ncapitale. Performant avec <strong>Lille<\/strong>, le jeune milieu<br \/>\nde terrain (18 ans) attise les convoitises des plus grands clubs<br \/>\neurop\u00e9ens. Si des rumeurs \u00e9voquaient un dossier <a href=\"https:\/\/canal-supporters.com\/mercato-une-arrivee-dayyoub-bouaddi-au-psg-des-cet-hiver\/\" title=\"\" target=\"_blank\" rel=\"noopener\">tr\u00e8s avanc\u00e9<\/a> avec le <strong>PSG<\/strong>, ce ne serait<br \/>\npas le cas, le club de la capitale souhaitant passer \u00e0 l\u2019action<br \/>\nplut\u00f4t l\u2019\u00e9t\u00e9 prochain. <strong>Arsenal<\/strong>, qui serait pr\u00eat \u00e0<br \/>\noffrir 45 millions d\u2019euros d\u00e8s cet hiver, <strong>Chelsea<\/strong>,<br \/>\n<strong>Manchester City<\/strong>, <strong>Manchester<br \/>\nUnited<\/strong> et <strong>Liverpool<\/strong> aimeraient se<br \/>\nl\u2019offrir.<\/p>\n<p>A lire aussi : <a href=\"https:\/\/canal-supporters.com\/arsenal-pret-a-faire-une-grosse-offre-pour-ayyoub-bouaddi-piste-par-le-psg\/\" title=\"\" target=\"_blank\" rel=\"noopener\">Arsenal pr\u00eat \u00e0 faire une grosse offre pour Ayyoub Bouaddi,<br \/>\npist\u00e9 par le PSG<\/a><\/p>\n<p><a href=\"https:\/\/x.com\/CanalSupporters\" target=\"_blank\" rel=\"noopener\" title=\"\">canalsupporters.com<\/a><\/p>\n<p>Li\u00e9 \u00e0 Lille<br \/>\njusqu\u2019en juin 2029<\/p>\n<p>Sachant qu\u2019il sera difficile de le conserver,<br \/>\n<strong>Lille<\/strong> souhaitait prolonger son contrat, lui qui<br \/>\ncourait jusqu\u2019en juin 2027, avant d\u2019ouvrir possiblement la porte \u00e0<br \/>\nun d\u00e9part l\u2019\u00e9t\u00e9 prochain. Et hier soir, avant la rencontre entre le<br \/>\nclub nordiste et <strong>Marseille<\/strong>, remport\u00e9e par les<br \/>\nLillois (1-0) gr\u00e2ce \u00e0 un but <strong>d\u2019Ethan Mbapp\u00e9<\/strong>,<br \/>\n<strong>Ayyoub Bouaddi<\/strong> a officialis\u00e9 sa <a href=\"https:\/\/x.com\/losclive\/status\/1997030893509398792\" target=\"_blank\" rel=\"noopener\" title=\"\">prolongation<\/a> de contrat de deux ans,<br \/>\nsoit jusqu\u2019en juin 2029. Selon les rumeurs, <strong>Lille<\/strong><br \/>\nvoudrait r\u00e9cup\u00e9rer 50 millions d\u2019euros pour son international<br \/>\nEspoirs fran\u00e7ais l\u2019\u00e9t\u00e9 prochain.<\/p><\/p>\n","protected":false},"excerpt":{"rendered":"Image : Icon Sport Ces derniers jours, le nom d\u2019Ayyoub Bouaddi a \u00e9t\u00e9 associ\u00e9 au PSG. Le jeune&hellip;\n","protected":false},"author":2,"featured_media":582932,"comment_status":"","ping_status":"","sticky":false,"template":"","format":"standard","meta":{"footnotes":""},"categories":[2815],"tags":[1111,11,54701,69646,81,787,1777,674,69647,1011,27,811,1307,1434,1435,12,626,91,92,7742,7370,93,25,96],"class_list":{"0":"post-582931","1":"post","2":"type-post","3":"status-publish","4":"format-standard","5":"has-post-thumbnail","7":"category-lille","8":"tag-actu","9":"tag-actualites","10":"tag-ayyoub-bouaddi","11":"tag-bouaddi","12":"tag-canal-supporters","13":"tag-cs","14":"tag-eu","15":"tag-europe","16":"tag-fin-de-contrat-juin-2029","17":"tag-fr","18":"tag-france","19":"tag-hauts-de-france","20":"tag-lille","21":"tag-mercato","22":"tag-mercato-psg","23":"tag-news","24":"tag-paris","25":"tag-paris-saint-germain","26":"tag-paris-sg","27":"tag-prolongation","28":"tag-prolongation-de-contrat","29":"tag-psg","30":"tag-republique-francaise","31":"tag-une"},"share_on_mastodon":{"url":"https:\/\/pubeurope.com\/@fr\/115674793662771347","error":""},"_links":{"self":[{"href":"https:\/\/www.europesays.com\/fr\/wp-json\/wp\/v2\/posts\/582931","targetHints":{"allow":["GET"]}}],"collection":[{"href":"https:\/\/www.europesays.com\/fr\/wp-json\/wp\/v2\/posts"}],"about":[{"href":"https:\/\/www.europesays.com\/fr\/wp-json\/wp\/v2\/types\/post"}],"author":[{"embeddable":true,"href":"https:\/\/www.europesays.com\/fr\/wp-json\/wp\/v2\/users\/2"}],"replies":[{"embeddable":true,"href":"https:\/\/www.europesays.com\/fr\/wp-json\/wp\/v2\/comments?post=582931"}],"version-history":[{"count":0,"href":"https:\/\/www.europesays.com\/fr\/wp-json\/wp\/v2\/posts\/582931\/revisions"}],"wp:featuredmedia":[{"embeddable":true,"href":"https:\/\/www.europesays.com\/fr\/wp-json\/wp\/v2\/media\/582932"}],"wp:attachment":[{"href":"https:\/\/www.europesays.com\/fr\/wp-json\/wp\/v2\/media?parent=582931"}],"wp:term":[{"taxonomy":"category","embeddable":true,"href":"https:\/\/www.europesays.com\/fr\/wp-json\/wp\/v2\/categories?post=582931"},{"taxonomy":"post_tag","embeddable":true,"href":"https:\/\/www.europesays.com\/fr\/wp-json\/wp\/v2\/tags?post=582931"}],"curies":[{"name":"wp","href":"https:\/\/api.w.org\/{rel}","templated":true}]}}