{"id":582933,"date":"2025-12-06T21:41:16","date_gmt":"2025-12-06T21:41:16","guid":{"rendered":"https:\/\/www.europesays.com\/fr\/582933\/"},"modified":"2025-12-06T21:41:16","modified_gmt":"2025-12-06T21:41:16","slug":"un-nouveau-symbole-du-lien-qui-unit-la-ville-a-larmenie","status":"publish","type":"post","link":"https:\/\/www.europesays.com\/fr\/582933\/","title":{"rendered":"un nouveau symbole du lien qui unit la ville \u00e0 l\u2019Arm\u00e9nie"},"content":{"rendered":"<p class=\"rev-margin-0 rev-text-xs-normal\">Le cardinal Jean-Marc Aveline, archev\u00eaque de Marseille, a accueilli le catholicos vendredi \u00e0 Notre-Dame-de-la-Garde.<\/p>\n<p class=\"rev-margin-0 rev-text-xs-bold\">\/ PHOTO David Rossi<\/p>\n<p>Le p\u00e8re Olivier Spinosa, recteur de la basilique Notre-Dame de La Garde, a une nouvelle fois vu juste. \u00ab\u00a0Ici, il se passe toujours quelque chose\u00a0\u00bb, aime-t-il r\u00e9p\u00e9ter. Ce vendredi 5\u00a0d\u00e9cembre apr\u00e8s-midi, le pont-levis est d\u00e9j\u00e0 relev\u00e9. Les \u00e9quipes du Monumental Tour, dirig\u00e9es par le DJ Micha\u00ebl Canitrot investissent le sanctuaire et installent leur imposant mat\u00e9riel afin de pr\u00e9parer <a href=\"https:\/\/www.laprovence.com\/article\/region\/51441948249106\/inauguration-de-la-bonne-mere-a-marseille-un-spectacle-pour-remercier-les-40-000-donateurs-ayant-ont-repondu-presents\" target=\"_blank\" rel=\"noopener\">le spectacle son et lumi\u00e8re<\/a>, pr\u00e9vu autour de la Bonne M\u00e8re, dimanche 7\u00a0d\u00e9cembre \u00e0 18\u00a0heures.<\/p>\n<p>Mais l\u2019heure n\u2019est pas encore au show qui marquera la fin du chantier de restauration commenc\u00e9 il y a dix mois. Au sein de la basilique, quelque deux cents personnes patientent afin d\u2019assister \u00e0 une b\u00e9n\u00e9diction et une inauguration. En effet, <a href=\"https:\/\/www.laprovence.com\/article\/region\/1122768320426714\/mgr-aveline-cardinal-archeveque-de-marseille-ira-en-mission-de-paix-a-jerusalem-apres-lassomption\" target=\"_blank\" rel=\"noopener\">le cardinal Jean-Marc Aveline<\/a>, archev\u00eaque de Marseille, accueille Karekine II, catholicos de tous les Arm\u00e9niens. En visite depuis la veille, le patriarche supr\u00eame est attendu pour b\u00e9nir un nouveau monument, situ\u00e9 au pied du sanctuaire.<\/p>\n<p><img alt=\"Quelque deux cents personnes \u00e9taient pr\u00e9sentes afin d\u2019assister \u00e0 la b\u00e9n\u00e9diction et l\u2019inauguration de la nouvelle exposition du mus\u00e9e sur les &quot;tr\u00e9sors arm\u00e9niens 1512-1828&quot;.\" loading=\"lazy\" decoding=\"async\" data-nimg=\"fill\" class=\" TwicCore_img__i9TC1 undefined  undefined\" style=\"position:absolute;height:100%;width:100%;left:0;top:0;right:0;bottom:0;color:transparent;background-size:cover;background-position:50% 50%;background-repeat:no-repeat;background-image:url(&quot;data:image\/svg+xml;charset=utf-8,%3Csvg xmlns='http:\/\/www.w3.org\/2000\/svg' %3E%3Cfilter id='b' color-interpolation-filters='sRGB'%3E%3CfeGaussianBlur stdDeviation='20'\/%3E%3CfeColorMatrix values='1 0 0 0 0 0 1 0 0 0 0 0 1 0 0 0 0 0 100 -1' result='s'\/%3E%3CfeFlood x='0' y='0' width='100%25' height='100%25'\/%3E%3CfeComposite operator='out' in='s'\/%3E%3CfeComposite in2='SourceGraphic'\/%3E%3CfeGaussianBlur stdDeviation='20'\/%3E%3C\/filter%3E%3Cimage width='100%25' height='100%25' x='0' y='0' preserveAspectRatio='none' style='filter: url(%23b);' href='https:\/\/pictures.laprovence.com\/cdn-cgi\/image\/blur=250\/media\/melody\/2025\/12\/06\/le-cardinal-jean-marc-aveline-archeveque-de-marseille-a-accueilli-le-catholicos-vendredi-a-notre-dam-1765042977_092bbc32433960d2bbc324339c03bbv_.jpg'\/%3E%3C\/svg%3E&quot;)\"   src=\"https:\/\/www.europesays.com\/fr\/wp-content\/uploads\/2025\/12\/le-cardinal-jean-marc-aveline-archeveque-de-marseille-a-accueilli-le-catholicos-vendredi-a-notre-dam.jpeg\"\/>Quelque deux cents personnes \u00e9taient pr\u00e9sentes afin d\u2019assister \u00e0 la b\u00e9n\u00e9diction et l\u2019inauguration de la nouvelle exposition du mus\u00e9e sur les \u00ab\u00a0tr\u00e9sors arm\u00e9niens 1512-1828\u00a0\u00bb. \/ PHOTO David Rossi<\/p>\n<p>Deux croix, latine et\u00a0arm\u00e9nienne, r\u00e9unies par l\u2019arbre de Vie, comme symboles de l\u2019amiti\u00e9 entre les \u00c9glises catholique et apostolique arm\u00e9nienne, symboles du lien particulier entre Marseille et l\u2019Arm\u00e9nie. \u00ab\u00a0M\u00e9moire, courage et confiance, trois mots qui &#8230;<\/p>\n","protected":false},"excerpt":{"rendered":"Le cardinal Jean-Marc Aveline, archev\u00eaque de Marseille, a accueilli le catholicos vendredi \u00e0 Notre-Dame-de-la-Garde. \/ PHOTO David Rossi&hellip;\n","protected":false},"author":2,"featured_media":582934,"comment_status":"","ping_status":"","sticky":false,"template":"","format":"standard","meta":{"footnotes":""},"categories":[2814],"tags":[17,1111,11,69648,1777,674,1011,27,69649,4415,2831,884,12,4565,882,3583,25,6304],"class_list":{"0":"post-582933","1":"post","2":"type-post","3":"status-publish","4":"format-standard","5":"has-post-thumbnail","7":"category-marseille","8":"tag-17","9":"tag-actu","10":"tag-actualites","11":"tag-catholicos","12":"tag-eu","13":"tag-europe","14":"tag-fr","15":"tag-france","16":"tag-karekine","17":"tag-lien","18":"tag-loisirs-traditions","19":"tag-marseille","20":"tag-news","21":"tag-nouveau","22":"tag-provence-alpes-cote-dazur","23":"tag-qui","24":"tag-republique-francaise","25":"tag-symbole"},"share_on_mastodon":{"url":"https:\/\/pubeurope.com\/@fr\/115674801461149995","error":""},"_links":{"self":[{"href":"https:\/\/www.europesays.com\/fr\/wp-json\/wp\/v2\/posts\/582933","targetHints":{"allow":["GET"]}}],"collection":[{"href":"https:\/\/www.europesays.com\/fr\/wp-json\/wp\/v2\/posts"}],"about":[{"href":"https:\/\/www.europesays.com\/fr\/wp-json\/wp\/v2\/types\/post"}],"author":[{"embeddable":true,"href":"https:\/\/www.europesays.com\/fr\/wp-json\/wp\/v2\/users\/2"}],"replies":[{"embeddable":true,"href":"https:\/\/www.europesays.com\/fr\/wp-json\/wp\/v2\/comments?post=582933"}],"version-history":[{"count":0,"href":"https:\/\/www.europesays.com\/fr\/wp-json\/wp\/v2\/posts\/582933\/revisions"}],"wp:featuredmedia":[{"embeddable":true,"href":"https:\/\/www.europesays.com\/fr\/wp-json\/wp\/v2\/media\/582934"}],"wp:attachment":[{"href":"https:\/\/www.europesays.com\/fr\/wp-json\/wp\/v2\/media?parent=582933"}],"wp:term":[{"taxonomy":"category","embeddable":true,"href":"https:\/\/www.europesays.com\/fr\/wp-json\/wp\/v2\/categories?post=582933"},{"taxonomy":"post_tag","embeddable":true,"href":"https:\/\/www.europesays.com\/fr\/wp-json\/wp\/v2\/tags?post=582933"}],"curies":[{"name":"wp","href":"https:\/\/api.w.org\/{rel}","templated":true}]}}