{"id":582935,"date":"2025-12-06T21:42:13","date_gmt":"2025-12-06T21:42:13","guid":{"rendered":"https:\/\/www.europesays.com\/fr\/582935\/"},"modified":"2025-12-06T21:42:13","modified_gmt":"2025-12-06T21:42:13","slug":"sebastien-delogu-promet-de-nettoyer-au-karcher-ce-systeme-corrompu","status":"publish","type":"post","link":"https:\/\/www.europesays.com\/fr\/582935\/","title":{"rendered":"S\u00e9bastien Delogu promet de \u00abnettoyer au K\u00e4rcher ce syst\u00e8me corrompu\u00bb"},"content":{"rendered":"<p>\n    <strong>REPORTAGE &#8211; <\/strong>Pour son premier meeting qui lan\u00e7ait sa campagne pour les Municipales, en pr\u00e9sence notamment d\u2019Assa Traor\u00e9 et Manuel Bompard, S\u00e9bastien Delogu a accus\u00e9 \u00e0 mots \u00e0 peine couverts la classe politique marseillaise de client\u00e9lisme, y compris les soutiens du maire Beno\u00eet Payan.<\/p>\n<p class=\"fig-paragraph\">\u00abJ\u2019avais demand\u00e9 \u00e0 rentrer sur une musique de l\u2019OM, mais les \u00e9quipes ont refus\u00e9.\u00bb Ainsi,\u00a0<a href=\"http:\/\/www.lefigaro.fr\/politique\/municipales-a-marseille-le-depute-lfi-sebastien-delogu-officialise-sa-candidature-20251116\" data-fig-type=\"NewsFlash\" data-gtm-custom-categorie=\"navigation\" data-gtm-custom-action=\"crossclick\" data-gtm-custom-label=\"Contextuel\" data-gtm-event=\"customEventSPE\" data-fig-domain=\"LEFIGARO\" target=\"_blank\" rel=\"noopener\">S\u00e9bastien Delogu<\/a>\u00a0commence le premier meeting de toute sa vie dans sa course \u00e0 la mairie de Marseille, ce samedi. L\u2019enjeu est grand pour LFI, qui vit sa premi\u00e8re campagne pour les Municipales \u00e0 Marseille. Pour l\u2019occasion, quelques heures plus t\u00f4t, le chef de file des Insoumis Manuel Bompard avait, lui, choisi d\u2019ouvrir la soir\u00e9e sur le c\u00e9l\u00e8bre Bande organis\u00e9e de\u00a0<a href=\"http:\/\/www.lefigaro.fr\/musique\/ouverture-de-la-billetterie-jul-en-hold-up-organise-20251105\" data-fig-type=\"Article\" data-gtm-custom-categorie=\"navigation\" data-gtm-custom-action=\"crossclick\" data-gtm-custom-label=\"Contextuel\" data-gtm-event=\"customEventSPE\" data-fig-domain=\"LEFIGARO\" target=\"_blank\" rel=\"noopener\">Jul<\/a>. Le d\u00e9put\u00e9 de Marseille n\u2019avait pas eu beaucoup \u00e0 faire pour chauffer la salle pleine \u00e0 craquer de la Cartonnerie, dans le tr\u00e8s populaire quartier de la Belle de Mai, o\u00f9 des drapeaux LFI, fran\u00e7ais et palestiniens \u00e9taient hiss\u00e9s haut au-dessus de la foule.<\/p>\n<p class=\"fig-paragraph\">Mais l\u2019entr\u00e9e de S\u00e9bastien Delogu aux Municipales s\u2019est finalement faite sans fond musical, apr\u00e8s une salle suspendue aux l\u00e8vres d<a href=\"http:\/\/www.lefigaro.fr\/faits-divers\/la-militante-assa-traore-visee-par-une-plainte-pour-violences-aggravees-20250601\" data-fig-type=\"NewsFlash\" data-gtm-custom-categorie=\"navigation\" data-gtm-custom-action=\"crossclick\" data-gtm-custom-label=\"Contextuel\" data-gtm-event=\"customEventSPE\" data-fig-domain=\"LEFIGARO\" target=\"_blank\" rel=\"noopener\">\u2019Assa Traor\u00e9<\/a>\u00a0et de ses appels \u00e0 voter pour \u00abS\u00e9bastien\u00bb, \u00abce jeune des quartiers devenu d\u00e9put\u00e9\u00bb dans les quartiers nord de la ville, \u00abun chef qui vous laissera r\u00e9gner\u00bb<\/p>\n<p class=\"fig-premium-paywall__infos\">\n        Cet article est r\u00e9serv\u00e9 aux abonn\u00e9s.        Il vous reste 77% \u00e0 d\u00e9couvrir.\n    <\/p>\n<p>                <img  data- alt=\"Le Figaro\" class=\"fig-img--complete fig-img\"\/><\/p>\n<p class=\"fig-premium-paywall__title\">Vous avez envie de lire la suite ?<\/p>\n<p class=\"fig-premium-paywall__subtitle\">D\u00e9bloquez tous les articles imm\u00e9diatement.<\/p>\n<p class=\"fig-premium-paywall__connect\">\n                D\u00e9j\u00e0 abonn\u00e9\u00a0?                <a class=\"fig-premium-paywall__connect-link\" href=\"https:\/\/connect.lefigaro.fr\/login?client=horizon_web&amp;type=main&amp;redirect_uri=https%3A%2F%2Fwww.lefigaro.fr%2Fmarseille%2Fmunicipales-2026-a-marseille-sebastien-delogu-promet-de-nettoyer-au-kaercher-ce-systeme-corrompu-20251206\" data-js-gtm=\"{&quot;customCategorie&quot;: &quot;conversion&quot;, &quot;customAction&quot;: &quot;before_Landing_Connexion_paywall_auto&quot;, &quot;customLabel&quot;: &quot;bGVmaWdhcm8uZnJfXzFmMGQyZGVjLTc4MTgtNmJhMC04NDZjLTU5NzNkNjk5YjJjN19fTmV3c0ZsYXNo_Municipales 2026 \u00e0 Marseille\u00a0: S\u00e9bastien Delogu promet de \u00abnettoyer au K\u00e4rcher ce syst\u00e8me corrompu\u00bb_289&quot;, &quot;customIDSPE&quot;: &quot;bGVmaWdhcm8uZnJfXzFmMGQyZGVjLTc4MTgtNmJhMC04NDZjLTU5NzNkNjk5YjJjN19fTmV3c0ZsYXNo&quot;, &quot;event&quot;: &quot;customEventSPE&quot;}\" target=\"_blank\" rel=\"noopener\"><br \/>\n                    Connectez-vous<br \/>\n                <\/a>\n            <\/p>\n","protected":false},"excerpt":{"rendered":"REPORTAGE &#8211; Pour son premier meeting qui lan\u00e7ait sa campagne pour les Municipales, en pr\u00e9sence notamment d\u2019Assa Traor\u00e9&hellip;\n","protected":false},"author":2,"featured_media":582936,"comment_status":"","ping_status":"","sticky":false,"template":"","format":"standard","meta":{"footnotes":""},"categories":[2814],"tags":[1111,11,27003,1777,674,1011,27,780,884,3918,3554,12,882,25,10338],"class_list":{"0":"post-582935","1":"post","2":"type-post","3":"status-publish","4":"format-standard","5":"has-post-thumbnail","7":"category-marseille","8":"tag-actu","9":"tag-actualites","10":"tag-assa-traore","11":"tag-eu","12":"tag-europe","13":"tag-fr","14":"tag-france","15":"tag-lfi","16":"tag-marseille","17":"tag-meeting","18":"tag-municipales","19":"tag-news","20":"tag-provence-alpes-cote-dazur","21":"tag-republique-francaise","22":"tag-sebastien-delogu"},"share_on_mastodon":{"url":"https:\/\/pubeurope.com\/@fr\/115674804690273659","error":""},"_links":{"self":[{"href":"https:\/\/www.europesays.com\/fr\/wp-json\/wp\/v2\/posts\/582935","targetHints":{"allow":["GET"]}}],"collection":[{"href":"https:\/\/www.europesays.com\/fr\/wp-json\/wp\/v2\/posts"}],"about":[{"href":"https:\/\/www.europesays.com\/fr\/wp-json\/wp\/v2\/types\/post"}],"author":[{"embeddable":true,"href":"https:\/\/www.europesays.com\/fr\/wp-json\/wp\/v2\/users\/2"}],"replies":[{"embeddable":true,"href":"https:\/\/www.europesays.com\/fr\/wp-json\/wp\/v2\/comments?post=582935"}],"version-history":[{"count":0,"href":"https:\/\/www.europesays.com\/fr\/wp-json\/wp\/v2\/posts\/582935\/revisions"}],"wp:featuredmedia":[{"embeddable":true,"href":"https:\/\/www.europesays.com\/fr\/wp-json\/wp\/v2\/media\/582936"}],"wp:attachment":[{"href":"https:\/\/www.europesays.com\/fr\/wp-json\/wp\/v2\/media?parent=582935"}],"wp:term":[{"taxonomy":"category","embeddable":true,"href":"https:\/\/www.europesays.com\/fr\/wp-json\/wp\/v2\/categories?post=582935"},{"taxonomy":"post_tag","embeddable":true,"href":"https:\/\/www.europesays.com\/fr\/wp-json\/wp\/v2\/tags?post=582935"}],"curies":[{"name":"wp","href":"https:\/\/api.w.org\/{rel}","templated":true}]}}