{"id":582937,"date":"2025-12-06T21:43:14","date_gmt":"2025-12-06T21:43:14","guid":{"rendered":"https:\/\/www.europesays.com\/fr\/582937\/"},"modified":"2025-12-06T21:43:14","modified_gmt":"2025-12-06T21:43:14","slug":"lyon-les-nuits-glacees-des-enfants-sans-toit-tres-loin-de-la-feerie-de-la-fete-des-lumieres","status":"publish","type":"post","link":"https:\/\/www.europesays.com\/fr\/582937\/","title":{"rendered":"Lyon. Les nuits glac\u00e9es des enfants sans toit tr\u00e8s loin de la \u00ab\u00a0f\u00e9\u00e9rie de la F\u00eate des lumi\u00e8res\u00a0\u00bb"},"content":{"rendered":"<p>\u00ab Je suis parti du bled pour que mes enfants aient une vie meilleure. Ce qui m\u2019int\u00e9resse, c\u2019est leur avenir, tout simplement\u00a0\u00bb explique Abdel Baki, pr\u00e9sent ce vendredi 5\u00a0d\u00e9cembre au go\u00fbter solidaire organis\u00e9 devant l\u2019\u00e9cole maternelle Michel Servet par le Comit\u00e9 de soutien de l\u2019\u00e9cole aux familles sans abris.<\/p>\n<p>Avec son \u00e9pouse et ses quatre enfants mineurs dont deux d\u2019entre eux sont scolaris\u00e9s dans cet \u00e9tablissement scolaire du bas des pentes, ils ont trouv\u00e9 temporairement refuge dans le gymnase. \u00c0 la rue, il y a peu, ils b\u00e9n\u00e9ficient aujourd\u2019hui&#8230;<\/p>\n","protected":false},"excerpt":{"rendered":"\u00ab Je suis parti du bled pour que mes enfants aient une vie meilleure. Ce qui m\u2019int\u00e9resse, c\u2019est&hellip;\n","protected":false},"author":2,"featured_media":582938,"comment_status":"","ping_status":"","sticky":false,"template":"","format":"standard","meta":{"footnotes":""},"categories":[1889],"tags":[1111,11,2430,2757,1057,1777,674,1011,27,2428,2756,10425,12,25,2429,3151],"class_list":{"0":"post-582937","1":"post","2":"type-post","3":"status-publish","4":"format-standard","5":"has-post-thumbnail","7":"category-lyon","8":"tag-actu","9":"tag-actualites","10":"tag-auvergne-rhone-alpes","11":"tag-edition-lyon-villeurbanne","12":"tag-education","13":"tag-eu","14":"tag-europe","15":"tag-fr","16":"tag-france","17":"tag-lyon","18":"tag-lyon-bassin","19":"tag-maternelle-elementaire","20":"tag-news","21":"tag-republique-francaise","22":"tag-rhone","23":"tag-selection-de-la-redaction-69"},"share_on_mastodon":{"url":"https:\/\/pubeurope.com\/@fr\/115674808688400499","error":""},"_links":{"self":[{"href":"https:\/\/www.europesays.com\/fr\/wp-json\/wp\/v2\/posts\/582937","targetHints":{"allow":["GET"]}}],"collection":[{"href":"https:\/\/www.europesays.com\/fr\/wp-json\/wp\/v2\/posts"}],"about":[{"href":"https:\/\/www.europesays.com\/fr\/wp-json\/wp\/v2\/types\/post"}],"author":[{"embeddable":true,"href":"https:\/\/www.europesays.com\/fr\/wp-json\/wp\/v2\/users\/2"}],"replies":[{"embeddable":true,"href":"https:\/\/www.europesays.com\/fr\/wp-json\/wp\/v2\/comments?post=582937"}],"version-history":[{"count":0,"href":"https:\/\/www.europesays.com\/fr\/wp-json\/wp\/v2\/posts\/582937\/revisions"}],"wp:featuredmedia":[{"embeddable":true,"href":"https:\/\/www.europesays.com\/fr\/wp-json\/wp\/v2\/media\/582938"}],"wp:attachment":[{"href":"https:\/\/www.europesays.com\/fr\/wp-json\/wp\/v2\/media?parent=582937"}],"wp:term":[{"taxonomy":"category","embeddable":true,"href":"https:\/\/www.europesays.com\/fr\/wp-json\/wp\/v2\/categories?post=582937"},{"taxonomy":"post_tag","embeddable":true,"href":"https:\/\/www.europesays.com\/fr\/wp-json\/wp\/v2\/tags?post=582937"}],"curies":[{"name":"wp","href":"https:\/\/api.w.org\/{rel}","templated":true}]}}