{"id":582941,"date":"2025-12-06T21:47:05","date_gmt":"2025-12-06T21:47:05","guid":{"rendered":"https:\/\/www.europesays.com\/fr\/582941\/"},"modified":"2025-12-06T21:47:05","modified_gmt":"2025-12-06T21:47:05","slug":"direct-miss-france-2026-les-12-demi-finalistes-bientot-selectionnees-apres-le-defile-en-maillot-de-bain-suivez-lelection","status":"publish","type":"post","link":"https:\/\/www.europesays.com\/fr\/582941\/","title":{"rendered":"DIRECT. Miss France 2026 : les 12 demi-finalistes bient\u00f4t s\u00e9lectionn\u00e9es apr\u00e8s le d\u00e9fil\u00e9 en maillot de bain, suivez l\u2019\u00e9lection"},"content":{"rendered":"<p>22:36<\/p>\n<p>Le d\u00e9fil\u00e9 en maillot de bain, derni\u00e8re \u00e9tape pour l\u2019ensemble des participantes<\/p>\n<p>C\u2019est leur ultime d\u00e9fil\u00e9 \u00e0 30, avant que ne soient annonc\u00e9es une par une les douze demi-finalistes. Sujet de lutte entre TF1 et Genevi\u00e8ve de Fontenay dans les ann\u00e9es 2000 le d\u00e9fil\u00e9 en maillot de bain reste en une pi\u00e8ce. La reine des Miss, connue pour son franc-parler, avait fini par transiger sur l\u2019apparition du deux pi\u00e8ces lors de l\u2019\u00e9lection 2006, r\u00e9serv\u00e9e au top 12. Et la tradition a perdur\u00e9.<\/p>\n<p>Cette ann\u00e9e, l&rsquo;h\u00f4tesse de l&rsquo;air Ang\u00e9lique Angarni-Filopon prend les r\u00eanes du d\u00e9fil\u00e9 aux c\u00f4t\u00e9s des aspirantes au titre de Miss France 2026. Elles d\u00e9filent non pas par r\u00e9gion ou ordre alphab\u00e9tique, mais en fonction de la taille des candidates, de la plus petite \u00e0 la plus grande.<\/p>\n<p>22:35<\/p>\n<p>Une hu\u00eetre peut en cacher une autre\u2026 ou un saumon !<\/p>\n<p>En fid\u00e8les des Miss que nous sommes, nous ne pouvons nous emp\u00eacher de souligner que les coquillages, crustac\u00e9s et autres poissons ont d\u00e9j\u00e0 eu leur heure de gloire, alors que Miss Aquitaine en hu\u00eetre semble \u00eatre en train de casser Internet.<\/p>\n<p>Dernier en date : le saumon, costume national de Miss Norv\u00e8ge lors du concours de Miss Univers 2025.\u00a0<\/p>\n<p>22:27<\/p>\n<p>X se r\u00e9gale des costumes r\u00e9gionaux<\/p>\n<p>Alors que le costume de Miss Guyane vient de remporter le prix de la tenue r\u00e9gionale, les r\u00e9seaux sociaux sont comme chaque ann\u00e9e en furie autour de l&rsquo;\u00e9lection. Morceaux (et rires) choisis.<\/p>\n<p>22:22<\/p>\n<p>Chaque ann\u00e9e, un r\u00e9gal pour les yeux<\/p>\n<p>Pendant que la Garde r\u00e9publicaine se lan\u00e7ait sur du Michel Sardou (apr\u00e8s du Aya Nakamura, pourquoi pas), on a donc vu ne cigogne alsacienne, une hu\u00eetre du bassin d&rsquo;Arcachon, un Guignol, les vitraux de Notre-Dame, une tasse en porcelaine, la b\u00eate du G\u00e9vaudan\u2026 On vous voit aussi crier devant votre t\u00e9l\u00e9 quand vous \u00ab avez la ref \u00bb du costume.<\/p>\n<p>22:16<\/p>\n<p>Place aux costumes r\u00e9gionaux<\/p>\n<p>C\u2019est toujours un moment tr\u00e8s attendu de la c\u00e9r\u00e9monie. Depuis 2017, le comit\u00e9 a d\u00e9finitivement abandonn\u00e9 les tenues folkloriques au profit <a href=\"https:\/\/www.leparisien.fr\/culture-loisirs\/miss-france\/miss-france-2025-chateau-fort-moulin-rouge-rocher-bouclier-des-costumes-regionaux-delirants-14-12-2024-OZM2OVD235DN7LGZUQX2JQMKOE.php\" target=\"_blank\" rel=\"noopener\">d\u2019un concours ouvert aux jeunes cr\u00e9ateurs de chaque r\u00e9gion<\/a>, qui doivent mettre en valeur leur territoire \u00ab de fa\u00e7on moderne \u00bb\u00a0 \u00e0 travers une tenue. Un prix est attribu\u00e9 chaque ann\u00e9e au meilleur costume. Lors de l\u2019\u00e9dition pr\u00e9c\u00e9dente, c\u2019est Miss \u00cele-de-France, Julie Dupont qui avait \u00e9t\u00e9 r\u00e9compens\u00e9e avec une tenue hommage au Moulin Rouge.<\/p>\n<p><img decoding=\"async\" src=\"https:\/\/www.europesays.com\/fr\/wp-content\/uploads\/2025\/12\/T7KT6RLS4FC7LPLXFFIOBZZNSY.jpg\"\/>LP \/ Fred Dugit<\/p>\n<p>22:15<\/p>\n<p>Qui est le grand patron des Miss ?<\/p>\n<p>Fr\u00e9d\u00e9ric Gilbert, qui remercie actuellement les d\u00e9l\u00e9gu\u00e9s r\u00e9gionaux, officie en tant que pr\u00e9sident de la soci\u00e9t\u00e9 Miss France depuis janvier 2024, apr\u00e8s avoir succ\u00e9d\u00e9 \u00e0 Alexia Laroche-Joubert. Celui qui a commenc\u00e9 \u00e0 22 ans en tant qu\u2019assistant de production de \u00ab Plein les yeux \u00bb, anim\u00e9 par Carole Rousseau et Jacques Legros sur TF 1 est surtout <a href=\"https:\/\/www.leparisien.fr\/culture-loisirs\/miss-france\/miss-france-2025-lincroyable-collection-sur-le-cinema-du-patron-du-concours-frederic-gilbert-10-12-2024-AMWFBWPGCREVLMA545XNQKF5H4.php\" target=\"_blank\" rel=\"noopener\">un passionn\u00e9 des classiques du cin\u00e9ma am\u00e9ricain<\/a> depuis l\u2019adolescence.<\/p>\n<p><img decoding=\"async\" src=\"https:\/\/www.europesays.com\/fr\/wp-content\/uploads\/2025\/12\/XVZWUBJPE5FUTGDI4DQUMKGXNE.jpg\"\/>LP\/Arnaud Journois<\/p>\n<p>22:13<\/p>\n<p>Et la chute pour Miss Midi-Pyr\u00e9n\u00e9es !<\/p>\n<p>Alors qu&rsquo;elle repartait de son passage sur le proscenium L\u00e9a Chabrel a chut\u00e9 l\u00e9g\u00e8rement et a d\u00fb poser un genou \u00e0 terre avant de se relever. En tant que Midi-Pyr\u00e9enne, votre humble servante a mal au c\u0153ur, il faut vous le dire.<\/p>\n<p>22:07<\/p>\n<p>\u00ab Loooooove, exciting and new \u00bb\u2026<\/p>\n<p>\u00ab Le commandant Foucault est heureux vous accueillir \u00bb, pour la croisi\u00e8re du tableau des dix derni\u00e8res Miss en lice ce soir. Avec une premi\u00e8re escale en Egypte.<\/p>\n<p><img decoding=\"async\" src=\"https:\/\/www.europesays.com\/fr\/wp-content\/uploads\/2025\/12\/LK4OLZQFFZCOFL7F6ZTMQG6COM.jpg\"\/>LP \/ Arnaud Dumontier<\/p>\n<p>22:05<\/p>\n<p>Julie Decroix, Miss Alsace<\/p>\n<p>D\u2019origine franco-ivoirienne, <a href=\"https:\/\/www.leparisien.fr\/culture-loisirs\/miss-france\/miss-france-2026-qui-est-miss-alsace-julie-decroix-30-11-2025-H46K5EVGVBDQPDF2OQ5NPHX2HI.php\" target=\"_blank\" rel=\"noopener\">Julie Decroix<\/a> a d\u2019abord habit\u00e9 au Mali et au S\u00e9n\u00e9gal, avant de poser ses valises \u00e0 Blotzheim (Haut-Rhin), avec sa famille, alors qu\u2019elle \u00e9tait adolescente. \u00c0 ses yeux, \u00ab \u00eatre Miss France, c\u2019est avant tout incarner une figure \u00e0 l\u2019\u00e9coute, engag\u00e9e et porteuse d\u2019espoir pour celles et ceux qui en ont besoin \u00bb.<\/p>\n<p>Cette fan de Florent Pagny, aujourd\u2019hui \u00e2g\u00e9e de 20 ans, d\u00e9teste les films d\u2019horreur et partage son temps libre entre la course \u00e0 pied, le chant et la lecture.<\/p>\n<p><img decoding=\"async\" src=\"https:\/\/www.europesays.com\/fr\/wp-content\/uploads\/2025\/12\/QBBP3EAXWBHF3P5KFYU56VRODQ.jpg\"\/>BENJAMIN DECOIN \/ SIPA<\/p>\n<p>22:05<\/p>\n<p>Victoire Dupuis, Miss Normandie<\/p>\n<p>Sacr\u00e9e un vendredi 13 dans sa Normandie natale, <a href=\"https:\/\/www.leparisien.fr\/culture-loisirs\/miss-france\/miss-france-2026-qui-est-miss-normandie-victoire-dupuis-05-12-2025-RUGGO3JC3RFYPMPJGU2G5UGHV4.php\" target=\"_blank\" rel=\"noopener\">Victoire Dupuis<\/a> porte dans son pr\u00e9nom sa volont\u00e9 de s\u2019imposer. La Rouennaise de 20 ans porte haut les couleurs de sa r\u00e9gion et \u00e9tudie dans une \u00e9cole de communication, marketing et publicit\u00e9, pour devenir pr\u00e9sentatrice t\u00e9l\u00e9.\u00a0<\/p>\n<p>Celle qui ne commence jamais sa journ\u00e9e sans une tasse de th\u00e9 est \u00e9galement une adepte du yoga, apr\u00e8s avoir pratiqu\u00e9 l\u2019\u00e9quitation pendant 12 ans durant son enfance et son adolescence.<\/p>\n<p><img decoding=\"async\" src=\"https:\/\/www.europesays.com\/fr\/wp-content\/uploads\/2025\/12\/2EWOQHFJJNEULCEUDFPTECR2MA.jpg\"\/>BENJAMIN DECOIN \/ SIPA<\/p>\n<p>22:04<\/p>\n<p>Lola Winter, Miss Pays de la Loire<\/p>\n<p>Non, <a href=\"https:\/\/www.leparisien.fr\/culture-loisirs\/miss-france\/miss-france-2026-qui-est-miss-pays-de-la-loire-lola-winter-04-12-2025-HZZ5TNFWIJFGHPTFAQ3U3QUKJI.php\" target=\"_blank\" rel=\"noopener\">Lola Winter<\/a> n\u2019a pas de lien de famille avec la chanteuse Oph\u00e9lie Winter, ni le DJ Pedro Winter\u2026 En grande bosseuse, elle travaille l\u2019\u00e9t\u00e9 et les samedis sur le march\u00e9 de la commune depuis qu\u2019elle a 16 ans, elle sait se montrer pers\u00e9v\u00e9rante. L\u2019an pass\u00e9, elle avait fini premi\u00e8re dauphine de Miss Pays de la Loire alors qu\u2019elle venait de d\u00e9crocher son bac. Puis s\u2019est repr\u00e9sent\u00e9e, alors qu\u2019elle a entam\u00e9 depuis une licence \u00e0 la facult\u00e9 de droit de Nantes, avec l\u2019ambition de devenir avocate sp\u00e9cialis\u00e9e en droit des affaires.<\/p>\n<p>Elle d\u00e9clare aimer se promener sur la plage, profiter de sa famille et de ses amis. Si on lorgne les vitrines d\u2019un p\u00e2tissier, elle avoue un faible pour les tartes au citron\u2026 et ne sert que du sel de Gu\u00e9rande !<\/p>\n<p><img decoding=\"async\" src=\"https:\/\/www.europesays.com\/fr\/wp-content\/uploads\/2025\/12\/1765057590_334_5TQNIQZ5CZDQRN3HLVTD3Z4EL4.jpg\"\/>BENJAMIN DECOIN \/ SIPA<\/p>\n<p>22:03<\/p>\n<p>L\u00e9a Chabrel, Miss Midi-Pyr\u00e9n\u00e9es<\/p>\n<p>Son petit accent chantant vous transporte en un claquement de doigts dans le Sud-Ouest. Originaire de Tarascon-sur-Ari\u00e8ge (Ari\u00e8ge), <a href=\"https:\/\/www.leparisien.fr\/culture-loisirs\/miss-france\/miss-france-2026-qui-est-miss-midi-pyrenees-lea-chabrel-02-12-2025-P353INBSSNFXFEB3476B4NSQP4.php\" target=\"_blank\" rel=\"noopener\">L\u00e9a Chabrel<\/a>, ancienne championne de France de Volley, sport qu\u2019elle pratique depuis l\u2019\u00e2ge de 7 ans &#8211; elle \u00e9volue toujours \u00e0 l\u2019AS L\u2019Union, pr\u00e8s de Toulouse (Haute-Garonne) &#8211; se lance dans une nouvelle comp\u00e9tition.<\/p>\n<p>\u00c2g\u00e9e de 24 ans, la jeune femme vient de terminer ses \u00e9tudes d\u2019ost\u00e9opathie et exerce \u00e0 son compte. Pour elle, c\u2019est une vocation. Elle a choisi ce m\u00e9tier \u00ab pour le soin, le contact humain et pour donner du bien-\u00eatre autour de moi \u00bb.<\/p>\n<p><img decoding=\"async\" src=\"https:\/\/www.europesays.com\/fr\/wp-content\/uploads\/2025\/12\/NIGVCQXYO5DTBFNGFKMHZJ4V2M.jpg\"\/>BENJAMIN DECOIN \/ SIPA<\/p>\n<p>22:02<\/p>\n<p>No\u00e9mie Baiamonte, Miss Rh\u00f4ne-Alpes<\/p>\n<p>Il y a encore quelques ann\u00e9es, elle n\u2019aurait pas pu se pr\u00e9senter. <a href=\"https:\/\/www.leparisien.fr\/culture-loisirs\/miss-france\/miss-france-2026-qui-est-miss-rhone-alpes-noemie-baiamonte-05-12-2025-TSHMHM6LJJDVDJHRRZSX4O37DQ.php\" target=\"_blank\" rel=\"noopener\">No\u00e9mie Baiamonte<\/a> pr\u00e9sente un d\u00e9tail qui a de quoi surprendre dans le monde des Miss. Ou plut\u00f4t cinq : des tatouages, principalement sur son bras gauche, dont un dragon rouge vif.\u00a0<\/p>\n<p>Pass\u00e9e par deux autres \u00e9lections locales avant de d\u00e9crocher sa couronne, la jeune femme de 21 ans est actuellement \u00e9tudiante en premi\u00e8re ann\u00e9e au sein de l\u2019\u00e9cole de cin\u00e9ma EICAR \u00e0 Villeurbanne (Rh\u00f4ne), mais a d\u00e9j\u00e0 tr\u00e8s bien son objectif en t\u00eate : devenir plasticienne, c\u2019est-\u00e0-dire maquilleuse sp\u00e9cialis\u00e9e dans les effets sp\u00e9ciaux pour le cin\u00e9ma.<\/p>\n<p><img decoding=\"async\" src=\"https:\/\/www.europesays.com\/fr\/wp-content\/uploads\/2025\/12\/PIGLZBXU6VDPNEQ6K4JEWW7W4M.jpg\"\/>BENJAMIN DECOIN \/ SIPA<\/p>\n<p>22:01<\/p>\n<p>L\u00e9aline Patry, Miss Martinique<\/p>\n<p>\u201cLe vent ne coop\u00e8re pas \u00bb. <a href=\"https:\/\/www.leparisien.fr\/culture-loisirs\/miss-france\/miss-france-2026-qui-est-miss-martinique-lealine-patry-01-12-2025-PIAWGY6KKNEQDJGJFE6Y7YC6H4.php\" target=\"_blank\" rel=\"noopener\">L\u00e9aline Patry<\/a> fait partie de celles qui ont d\u00fb lutter avec la m\u00e9t\u00e9o lors du tournage de leur portrait. Mais \u00e7a n\u2019a pas remis en cause sa joie \u00e0 la d\u00e9couverte des images : \u00ab La qualit\u00e9 de cet appareil\u2026 C\u2019est quoi la r\u00e9f\u00e9rence ? Que je puisse m\u2019en procurer un ! \u00bb.<\/p>\n<p>\u00c0 21 ans, cette \u00e9tudiante en stylisme est une grande passionn\u00e9e du monde des Miss, depuis son enfance. Selon elle, le concours ne se limite pas \u00e0 une question de beaut\u00e9 mais il est \u00e9galement un v\u00e9ritable tremplin pour faire entendre sa voix et d\u00e9fendre des id\u00e9aux. Son travail en maisons de quartiers lui a permis de d\u00e9couvrir la richesse des histoires et des philosophies de vie des personnes \u00e2g\u00e9es. Cette fan de \u00ab La Chronique des Bridgerton \u00bb\u00a0 veut partager ces valeurs \u00e0 travers la transmission interg\u00e9n\u00e9rationnelle.<\/p>\n<p><img decoding=\"async\" src=\"https:\/\/www.europesays.com\/fr\/wp-content\/uploads\/2025\/12\/IJCL3IYUBRBARLDTUZRQAVNOBI.jpg\"\/>BENJAMIN DECOIN \/ SIPA<\/p>\n<p>22:00<\/p>\n<p>Manon Mateus, Miss Corse<\/p>\n<p>Originaire de Sart\u00e8ne (Corse-du-Sud), la jeune femme de 23 ans est \u00e0 la t\u00eate de sa propre entreprise, elle parcourt l\u2019\u00eele de Beaut\u00e9 avec sa boutique de vente ambulante de glaces. Si <a href=\"https:\/\/www.leparisien.fr\/culture-loisirs\/miss-france\/miss-france-2026-qui-est-miss-corse-manon-mateus-05-12-2025-E63HATLJ7RB47J5BQ4JT7EBTF4.php\" target=\"_blank\" rel=\"noopener\">Manon Mateus<\/a> a grandi \u00e0 Ormesson-sur-Marne (Val-de-Marne) jusqu\u2019\u00e0 ses 17 ans, elle a fait de la Corse son \u00eele d\u2019adoption et cherche d\u00e9sormais \u00e0 aller conqu\u00e9rir un titre que le territoire attend depuis 1920 et sa derni\u00e8re Miss France.<\/p>\n<p><img decoding=\"async\" src=\"https:\/\/www.europesays.com\/fr\/wp-content\/uploads\/2025\/12\/EOSHRKGYZ5BIVDP3JGZA7K3CTA.jpg\"\/>BENJAMIN DECOIN \/ SIPA<\/p>\n<p>22:00<\/p>\n<p>Hinaupoko Dev\u00e8ze, Miss Tahiti<\/p>\n<p>Alerte favorite annuelle ! <a href=\"https:\/\/www.leparisien.fr\/culture-loisirs\/miss-france\/miss-france-2026-qui-est-miss-tahiti-hinaupoko-deveze-04-12-2025-FCG3GEJ7JNCJVGGHSVHDAGRINQ.php\" target=\"_blank\" rel=\"noopener\">Hinaupoko Dev\u00e8ze<\/a> a su captiver les regards et les m\u00e9dias d\u00e8s son \u00e9lection, au mois de juin. M\u00e9tisse, d\u2019origine marquisienne par sa m\u00e8re et m\u00e9tropolitaine par son p\u00e8re, elle a grandi entre la Polyn\u00e9sie fran\u00e7aise et le sud de l\u2019Hexagone. Apr\u00e8s un s\u00e9jour en m\u00e9tropole, elle a choisi de rentrer \u00e0 Tahiti pour renouer avec ses racines.\u00a0<\/p>\n<p>Avant de se lancer dans l\u2019aventure des Miss, elle \u00e9tait en licence de psychologie et n\u2019a pas cach\u00e9 qu\u2019elle avait souffert d\u2019un burn-out. En parall\u00e8le, elle travaille aussi dans une entreprise touristique en tant que secr\u00e9taire administrative et organisatrice de s\u00e9jour \u00e9co-responsable \u00e0 destination des \u00eeles Marquises.<\/p>\n<p><img decoding=\"async\" src=\"https:\/\/www.europesays.com\/fr\/wp-content\/uploads\/2025\/12\/KG5DMR5AJNDZ5KHKTEHKI4PVPM.jpg\"\/>BENJAMIN DECOIN \/ SIPA<\/p>\n<p>21:59<\/p>\n<p>Luna Maiolino, Miss C\u00f4te d\u2019Azur<\/p>\n<p>Dipl\u00f4m\u00e9e d\u2019un bac STMG en 2024, la jeune femme de 19 ans est originaire d\u2019Antibes (Alpes-Maritimes). Elle aspire \u00e0 entamer des \u00e9tudes en techniques de commercialisation, qui ont pour l\u2019heure \u00e9t\u00e9 quelque peu bouscul\u00e9es par son titre.\u00a0<\/p>\n<p>Durant le tournage de son portrait, <a href=\"https:\/\/www.leparisien.fr\/culture-loisirs\/miss-france\/miss-france-2026-decouvrez-les-30-portraits-officiels-des-pretendantes-a-la-couronne-10-11-2025-C6KJMX43PFCEXJMTYTHYDNORXU.php\" target=\"_blank\" rel=\"noopener\">Luna Maiolino<\/a> n\u2019a pas h\u00e9sit\u00e9 comme d\u2019autres de ses camarades \u00e0 prendre la cam\u00e9ra pour \u00ab vlogger \u00bb et faire d\u00e9couvrir l\u2019envers du d\u00e9cor, entre rafales de vent et raccords maquillage.<\/p>\n<p><img decoding=\"async\" src=\"https:\/\/www.europesays.com\/fr\/wp-content\/uploads\/2025\/12\/IVYGFSTUSRHLJL236RNAH5K6C4.jpg\"\/>BENJAMIN DECOIN \/ SIPA<\/p>\n<p>21:58<\/p>\n<p>Emma Boivin, Miss Picardie<\/p>\n<p>C\u2019est la locale de l\u2019\u00e9tape, ne vous \u00e9tonnez pas si le public crie un peu plus fort lorsqu\u2019elle fait son apparition sur le podium. Lors du tournage de son portrait \u00e0 Chantilly (Oise), au ch\u00e2teau de Montvillargenne, <a href=\"https:\/\/www.leparisien.fr\/culture-loisirs\/miss-france\/miss-france-2026-qui-est-miss-picardie-emma-boivin-04-12-2025-NWQ4LV6ORRDQXMISJJPCOCARCY.php\" target=\"_blank\" rel=\"noopener\">Emma Boivin<\/a> a doucement commenc\u00e9 \u00e0 \u00ab r\u00e9aliser \u00bb l\u2019aventure qu\u2019elle vivait.<\/p>\n<p>\u00c0 25 ans, l\u2019infirmi\u00e8re qui exerce au service de cardiologie en soins intensifs au CHU d\u2019Amiens (Somme), \u00ab jure avoir trouv\u00e9 sa voie, anim\u00e9e par le don de soi et l\u2019envie d\u2019aider les autres \u00bb. Passionn\u00e9e de voyages, elle a d\u00e9j\u00e0 particip\u00e9 \u00e0 une mission au Cambodge dans des h\u00f4pitaux.<\/p>\n<p><img decoding=\"async\" src=\"https:\/\/www.europesays.com\/fr\/wp-content\/uploads\/2025\/12\/JETKI6BWHRCPNM6NRLQ5Y6QMZ4.jpg\"\/>BENJAMIN DECOIN \/ SIPA<\/p>\n<p>21:55<\/p>\n<p>Premi\u00e8re pause publicitaire, on fait le plein !<\/p>\n<p>On en profite pour vous rappeler qu&rsquo;il s&rsquo;agit du moment id\u00e9al pour passer aux toilettes, refaire le plein de munitions niveau bonbons, sucreries et boissons ou encore aller chercher un plaid en ce mois de d\u00e9cembre.\u00a0<\/p>\n<p>On a encore un peu moins de 3 heures avant de conna\u00eetre le nom de Miss France 2026, il va nous falloir tenir !<\/p>\n<p>21:54<\/p>\n<p>21:46<\/p>\n<p>Deuxi\u00e8me tableau avec des robes en n\u00e9on\u2026<\/p>\n<p>\u00ab Ce qu&rsquo;on ne leur fait pas faire quand m\u00eame\u2026 \u00bb, entend-on pr\u00e8s de nous. Car pour ce tableau les Miss ont rev\u00eatu des tenues argent\u00e9es orn\u00e9es de n\u00e9on. On vous laisse juge, entre Patrick Juvet et Kavinsky en fond sonore, on n&rsquo;oublie pas de se mouiller la nuque comme chaque ann\u00e9e.<\/p>\n<p><img decoding=\"async\" src=\"https:\/\/www.europesays.com\/fr\/wp-content\/uploads\/2025\/12\/VTFK6ZK725F7BHQQCOH3CSY2AE.jpg\"\/>LP \/ Arnaud Dumontier<\/p>\n<p>21:43<\/p>\n<p>Jade Cholley, Miss Franche-Comt\u00e9<\/p>\n<p>\u00ab Petite, on se moquait de moi parce que j\u2019\u00e9tais trop grande et on m\u2019a toujours dit que Miss France n\u2019\u00e9tait pas pour moi\u2026 Eh bien merci, gr\u00e2ce \u00e0 vous, j\u2019en suis l\u00e0 aujourd\u2019hui \u00bb, glisse, d\u00e9termin\u00e9e, <a href=\"https:\/\/www.leparisien.fr\/culture-loisirs\/miss-france\/miss-france-2026-qui-est-miss-franche-comte-jade-cholley-03-12-2025-DMUQ6Y67WZBM7I3UM3XVZVBPSI.php\" target=\"_blank\" rel=\"noopener\">Jade Cholley<\/a>, 19 ans au compteur, dans le making-of de son portrait.<\/p>\n<p>Celle que ses proches surnomment affectueusement \u00ab Jadou \u00bb \u00e9tudie actuellement pour devenir agent immobilier car elle aime l\u2019id\u00e9e de pouvoir accompagner les gens dans leurs projets de vie. Devenir Miss est un \u00ab r\u00eave de petite fille \u00bb et elle s\u2019entra\u00eene \u00e0 marcher avec des talons depuis des ann\u00e9es pour y arriver.<\/p>\n<p><img decoding=\"async\" src=\"https:\/\/www.europesays.com\/fr\/wp-content\/uploads\/2025\/12\/NRIPUM3EJ5GQRE4W27RKTZZUDE.jpg\"\/>BENJAMIN DECOIN \/ SIPA<\/p>\n<p>21:42<\/p>\n<p>Alicia Mertosetiko, Miss Guyane<\/p>\n<p>\u00ab Miss France, c\u2019est un moment unique et je n\u2019ai pas h\u00e2te de la fin \u00bb, glissait <a href=\"https:\/\/www.leparisien.fr\/culture-loisirs\/miss-france\/miss-france-2026-qui-est-miss-guyane-alicia-mertosetiko-03-12-2025-Y65DVP3HMVARLEAKTQTRVHKFGI.php\" target=\"_blank\" rel=\"noopener\">Alicia Mertosetiko<\/a> lors du tournage de son portrait. Cette \u00e9tudiante en deuxi\u00e8me ann\u00e9e de BTS Professions Immobili\u00e8res, en alternance, est originaire de la commune de Remire-Montjoly dans la banlieue r\u00e9sidentielle de Cayenne.<\/p>\n<p>Celle qui pratique le handball depuis l\u2019\u00e2ge de 7 ans et en joue encore aujourd\u2019hui \u00e0 20 ans &#8211; elle a \u00e9t\u00e9 sacr\u00e9e meilleure marqueuse de son club en avril -, a l\u2019\u00e2me d\u2019une comp\u00e9titrice. Elle est d\u2019ailleurs encore assistante du coach aupr\u00e8s de l\u2019\u00e9quipe masculine de son club en Guyane.<\/p>\n<p><img decoding=\"async\" src=\"https:\/\/www.europesays.com\/fr\/wp-content\/uploads\/2025\/12\/OTCQ3IKPFRHLNNDREQWC4AO7MA.jpg\"\/>BENJAMIN DECOIN \/ SIPA<\/p>\n<p>21:41<\/p>\n<p>Mareva Michel, Miss \u00cele-de-France<\/p>\n<p>Si son pr\u00e9nom vous dit quelque chose, c\u2019est normal, elle le tient de deux Miss. <a href=\"https:\/\/www.leparisien.fr\/culture-loisirs\/miss-france\/miss-france-2026-qui-est-miss-ile-de-france-mareva-michel-30-11-2025-IQB77YGBQBEF5MWWRAJ4TCZMWI.php\" target=\"_blank\" rel=\"noopener\">Mareva Michel<\/a> a \u00e9t\u00e9 baptis\u00e9e en hommage \u00e0 Mareva Georges (Miss France 1991) et Mareva Galanter (Miss France 1999) toutes deux originaires de Tahiti.\u00a0<\/p>\n<p>C\u2019est en tant que Miss Yvelines qu\u2019a d\u00e9marr\u00e9 le <a href=\"https:\/\/www.leparisien.fr\/culture-loisirs\/miss-france\/miss-france-2026-qui-est-mareva-michel-elue-miss-ile-de-france-21-09-2025-YDY4RYAMX5GDRLWZRS4QE6RJ5A.php\" target=\"_blank\" rel=\"noopener\">parcours de la Franco-Mexicaine<\/a> de 22 ans, originaire de Maisons-Laffitte. Les Miss, c\u2019est simple, elle a baign\u00e9 dedans : sa m\u00e8re et sa tante ont \u00e9t\u00e9 des reines de beaut\u00e9 dans leur pays natal.<\/p>\n<p><img decoding=\"async\" src=\"https:\/\/www.europesays.com\/fr\/wp-content\/uploads\/2025\/12\/NNVNXD6YLVBITIE3QRNQSJNGYM.jpg\"\/>BENJAMIN DECOIN \/ SIPA<\/p>\n<p>21:41<\/p>\n<p>Kamillat Hervian, Miss Mayotte<\/p>\n<p>\u00c0 24 ans, <a href=\"https:\/\/www.leparisien.fr\/culture-loisirs\/miss-france\/miss-france-2026-qui-est-miss-mayotte-kamillat-hervian-01-12-2025-XEQMTWQUXVHRNM5WPPBL5CU3DY.php\" target=\"_blank\" rel=\"noopener\">Kamillat Hervian<\/a> est une passionn\u00e9e de th\u00e9\u00e2tre et de musique. Dans un journal intime, elle raconte m\u00eame tous les d\u00e9tails de sa pr\u00e9paration pour remporter la couronne. Tr\u00e8s sportive, elle n\u2019a pas seulement la fibre artistique. En pratiquant le karat\u00e9 depuis l\u2019\u00e2ge de 3 ans, \u00ab elle a d\u00e9velopp\u00e9 force, r\u00e9silience et des valeurs comme le respect, la fraternit\u00e9 et la responsabilit\u00e9 \u00bb.<\/p>\n<p>Son cursus ? Une \u00e9cole de cin\u00e9ma, pour devenir actrice. Mais elle est \u00e9galement musicienne, pratique la guitare \u00e9lectrique et le piano. Le soir de la grande finale, elle compte d\u00e9fendre une cause qui lui tient tr\u00e8s \u00e0 c\u0153ur : celle des violences faites aux femmes, qu\u2019elles soient psychologiques, conjugales ou sexuelles, mais aussi le racisme.<\/p>\n<p><img decoding=\"async\" src=\"https:\/\/www.europesays.com\/fr\/wp-content\/uploads\/2025\/12\/AYQZSCYXDNDP3BFASHKOLEKGCM.jpg\"\/>BENJAMIN DECOIN \/ SIPA<\/p>\n<p>21:40<\/p>\n<p>Alo\u00efce Sejotte, Miss Limousin<\/p>\n<p>On se doit de vous le dire, on a un petit coup de c\u0153ur pour <a href=\"https:\/\/www.leparisien.fr\/culture-loisirs\/miss-france\/miss-france-2026-qui-est-miss-limousin-aloice-sejotte-02-12-2025-OC4VW654DFE4RADL2A6XVVNMZI.php\" target=\"_blank\" rel=\"noopener\">Alo\u00efce Sejotte<\/a> depuis le jour de son sacre. \u00c2g\u00e9e de 24 ans, la Miss de Chamboret (Haute-Vienne) nous a d\u2019autant plus captiv\u00e9s lors du tournage de son portrait o\u00f9 elle n\u2019a manqu\u00e9 ni d\u2019humour, ni de r\u00e9partie.\u00a0<\/p>\n<p>Ce que son travail dans la maroquinerie de luxe lui apporte ? \u00ab \u00c7a m&rsquo;apporte de la rigueur, \u00e7a m\u2019apporte\u2026 Bah \u00e7a me ram\u00e8ne des sous ! \u00bb\u00a0 finit-elle par l\u00e2cher avant d\u2019\u00e9clater de rire. Peut-\u00eatre une de celles dont le making-of nous a le plus s\u00e9duit parmi les 30, on serait vraiment d\u00e9\u00e7u de ne pas la retrouver dans le top 12. \u00ab Faut ramener cette couronne \u00bb insiste-t-elle, elle dont la r\u00e9gion n\u2019a jamais remport\u00e9 l\u2019\u00e9lection.<\/p>\n<p><img decoding=\"async\" src=\"https:\/\/www.europesays.com\/fr\/wp-content\/uploads\/2025\/12\/VQZNQURK65BCPEDLTENTJNT2U4.jpg\"\/>BENJAMIN DECOIN \/ SIPA<\/p>\n<p>21:39<\/p>\n<p>Yn\u00e8s Lallemand, Miss Champagne-Ardenne<\/p>\n<p>Le tournage de son portrait n\u2019a pas \u00e9t\u00e9 de tout repos : \u00ab On fait quelques retouches maquillage et coiffure en voiture. C\u2019est le meilleur plan qu\u2019on aura jamais eu, je pense \u00bb, plaisante <a href=\"https:\/\/www.leparisien.fr\/culture-loisirs\/miss-france\/miss-france-2026-qui-est-miss-champagne-ardenne-ynes-lallemand-01-12-2025-WWJIS6ORT5DNNACXBAYKXLLY5Q.php\" target=\"_blank\" rel=\"noopener\">Yn\u00e8s Lallemand<\/a> enroul\u00e9e dans un plaid. La Miss de 19 ans suit des \u00e9tudes de droit, en deuxi\u00e8me ann\u00e9e, pour embrasser une carri\u00e8re d\u2019avocate en droit de la famille.<\/p>\n<p>Bosseuse, celle qui a aussi un petit boulot dans la restauration pour payer ses \u00e9tudes, n\u2019en est pas \u00e0 son premier concours de beaut\u00e9. Adolescente, elle avait \u00e9t\u00e9 \u00e9lue Miss Marne 15-17, pourquoi donc d\u00e9sormais ne pas offrir \u00e0 sa r\u00e9gion son tout premier sacre national en 126 ans ?<\/p>\n<p><img decoding=\"async\" src=\"https:\/\/www.europesays.com\/fr\/wp-content\/uploads\/2025\/12\/OQZC327YABENNPTZCYUNUJ7KXI.jpg\"\/>BENJAMIN DECOIN \/ SIPA<\/p>\n<p>21:38<\/p>\n<p>Agathe Michelet, Miss Poitou-Charentes<\/p>\n<p>La Royannaise, \u00e2g\u00e9e de 26 ans, a connu le succ\u00e8s sous les yeux de ses parents, lors de sa deuxi\u00e8me participation \u00e0 l\u2019\u00e9lection r\u00e9gionale apr\u00e8s un \u00e9chec l\u2019ann\u00e9e derni\u00e8re. \u00ab Vivre le concours de l\u2019int\u00e9rieur, c\u2019est tr\u00e8s particulier. Je me sens bien, je me sens \u00e0 ma place \u00bb, affirme-t-elle lors du tournage de son portrait.<\/p>\n<p>Adepte du volley-ball, <a href=\"https:\/\/www.leparisien.fr\/culture-loisirs\/miss-france\/miss-france-2026-qui-est-miss-poitou-charentes-agathe-michelet-01-12-2025-IHGEDPEZCRGO5JHHKO7B64363Y.php\" target=\"_blank\" rel=\"noopener\">Agathe Michelet<\/a> se distingue \u00e9galement par un parcours acad\u00e9mique et professionnel dense : elle a entam\u00e9 une th\u00e8se tout en exer\u00e7ant, depuis plusieurs mois, en tant que dentiste en Charente et dans les d\u00e9partements limitrophes. Elle a obtenu 15,5\/20 au <a href=\"https:\/\/www.leparisien.fr\/culture-loisirs\/miss-france\/miss-france-2026-miss-auvergne-alice-de-lima-guimaraes-finit-premiere-du-test-de-culture-generale-14-11-2025-LUTAKIUADZALJOLB3Q5JUKIE3A.php\" target=\"_blank\" rel=\"noopener\">test de culture g\u00e9n\u00e9rale<\/a>, ce qui la place sur le podium derri\u00e8re Miss Auvergne et ex-aequo avec Miss Languedoc.<\/p>\n<p><img decoding=\"async\" src=\"https:\/\/www.europesays.com\/fr\/wp-content\/uploads\/2025\/12\/KZVPHQ7D25H47NBO6VT75KUSMI.jpg\"\/>BENJAMIN DECOIN \/ SIPA<\/p>\n<p>21:37<\/p>\n<p>Naomi Torrent, Miss Guadeloupe<\/p>\n<p>Place \u00e0 la doyenne de la promo. Du haut de ses 30 ans, <a href=\"https:\/\/www.leparisien.fr\/culture-loisirs\/miss-france\/miss-france-2026-qui-est-miss-guadeloupe-naomi-torrent-05-12-2025-BUBKB5MLYJFCPESR4YOOS3U3TU.php\" target=\"_blank\" rel=\"noopener\">Naomi Torrent<\/a> est cette ann\u00e9e la plus \u00e2g\u00e9e \u00e0 prendre part \u00e0 la comp\u00e9tition. Analyste financi\u00e8re, elle a obtenu deux masters en management et en ing\u00e9nierie financi\u00e8re et a travaill\u00e9 pendant onze ans en \u00cele-de-France avant de revenir sur son \u00eele natale.<\/p>\n<p>L\u2019aventure Miss France est aussi une mani\u00e8re pour elle de se r\u00e9aliser : \u00ab J\u2019ai toujours eu peur de passer \u00e0 c\u00f4t\u00e9 de ma vie, de me r\u00e9veiller un matin et de me rendre compte qu\u2019il me suffisait d\u2019essayer pour conna\u00eetre la fin de l\u2019histoire, se confie-t-elle \u00e0 <a href=\"https:\/\/www.parismatch.com\/People\/naomi-torrent-miss-guadeloupe-2025-jai-toujours-eu-peur-de-passer-a-cote-de-ma-vie-259995\" target=\"_blank\" rel=\"noopener\">Paris Match<\/a>. Alors aujourd\u2019hui, je suis l\u00e0, je transforme ce vieux r\u00eave en r\u00e9alit\u00e9 et je cesse de r\u00eaver ma vie. \u00bb<\/p>\n<p><img decoding=\"async\" src=\"https:\/\/www.europesays.com\/fr\/wp-content\/uploads\/2025\/12\/36CP55QB6ZGEBBRCQVA7JD4AQY.jpg\"\/>BENJAMIN DECOIN \/ SIPA<\/p>\n<p>21:36<\/p>\n<p>Charl\u00e8ne Laurin, Miss Bourgogne<\/p>\n<p>Dans les champs bourguignons, <a href=\"https:\/\/www.leparisien.fr\/culture-loisirs\/miss-france\/miss-france-2026-qui-est-miss-bourgogne-charlene-laurin-01-12-2025-N7F73B7KKNBALDJHRNSDQRKUSY.php\" target=\"_blank\" rel=\"noopener\">Charl\u00e8ne Laurin<\/a> ne craint pas l\u2019adversit\u00e9 des \u00e9l\u00e9ments : \u00ab Miss tout-terrain, on est partout. Terre, boue, on s\u2019en fiche ! \u00bb, plaisante-t-elle. Vous la pensez fan de pop stars de sa g\u00e9n\u00e9ration comme Dua Lipa ou Tate Mc Rae ? Que nenni, c\u2019est sur fond de hard rock, comme son groupe pr\u00e9f\u00e9r\u00e9 Rammstein, que la pr\u00e9paratrice en pharmacie de 22 ans avance dans la vie, en \u00e9coutant la musique tr\u00e8s fort dans sa voiture.<\/p>\n<p>Celle qui a grandi \u00e0 la campagne, \u00e0 L\u2019Abergement-Sainte-Colombe (Sa\u00f4ne-et-Loire), est par ailleurs la plus grande de la promotion, aux c\u00f4t\u00e9s de <a href=\"https:\/\/www.leparisien.fr\/culture-loisirs\/miss-france\/miss-france-2026-qui-est-miss-tahiti-hinaupoko-deveze-04-12-2025-FCG3GEJ7JNCJVGGHSVHDAGRINQ.php\" target=\"_blank\" rel=\"noopener\">Miss Tahiti<\/a>, avec 1,82 m.<\/p>\n<p><img decoding=\"async\" src=\"https:\/\/www.europesays.com\/fr\/wp-content\/uploads\/2025\/12\/YNQQ46FDHJGYLCKW6VETCXRHG4.jpg\"\/>BENJAMIN DECOIN \/ SIPA<\/p>\n<p>21:36<\/p>\n<p>Lou Lambert, Miss Languedoc<\/p>\n<p>Fan de Ferrari et de Formule 1, <a href=\"https:\/\/www.leparisien.fr\/culture-loisirs\/miss-france\/miss-france-2026-qui-est-miss-languedoc-lou-lambert-04-12-2025-5OBOYJMBBFH43GAMU6OSG42SWY.php\" target=\"_blank\" rel=\"noopener\">Lou Lambert<\/a> a de l\u2019\u00e9nergie \u00e0 revendre. La jeune femme de 20 ans \u00e9tudie le droit avec l\u2019intention de se sp\u00e9cialiser dans le droit international et de rejoindre l\u2019ONU. Pas surprenant donc qu\u2019elle soit arriv\u00e9e deuxi\u00e8me ex-aequo au test de culture g\u00e9n\u00e9rale avec une note de 15,5\/20.<\/p>\n<p>Atteinte d\u2019une maladie auto-immune depuis ses 15 ans, celle qui est inspir\u00e9e par Aya Nakamura et Lena Situations plaide pour \u00ab promouvoir la pr\u00e9vention m\u00e9dicale et le d\u00e9pistage, seuls moyens d\u2019\u00e9viter que des maladies qui peuvent \u00eatre soign\u00e9es quand elles sont prises \u00e0 temps ne d\u00e9g\u00e9n\u00e8rent \u00bb.<\/p>\n<p><img decoding=\"async\" src=\"https:\/\/www.europesays.com\/fr\/wp-content\/uploads\/2025\/12\/Q62ZLFK7YNHNNFIFGLSUTGA5SI.jpg\"\/>BENJAMIN DECOIN \/ SIPA<\/p>\n<p>21:33<\/p>\n<p>Un premier tableau consacr\u00e9 \u00e0 l&rsquo;Asie<\/p>\n<p>Les dix premi\u00e8res candidates dont nous venons de voir les portraits proposent un tableau qui nous emm\u00e8ne vers l&rsquo;Asie, avec des robes inspir\u00e9es par les tenues des samoura\u00efs.\u00a0<\/p>\n<p><img decoding=\"async\" src=\"https:\/\/www.europesays.com\/fr\/wp-content\/uploads\/2025\/12\/T6CDE63JT5EA3G7UB7KBDSHRTA.jpg\"\/>LP \/ Arnaud Dumontier<\/p>\n<p>21:32<\/p>\n<p>Miss Picardie, premi\u00e8re \u00e0 riper<\/p>\n<p>Emma Boivin, locale de l&rsquo;\u00e9tape, a l\u00e9g\u00e8rement gliss\u00e9 durant le premier tableau !\u00a0<\/p>\n<p>21:29<\/p>\n<p>D\u00e9borah Adelin-Chabal, Miss Roussillon<\/p>\n<p>Accrochez-vous, <a href=\"https:\/\/www.leparisien.fr\/culture-loisirs\/miss-france\/miss-france-2026-qui-est-miss-roussillon-deborah-adelin-chabal-05-12-2025-LCCS2AZVOVC23EH3H4E34RDVMA.php\" target=\"_blank\" rel=\"noopener\">D\u00e9borah Adelin-Chabal<\/a> est pleine de surprises dans une vie \u00e0 100 \u00e0 l\u2019heure. Celle qui vient d\u2019avoir 18 ans a d\u00e9croch\u00e9 son bac, son permis et sa couronne en un \u00e9t\u00e9. Catalane et fi\u00e8re de l\u2019\u00eatre, elle est originaire de Cabestany dans les Pyr\u00e9n\u00e9es-Orientales, pr\u00e8s de Perpignan, et raffole des rousquilles, biscuits anis\u00e9s et citronn\u00e9s catalans.\u00a0<\/p>\n<p>Si son nom vous rappelle celui d\u2019un rugbyman barbu qui a fait les heures de gloire du XV de France dans les ann\u00e9es 2000, c\u2019est normal : la Miss est bien une cousine \u00e9loign\u00e9e de S\u00e9bastien Chabal.<\/p>\n<p><img decoding=\"async\" src=\"https:\/\/www.europesays.com\/fr\/wp-content\/uploads\/2025\/12\/AVB57Q54TBC6XIGTQH7S3APIC4.jpg\"\/>BENJAMIN DECOIN \/ SIPA<\/p>\n<p>21:28<\/p>\n<p>Lola Lacher\u00e9, Miss Nord-Pas-de-Calais<\/p>\n<p>Celle qui est en troisi\u00e8me ann\u00e9e de BUT Techniques de Commercialisation souhaite se sp\u00e9cialiser dans l\u2019\u00e9v\u00e9nementiel avec l\u2019ambition de devenir cheffe de projet. Elle est \u00e9galement une sportive de haut niveau. Elle pratique notamment le volley et a jou\u00e9 en 2\u1d49 division. Berck-sur-Mer, sa ville d&rsquo;origine, a install\u00e9 un \u00e9cran g\u00e9ant pour retransmettre l\u2019\u00e9lection, pr\u00e9cise <a href=\"https:\/\/france3-regions.franceinfo.fr\/hauts-de-france\/pas-calais\/berck\/miss-france-2026-il-faut-la-mobilisation-de-tous-un-ecran-geant-installe-pour-soutenir-miss-nord-pas-de-calais-l-une-des-favorites-du-concours-3262100.html\" target=\"_blank\" rel=\"noopener\">France 3 Nord-Pas-de-Calais<\/a>.<\/p>\n<p><img decoding=\"async\" src=\"https:\/\/www.europesays.com\/fr\/wp-content\/uploads\/2025\/12\/PNGWLKY5D5ANDAKNQC5ELBPXIY.jpg\"\/>BENJAMIN DECOIN \/ SIPA<\/p>\n<p>21:27<\/p>\n<p>Juliette Collet, Miss Nouvelle-Cal\u00e9donie<\/p>\n<p>Elle offre au Caillou un retour apr\u00e8s un an d\u2019absence. Pleine d\u2019humour et d\u2019\u00e9nergie, <a href=\"https:\/\/www.leparisien.fr\/culture-loisirs\/miss-france\/miss-france-2026-qui-est-miss-nouvelle-caledonie-juliette-collet-02-12-2025-DXQPTFXSKFE5DN7XXIJTW2KPUM.php\" target=\"_blank\" rel=\"noopener\">Juliette Collet<\/a> s\u2019amuse de tout. Un peu trop de lumi\u00e8re naturelle en pleine s\u00e9ance photo lui inspire aussit\u00f4t un commentaire : \u00ab Mais moi, j\u2019aime bien briller, je suis un petit soleil ! \u00bb, alors qu\u2019elle tourne son portrait sur l\u2019\u00eelot Ma\u00eetre en face de Noum\u00e9a.<\/p>\n<p>Le moins que l\u2019on puisse dire, c\u2019est qu\u2019elle a sa r\u00e9gion coll\u00e9e au c\u0153ur. Apr\u00e8s des \u00e9tudes en m\u00e9tropole, \u00e0 Marseille (Bouches-du-Rh\u00f4ne), en biologie marine et gestion des risques naturels, elle a d\u00e9cid\u00e9 de rentrer pour vivre pr\u00e8s de sa famille dont elle est tr\u00e8s proche.<\/p>\n<p><img decoding=\"async\" src=\"https:\/\/www.europesays.com\/fr\/wp-content\/uploads\/2025\/12\/BL7B6UPT5JGVRLQC2S5TW4EHXY.jpg\"\/>BENJAMIN DECOIN \/ SIPA<\/p>\n<p>21:26<\/p>\n<p>Anna Valero, Miss Centre-Val-de-Loire<\/p>\n<p>Moiti\u00e9 Miss, moiti\u00e9 m\u00e9decine : voil\u00e0 le quotidien d\u2019<a href=\"https:\/\/www.leparisien.fr\/culture-loisirs\/miss-france\/miss-france-2026-qui-est-miss-centre-val-de-loire-anna-valero-01-12-2025-AHYVLQJWG5CO5IEJTHZQZTLFYQ.php\" target=\"_blank\" rel=\"noopener\">Anna Valero<\/a> depuis qu\u2019elle a d\u00e9croch\u00e9 son \u00e9charpe r\u00e9gionale. Cette t\u00eate bien faite est d\u00e9j\u00e0 en troisi\u00e8me ann\u00e9e de m\u00e9decine \u00e0 19 ans et se verrait bien cardiologue. Habitu\u00e9e \u00e0 b\u00fbcher les polycopi\u00e9s, elle conna\u00eet m\u00eame 36 d\u00e9cimales du nombre Pi par c\u0153ur.<\/p>\n<p>Celle qui a tourn\u00e9 une partie de son portrait au sein de l\u2019h\u00f4tel du chef \u00e9toil\u00e9 Christophe Hay a des origines en Su\u00e8de et au Chili, compte d\u00e9fendre des causes dans le domaine de la sant\u00e9 et surtout la Ligue contre le cancer.<\/p>\n<p><img decoding=\"async\" src=\"https:\/\/www.europesays.com\/fr\/wp-content\/uploads\/2025\/12\/JOSASQUDEZAPZJ3IEIQGAJK2FM.jpg\"\/>BENJAMIN DECOIN \/ SIPA<\/p>\n<p>21:26<\/p>\n<p>A\u00efnhoa Lahitete, Miss Aquitaine<\/p>\n<p>\u00ab J\u2019ai toujours aim\u00e9 sourire, d\u2019ailleurs depuis que je suis petite, on me dit que je suis Miss Sourire \u00bb, s\u2019amusait <a href=\"https:\/\/www.leparisien.fr\/culture-loisirs\/miss-france\/miss-france-2026-qui-est-miss-aquitaine-ainhoa-lahitete-01-12-2025-TDQ36XNBDRFKLPS65KQOBOTB3Q.php\" target=\"_blank\" rel=\"noopener\">A\u00efnhoa Lahitete<\/a> dans le making-of de son portrait diffus\u00e9 sur le site de TF1. La jeune femme de 19 ans, originaire d\u2019Hendaye (Pyr\u00e9n\u00e9es-Atlantiques) dans le Pays basque, est une grande passionn\u00e9e de rugby &#8211; comme toute sa famille &#8211; qu\u2019elle pratique au Stade Hendayais.<\/p>\n<p>Ex-\u00e9tudiante en m\u00e9decine, la premi\u00e8re Basque \u00e0 remporter la couronne aquitaine est \u00e9galement une cousine \u00e9loign\u00e9e de l\u2019actrice de l\u00e9gende Rita Hayworth.<\/p>\n<p><img decoding=\"async\" src=\"https:\/\/www.europesays.com\/fr\/wp-content\/uploads\/2025\/12\/YWNT6USCCRCI5MEUMLQ4KSAVDI.jpg\"\/>BENJAMIN DECOIN \/ SIPA<\/p>\n<p>21:25<\/p>\n<p>Camille L\u2019Etang, Miss Lorraine<\/p>\n<p>La jeune femme de 23 ans, originaire de Liverdun en Meurthe-et-Moselle, est infirmi\u00e8re \u00e0 l\u2019Institut de canc\u00e9rologie de Lorraine, pr\u00e8s de Nancy. Avec la lumi\u00e8re de Miss France, <a href=\"https:\/\/www.leparisien.fr\/culture-loisirs\/miss-france\/miss-france-2026-qui-est-miss-lorraine-camille-letang-03-12-2025-XHOCFG5KUREINJEJSHGAHAQWVQ.php\" target=\"_blank\" rel=\"noopener\">Camille L\u2019Etang<\/a> souhaite d\u00e9fendre les femmes et soutenir des causes importantes, notamment la lutte contre le cancer. \u00c0 travers son m\u00e9tier, elle voit chaque jour l\u2019importance de sensibiliser et d\u2019accompagner les personnes sur ce terrain.<\/p>\n<p>Pleine de ressources, elle a toujours un bon mot pour relativiser. En t\u00e9moignent les bruits de tondeuse et les cloches qui ont perturb\u00e9 le tournage de son portrait : \u00ab Les al\u00e9as du direct ! \u00bb.<\/p>\n<p><img decoding=\"async\" src=\"https:\/\/www.europesays.com\/fr\/wp-content\/uploads\/2025\/12\/DQNYTEGIOFDJZCG5MWLA2FAYRY.jpg\"\/>BENJAMIN DECOIN \/ SIPA<\/p>\n<p>21:23<\/p>\n<p>Julie Zitouni, Miss Provence<\/p>\n<p>Jouons-la franc jeu avec vous, notre envoy\u00e9e sp\u00e9ciale \u00e0 Amiens (Somme) Marie Poussel mise une pi\u00e8ce sur <a href=\"https:\/\/www.leparisien.fr\/culture-loisirs\/miss-france\/miss-france-2026-qui-est-miss-provence-julie-zitouni-05-12-2025-PETSX4ADGZAQRCW4FIKW2R3UEQ.php\" target=\"_blank\" rel=\"noopener\">Julie Zitouni<\/a> pour s\u2019emparer de la couronne cette ann\u00e9e. La Marseillaise de 26 ans qui vit pr\u00e8s de la plage a beau pr\u00e9tendre \u00e0 \u00eatre reine de beaut\u00e9, elle n\u2019en est pas moins tout-terrain. Cette fan de rallye, de l\u2019Olympique de Marseille et du rappeur Jul, s\u2019amuse \u00e0 casser les codes, avec son franc-parler et sa bonne humeur contagieuse.<\/p>\n<p>Militante de l\u2019\u00e9galit\u00e9 hommes-femmes, elle ajoute non sans ironie lors du tournage de son portrait : \u00ab On est en 2025, il faudrait commencer \u00e0 \u00e9voluer \u00bb. Une tornade, un bout en train, qui fait partie des favorites.\u00a0<\/p>\n<p><img decoding=\"async\" src=\"https:\/\/www.europesays.com\/fr\/wp-content\/uploads\/2025\/12\/55TCJ2FUM5EADASBLPQC7H62CA.jpg\"\/>BENJAMIN DECOIN \/ SIPA<\/p>\n<p>21:23<\/p>\n<p>Priya Padavatan, Miss R\u00e9union<\/p>\n<p>\u00c9tudiante en droit, <a href=\"https:\/\/www.leparisien.fr\/culture-loisirs\/miss-france\/miss-france-2026-qui-est-miss-reunion-priya-padavatan-04-12-2025-RUMOFXVWB5FO7ATQXMPCG2AF5E.php\" target=\"_blank\" rel=\"noopener\">Priya Padavatan<\/a> vient de commencer sa troisi\u00e8me ann\u00e9e de licence. Elle est originaire de Bras-Panon, au nord-ouest de l\u2019\u00eele et r\u00eave de d\u00e9fendre l\u2019\u00e9galit\u00e9 et la justice, inspir\u00e9e par son parcours personnel. Son but ultime \u00e9tant de devenir avocate, celle qui est \u00e9galement la ni\u00e8ce du d\u00e9put\u00e9 LFI Jean-Hugues Ratenon compte bien concilier les deux si elle devait \u00eatre \u00e9lue Miss France.\u00a0<\/p>\n<p>Son p\u00e9ch\u00e9 mignon ? Les lentilles de Cilaos, un type de lentilles cultiv\u00e9 sur son \u00eele. \u00ab Je pourrais en manger toute la journ\u00e9e ! \u00bb, s\u2019amuse la jeune femme pleine de vie.<\/p>\n<p><img decoding=\"async\" src=\"https:\/\/www.europesays.com\/fr\/wp-content\/uploads\/2025\/12\/GAFA6ENM3ZHIXKSYHXF2N3OTUA.jpg\"\/>BENJAMIN DECOIN \/ SIPA<\/p>\n<p>21:22<\/p>\n<p>Ninon Crolas, Miss Bretagne<\/p>\n<p>Fille d\u2019un pompier et d\u2019une enseignante, cette nageuse sauveteuse de 18 ans, \u00e9galement sapeur-pompier, souhaite porter un message aupr\u00e8s du public pour l\u2019inciter \u00e0 apprendre les gestes de premiers secours. Sportive de haut niveau, <a href=\"https:\/\/www.leparisien.fr\/culture-loisirs\/miss-france\/miss-france-2026-qui-est-miss-bretagne-ninon-crolas-01-12-2025-IRZFCE7AOVBMHM53LHV3ICRCG4.php\" target=\"_blank\" rel=\"noopener\">Ninon Crolas<\/a> a pratiqu\u00e9 la gymnastique pendant huit ans, en parall\u00e8le du coll\u00e8ge et du lyc\u00e9e.<\/p>\n<p>Pour se pr\u00e9parer, la Plo\u00ebrmelaise a re\u00e7u les conseils d\u2019une certaine\u2026 \u00c8ve Gilles, Miss France 2024. Toutes les deux se sont rencontr\u00e9es au dernier festival de la mode \u00e0 Dinan.<\/p>\n<p><img decoding=\"async\" src=\"https:\/\/www.europesays.com\/fr\/wp-content\/uploads\/2025\/12\/7YJLPWU4VFFARGIMH2EV4SLWKM.jpg\"\/>BENJAMIN DECOIN \/ SIPA<\/p>\n<p>21:21<\/p>\n<p>Alice De Lima Guimaraes, Miss Auvergne<\/p>\n<p>Pendant son portrait, la Vichyssoise de 20 ans n\u2019a jamais perdu son sourire, ni son auto-d\u00e9rision : \u00ab J\u2019ai l\u2019impression d\u2019\u00eatre au cin\u00e9ma mais c\u2019est ma propre vie qu\u2019on tourne. C\u2019est trop marrant ! \u00bb, l\u00e2che-t-elle, alors que les maquilleuses s\u2019affairent autour d\u2019elle.\u00a0<\/p>\n<p><img decoding=\"async\" src=\"https:\/\/www.europesays.com\/fr\/wp-content\/uploads\/2025\/12\/FAB2VWEBUZHZ5ATY7KZIRZYX6E.jpg\"\/>BENJAMIN DECOIN \/ SIPA<\/p>\n<p>21:19<\/p>\n<p>Jean-Pierre Foucault au rendez-vous pour sa 31e \u00e9lection<\/p>\n<p>Il est toujours l\u00e0, ind\u00e9boulonnable pr\u00e9sentateur du rendez-vous annuel des Miss. L\u2019an dernier pour sa 30e \u00e9dition, les anciennes Miss France Laure Belleville (1996) et Sophie Thalmann (1998) \u00e9taient mont\u00e9es sur la sc\u00e8ne du Futuroscope (Vienne) pour lancer un magn\u00e9to hommage \u00e0 ses trois d\u00e9cennies au service du sacre de la nouvelle Miss France.<\/p>\n<p><img decoding=\"async\" src=\"https:\/\/www.europesays.com\/fr\/wp-content\/uploads\/2025\/12\/1765057620_59_F2KG65E25VEEXB42ZKQ7TH2JKA.jpg\"\/>LP \/ Fred Dugit\u00a0<\/p>\n<p>21:18<\/p>\n<p>Ang\u00e9lique Angarni-Filopon appara\u00eet \u00e0 son tour<\/p>\n<p>Miss France en titre pour encore quelques heures, la Martiniquaise fait son entr\u00e9e sur sc\u00e8ne en larmes, alors qu&rsquo;elle porte la couronne qu&rsquo;elle remettra \u00e0 celle qui s&rsquo;appr\u00eate \u00e0 lui succ\u00e9der.<\/p>\n<p>21:14<\/p>\n<p>Une \u00e9lection lanc\u00e9e par trois anciennes reines<\/p>\n<p>La s\u00e9quence introductive met en avant trois anciennes Miss France : Sylvie Tellier (2002), Elodie Gossuin (2001) et Laury Thilleman (2011).<\/p>\n<p>\u00ab Cette histoire, notre histoire s&rsquo;\u00e9crit encore aujourd&rsquo;hui avec vous \u00bb, lance la Miss France 2001.\u00a0<\/p>\n<p><img decoding=\"async\" src=\"https:\/\/www.europesays.com\/fr\/wp-content\/uploads\/2025\/12\/NNNKXSOCYBDJ3OHXCDN5PAJZ7U.jpg\"\/>LP \/ Arnaud Dumontier<\/p>\n<p>Les 30 pr\u00e9tendantes \u00e0 la couronne font ensuite leur apparition dans les fameuses robes mordor\u00e9 que vous avez d\u00e9crites notre envoy\u00e9e sp\u00e9ciale Marie Poussel.<\/p>\n<p><img decoding=\"async\" src=\"https:\/\/www.europesays.com\/fr\/wp-content\/uploads\/2025\/12\/NVAQ7YAJS5DHNDFALE5DOOCW3E.jpg\"\/>LP \/ Arnaud Dumontier<\/p>\n<p>21:12<\/p>\n<p>Miss France 2026, c&rsquo;est parti !<\/p>\n<p>Le concours commence et devrait nous emmener jusqu&rsquo;aux alentours de 0h45 pour conna\u00eetre le nom de la nouvelle \u00e9lue.<\/p>\n<p>N&rsquo;h\u00e9sitez pas \u00e0 poser toutes vos questions dans notre direct.<\/p>\n<p>21:07<\/p>\n<p>Camille Cerf, future marraine de l\u2019\u00e9lue de la soir\u00e9e<\/p>\n<p>La Miss France 2015, devenue animatrice t\u00e9l\u00e9, <a href=\"https:\/\/www.leparisien.fr\/culture-loisirs\/miss-france\/miss-france-2026-camille-cerf-sera-la-nouvelle-marraine-de-la-future-gagnante-07-11-2025-SV6MG3UYIFEUHNHVPDXS4Q3YIA.php\" target=\"_blank\" rel=\"noopener\">va \u00e9pauler la Miss France 2026 tout au long de son ann\u00e9e de r\u00e8gne<\/a> et chapeautera aussi la future promo 2027. \u00ab Il n\u2019y a rien de mieux qu\u2019une Miss France pour transmettre ce que c\u2019est la difficult\u00e9 d\u2019\u00eatre Miss France, le poids de la couronne, d\u2019apporter des conseils, d\u2019accompagner le plus possible la future gagnante \u00bb, a expliqu\u00e9 Fr\u00e9d\u00e9ric Gilbert, le pr\u00e9sident de la soci\u00e9t\u00e9 Miss France, lors de l\u2019annonce de cette nouvelle.<\/p>\n<p><img decoding=\"async\" src=\"https:\/\/www.europesays.com\/fr\/wp-content\/uploads\/2025\/12\/ZPM2VJRZUUQBPMMRN7ZY6T5LAA.jpg\"\/>LP\/Fred Dugit<\/p>\n<p>21:03<\/p>\n<p>A Saint-Pierre-et-Miquelon, on attend toujours une successeure pour H\u00e9lo\u00efse Urtizb\u00e9r\u00e9a<\/p>\n<p>L\u2019archipel de Saint-Pierre-et-Miquelon, qui peut participer une ann\u00e9e sur deux en alternance avec les \u00eeles de Saint-Martin et Saint-Barth\u00e9lemy, n\u2019a pas envoy\u00e9 de repr\u00e9sentante. La derni\u00e8re participation d\u2019une Miss venue du territoire proche des c\u00f4tes canadiennes remonte \u00e0 2017 pour le sacre de Miss France 2018. La raison ? Aucune \u00e9lection n\u2019a \u00e9t\u00e9 organis\u00e9e depuis. Benjamin J\u00e9r\u00f4me est all\u00e9 pour Le Parisien Magazine <a href=\"https:\/\/www.leparisien.fr\/culture-loisirs\/miss-france\/tu-crois-vraiment-que-je-vais-aller-faire-ma-star-en-bikini-quand-les-miss-manquent-a-lappel-05-12-2025-2RFNX2RPJVGMJPY7VWQNWA5KKU.php\" target=\"_blank\" rel=\"noopener\">\u00e0 la rencontre des anciennes reines de beaut\u00e9 locales qui tentent de relancer la machine<\/a>.<\/p>\n<p><img decoding=\"async\" src=\"https:\/\/www.europesays.com\/fr\/wp-content\/uploads\/2025\/12\/TKWUOTXXK5HGJKND4GP7IGLDVM.JPG\"\/>Julie Briand, Miss Saint-Pierre-et-Miquelon 2015. Fran\u00e7ois Jungelson<\/p>\n<p>20:56<\/p>\n<p>\u00ab Un rappel \u00e0 l\u2019ordre ferme \u00bb sur le comportement des candidates pendant le voyage en Martinique<\/p>\n<p>L\u2019organisation du concours, irrit\u00e9e par certains comportements jug\u00e9s d\u00e9sinvoltes, a souhait\u00e9 remettre les choses \u00e0 plat. Apr\u00e8s l\u2019\u00e9preuve de culture g\u00e9n\u00e9rale, Fr\u00e9d\u00e9ric Gilbert, directeur du concours, s\u2019est entretenu avec le groupe. Objectif : rappeler les r\u00e8gles de savoir-vivre et les valeurs qui font la r\u00e9putation du concours.<\/p>\n<p>\u00ab Il y a eu <a href=\"https:\/\/www.leparisien.fr\/culture-loisirs\/miss-france\/miss-france-2026-un-rappel-a-lordre-ferme-sur-le-comportement-des-candidates-pendant-le-voyage-12-11-2025-LDZCOMYMARBP3K4AH4U2RS4FPI.php\" target=\"_blank\" rel=\"noopener\">un rappel \u00e0 l\u2019ordre ferme<\/a> de l\u2019enjeu et des comportements \u00e0 avoir. J\u2019ai mis un tour de vis. On est au quatri\u00e8me jour et c\u2019est t\u00f4t. Elles apprennent \u00e0 se conna\u00eetre, il y a des affinit\u00e9s et il y a eu aussi du laxisme chez certaines sur le respect des r\u00e8gles. Il a fallu remettre un cadre \u00bb, nous avait-il confi\u00e9.<\/p>\n<p>Contexte<\/p>\n<p>Miss France 2026, c&rsquo;est ce soir !<\/p>\n","protected":false},"excerpt":{"rendered":"22:36 Le d\u00e9fil\u00e9 en maillot de bain, derni\u00e8re \u00e9tape pour l\u2019ensemble des participantes C\u2019est leur ultime d\u00e9fil\u00e9 \u00e0&hellip;\n","protected":false},"author":2,"featured_media":582942,"comment_status":"","ping_status":"","sticky":false,"template":"","format":"standard","meta":{"footnotes":""},"categories":[1592],"tags":[1111,11,814,1777,674,1011,27,662,12,626,25],"class_list":{"0":"post-582941","1":"post","2":"type-post","3":"status-publish","4":"format-standard","5":"has-post-thumbnail","7":"category-ile-de-france","8":"tag-actu","9":"tag-actualites","10":"tag-direct","11":"tag-eu","12":"tag-europe","13":"tag-fr","14":"tag-france","15":"tag-ile-de-france","16":"tag-news","17":"tag-paris","18":"tag-republique-francaise"},"share_on_mastodon":{"url":"https:\/\/pubeurope.com\/@fr\/115674827004754508","error":""},"_links":{"self":[{"href":"https:\/\/www.europesays.com\/fr\/wp-json\/wp\/v2\/posts\/582941","targetHints":{"allow":["GET"]}}],"collection":[{"href":"https:\/\/www.europesays.com\/fr\/wp-json\/wp\/v2\/posts"}],"about":[{"href":"https:\/\/www.europesays.com\/fr\/wp-json\/wp\/v2\/types\/post"}],"author":[{"embeddable":true,"href":"https:\/\/www.europesays.com\/fr\/wp-json\/wp\/v2\/users\/2"}],"replies":[{"embeddable":true,"href":"https:\/\/www.europesays.com\/fr\/wp-json\/wp\/v2\/comments?post=582941"}],"version-history":[{"count":0,"href":"https:\/\/www.europesays.com\/fr\/wp-json\/wp\/v2\/posts\/582941\/revisions"}],"wp:featuredmedia":[{"embeddable":true,"href":"https:\/\/www.europesays.com\/fr\/wp-json\/wp\/v2\/media\/582942"}],"wp:attachment":[{"href":"https:\/\/www.europesays.com\/fr\/wp-json\/wp\/v2\/media?parent=582941"}],"wp:term":[{"taxonomy":"category","embeddable":true,"href":"https:\/\/www.europesays.com\/fr\/wp-json\/wp\/v2\/categories?post=582941"},{"taxonomy":"post_tag","embeddable":true,"href":"https:\/\/www.europesays.com\/fr\/wp-json\/wp\/v2\/tags?post=582941"}],"curies":[{"name":"wp","href":"https:\/\/api.w.org\/{rel}","templated":true}]}}