{"id":582945,"date":"2025-12-06T21:49:52","date_gmt":"2025-12-06T21:49:52","guid":{"rendered":"https:\/\/www.europesays.com\/fr\/582945\/"},"modified":"2025-12-06T21:49:52","modified_gmt":"2025-12-06T21:49:52","slug":"tout-sur-la-9e-journee-federation-francaise-de-football-fff","status":"publish","type":"post","link":"https:\/\/www.europesays.com\/fr\/582945\/","title":{"rendered":"Tout sur la 9e journ\u00e9e | F\u00e9d\u00e9ration Fran\u00e7aise de Football (FFF)"},"content":{"rendered":"<p>                                                              <img data-twic-src=\"https:\/\/www.europesays.com\/fr\/wp-content\/uploads\/2025\/12\/8a2bbcd40f27ae9992c31f20ec84a2a2.png\" data-credit=\"Photo  \/ ICON SPORT\" title=\"Photo  \/ ICON SPORT\" alt=\"Strasbourg Fleury Arkema Premi\u00e8re Ligue\" class=\"block\"\/>                                        <\/p>\n<p style=\"font-weight: bold\">Le FC Nantes conserve la quatri\u00e8me place du classement apr\u00e8s sa victoire \u00e0 Montpellier, suivi de pr\u00e8s par Fleury vainqueur \u00e0 Strasbourg. OL Lyonnes et le Paris FC se sont aussi impos\u00e9s ce samedi 6 d\u00e9cembre. <\/p>\n<p class=\"light\">Au lendemain de la victoire du PSC dans le Classique (5-1) et du premier succ\u00e8s en championnat du RC Lens aux d\u00e9pens de l&rsquo;AS Saint-\u00c9tienne (1-0), quatre matches se tenaient ce samedi 6 d\u00e9cembre.\u00a0Ils ont souri aux \u00e9quipes de t\u00eate puisque OL Lyonnes, le Paris FC, le FC Nantes et le FC Fleury 91 ont tous gagn\u00e9, confortant leurs places respectives dans le haut du classement. La course aux playoffs s&rsquo;annonce intense, tout comme celle pour le maintien : cinq points seulement s\u00e9parent Strasbourg, neuvi\u00e8me, de l&rsquo;ASSE, lanterne rouge &#8230;<\/p>\n<p>\u00a0LES CHIFFRES DE LA 9e JOURN\u00c9E*\u00a0<\/p>\n<p><strong>4<\/strong><\/p>\n<p>Victoires \u00e0 l&rsquo;ext\u00e9rieur<\/p>\n<p><strong>19<\/strong><\/p>\n<p>Buts inscrits (moyenne 3,17)<\/p>\n<p><strong>6<\/strong><\/p>\n<p>Buts \u00e0 domicile (moyenne 1)<\/p>\n<p><strong>13<\/strong><\/p>\n<p>Buts \u00e0 l&rsquo;ext\u00e9rieur (moyenne 2,17)<\/p>\n<p>\u00a0PARIS FC &#8211; HAVRE AC : 3-0\u00a0<br \/>Le PFC toujours imp\u00e9rial \u00e0 domicile\u00a0<\/p>\n<p>Qui viendra \u00e0 bout du PFC \u00e0 domicile ? En battant (3-0) Le Havre AC ce samedi, les joueuses de Sandrine Soubeyrand ont boucl\u00e9 une dix-septi\u00e8me r\u00e9ception de rang sans d\u00e9faite (13 victoires, 4 nuls) et sign\u00e9, au passage, un septi\u00e8me succ\u00e8s cons\u00e9cutif sur les Normandes en championnat. Apr\u00e8s l&rsquo;ouverture du score contre son camp de la malheureuse C\u00e9lestine Boisard en premi\u00e8re p\u00e9riode, <a href=\"https:\/\/www.fff.fr\/equipe-nationale\/joueur\/9184-picard-oceane\/fiche.html\" target=\"_blank\" rel=\"noopener\">Oc\u00e9ane Picard<\/a> et <a href=\"https:\/\/www.fff.fr\/equipe-nationale\/joueur\/9050-garbino-maelle\/fiche.html\" target=\"_blank\" rel=\"noopener\">Ma\u00eblle Garbino<\/a> ont trouv\u00e9 le chemin des filets dans le second acte pour permettre au club de la capitale de rester troisi\u00e8me, au contact du PSG et de OL Lyonnes. Le Havre, qui encha\u00eene une quatri\u00e8me d\u00e9faite d&rsquo;affil\u00e9e, n&rsquo;y arrive plus.\u00a0<\/p>\n<blockquote class=\"twitter-tweet\">\n<p dir=\"ltr\" lang=\"fr\">L&rsquo;attaque de feu du Paris FC, Ma\u00eblle garbino y va de son but ! <a href=\"https:\/\/t.co\/tOXC7YQ3eD\">pic.twitter.com\/tOXC7YQ3eD<\/a><\/p>\n<p>\u2014 Arkema Premi\u00e8re Ligue (@ArkemaPL) <a href=\"https:\/\/twitter.com\/ArkemaPL\/status\/1997355203234799952?ref_src=twsrc%5Etfw\" target=\"_blank\" rel=\"noopener\">December 6, 2025<\/a><\/p><\/blockquote>\n<p>\u00a0DIJON FCO &#8211; OL LYONNES : 0-3\u00a0<br \/>Des Lyonnes puissance 13<\/p>\n<p>Apr\u00e8s quatre matches de rang sans revers, le Dijon FCO n&rsquo;a pas r\u00e9alis\u00e9 l&rsquo;exploit d&rsquo;en signer un cinqui\u00e8me, la faute \u00e0 des championnes de France intraitables en championnat (13 victoires cons\u00e9cutives, plus longue s\u00e9rie en cours au sein du top cinq europ\u00e9en). Ingrid Engen et Damaris Egurrola avaient montr\u00e9 la voie en premi\u00e8re p\u00e9riode, imit\u00e9es par Jule Brand au retour des vestiaires.\u00a0<\/p>\n<blockquote class=\"twitter-tweet\">\n<p dir=\"ltr\" lang=\"fr\">Entr\u00e9e en jeu en deuxi\u00e8me mi-temps, Jule Brand aggrave le score pour l&rsquo;OL ! <a href=\"https:\/\/t.co\/n9G9YUX8CP\">pic.twitter.com\/n9G9YUX8CP<\/a><\/p>\n<p>\u2014 Arkema Premi\u00e8re Ligue (@ArkemaPL) <a href=\"https:\/\/twitter.com\/ArkemaPL\/status\/1997354746701615483?ref_src=twsrc%5Etfw\" target=\"_blank\" rel=\"noopener\">December 6, 2025<\/a><\/p><\/blockquote>\n<p>Tandis qu&rsquo;OL Lyonnes continue son parcours parfait cette saison, ce revers est pr\u00e9judiciable pour Dijon qui voit ses concurrents directs aux playoffs creuser l&rsquo;\u00e9cart au classement.\u00a0\u00a0<\/p>\n<p>\u00a0MONTPELLIER HSCF &#8211; FC NANTES : 1-2\u00a0<br \/>Les Nantaises encha\u00eenent dans l&rsquo;H\u00e9rault<\/p>\n<p>Troisi\u00e8me victoire de rang pour le FC Nantes qui s&rsquo;accroche \u00e0 la quatri\u00e8me place du classement. En d\u00e9placement \u00e0 Montpellier, les Nantaises ont rapidement ouvert le score sur un penalty de <a href=\"https:\/\/www.fff.fr\/equipe-nationale\/joueur\/8434-khelifi-lea\/fiche.html\" target=\"_blank\" rel=\"noopener\">L\u00e9a Khelifi<\/a> avant de voir les Montpelli\u00e9raines \u00e9galiser en fin de premier acte par <a href=\"https:\/\/www.fff.fr\/equipe-nationale\/joueur\/9130-ouchene-sonia\/fiche.html\" target=\"_blank\" rel=\"noopener\">Sonia Ouchene<\/a>. La deuxi\u00e8me p\u00e9riode sera disput\u00e9e et finira par basculer en faveur des Canaris gr\u00e2ce \u00e0 leur autre buteuse de la saison, <a href=\"https:\/\/www.fff.fr\/equipe-nationale\/joueur\/10276-calba-lucie\/fiche.html\" target=\"_blank\" rel=\"noopener\">Lucie Calba<\/a>. Quatri\u00e8me revers d&rsquo;affil\u00e9e pour le MHSC qui ne compte que 2 points d&rsquo;avance sur la zone rouge.\u00a0<\/p>\n<blockquote class=\"twitter-tweet\">\n<p dir=\"ltr\" lang=\"fr\">Lucie Calba donne l&rsquo;avantage \u00e0 Nantes ! \ud83d\udd25 <a href=\"https:\/\/t.co\/MR75KKqU0K\">pic.twitter.com\/MR75KKqU0K<\/a><\/p>\n<p>\u2014 Arkema Premi\u00e8re Ligue (@ArkemaPL) <a href=\"https:\/\/twitter.com\/ArkemaPL\/status\/1997358640706023815?ref_src=twsrc%5Etfw\" target=\"_blank\" rel=\"noopener\">December 6, 2025<\/a><\/p><\/blockquote>\n<p>5<\/p>\n<p>Buteuses ce soir, L\u00e9a Khelifi et Lucie Calba ont toutes deux inscrit leur cinqui\u00e8me but de la saison.<\/p>\n<p>RC STRASBOURG ALSACE &#8211; FC FLEURY 91 : 0-3\u00a0<br \/>Fleury suit la cadence<\/p>\n<p>Si Nantes s&rsquo;accroche \u00e0 sa quatri\u00e8me place, le FC Fleury 91 n&rsquo;a pas dit son dernier mot. Sur la pelouse du Racing Club Strasbourg Alsace, les Franciliennes ont mis une heure avant de trouver la faille gr\u00e2ce \u00e0 l&rsquo;in\u00e9vitable <a href=\"https:\/\/www.fff.fr\/equipe-nationale\/joueur\/7094-laurent-emelyne\/fiche.html\" target=\"_blank\" rel=\"noopener\">\u00c9melyne Laurent<\/a> (doubl\u00e9) qui porte son total \u00e0 6 r\u00e9alisations cette saison (deuxi\u00e8me meilleure buteuse). Entre temps, <a href=\"https:\/\/www.fff.fr\/equipe-nationale\/joueur\/7055-cance-laurie\/fiche.html\" target=\"_blank\" rel=\"noopener\">Laurie Cance<\/a> nous avait gratifi\u00e9 d&rsquo;un but somptueux.\u00a0<\/p>\n<blockquote class=\"twitter-tweet\">\n<p dir=\"ltr\" lang=\"fr\">OH LA P\u00c9PITE DE LAURIE CANCE ! <a href=\"https:\/\/t.co\/k8BoA13FiO\">pic.twitter.com\/k8BoA13FiO<\/a><\/p>\n<p>\u2014 Arkema Premi\u00e8re Ligue (@ArkemaPL) <a href=\"https:\/\/twitter.com\/ArkemaPL\/status\/1997361763981914616?ref_src=twsrc%5Etfw\" target=\"_blank\" rel=\"noopener\">December 6, 2025<\/a><\/p><\/blockquote>\n<p>Les Floriacumoises restent cinqui\u00e8mes \u00e0 deux points de Nantes tandis que Strasbourg regarde derri\u00e8re.\u00a0<\/p>\n<p>\u00a0OLYMPIQUE DE MARSEILLE &#8211; PARIS SAINT-GERMAIN 1-5\u00a0\u00a0<br \/>Les Marseillaises d\u00e9chantent<\/p>\n<p>La premi\u00e8re occasion parisienne a \u00e9t\u00e9 la bonne, sur un centre de <a href=\"https:\/\/www.fff.fr\/equipe-nationale\/joueur\/8125-karchaoui-sakina\/fiche.html\" target=\"_blank\" rel=\"noopener\">Sakina Karchaoui<\/a> cafouill\u00e9 par la d\u00e9fense marseillaise mais pas par Rom\u00e9e Leuchter, bien plac\u00e9e pour reprendre du gauche \u00e0 ras de terre au ras du poteau (7e).\u00a0<\/p>\n<p>Le PSG a cherch\u00e9 \u00e0 g\u00e9rer sa courte avance en seconde p\u00e9riode mais une perte de balle a abouti au retour de l&rsquo;OM gr\u00e2ce \u00e0 Jenny Perret (67e), deux minutes apr\u00e8s son entr\u00e9e en jeu. Les Parisiennes ont imm\u00e9diatement repris l\u2019avantage sur un long ballon dans l\u2019axe exploit\u00e9 par Merveille Kanjinga (70e), avant de s\u2019\u00e9chapper sur un tir lob\u00e9 excentr\u00e9 d\u2019<a href=\"https:\/\/www.fff.fr\/equipe-nationale\/joueur\/10742-graziani-ornella\/fiche.html\" target=\"_blank\" rel=\"noopener\">Ornella Graziani<\/a>\u00a0(72e). <a href=\"https:\/\/www.fff.fr\/equipe-nationale\/joueur\/8411-mbock-bathy-nka-griedge\/fiche.html\" target=\"_blank\" rel=\"noopener\">Griedge Mbock Bathy<\/a>, de pr\u00e8s sur un nouveau cafouillage (85e), et <a href=\"https:\/\/www.fff.fr\/equipe-nationale\/joueur\/10960-morissaint-lea\/fiche.html\" target=\"_blank\" rel=\"noopener\">L\u00e9a Morissaint<\/a>, en force sous la barre (90e + 4), ont alourdi la marque en fin de match.<\/p>\n<p><img decoding=\"async\" src=\"https:\/\/www.europesays.com\/fr\/wp-content\/uploads\/2025\/12\/5975c5bec1a271f95190e4e13e99f073.jpg\" alt=\"\"\/>Les Marseillaises ont un temps cru \u00e0 l\u2019exploit avec l\u2019\u00e9galisation de Jenny Perret (photo Alexandre DIMOU \/ ALEXPRESS \/ ICON SPORT.<\/p>\n<p style=\"text-align: center;\"><a href=\"https:\/\/www.fff.fr\/article\/15772-sakina-karchaoui-capitaine-capitale.html\" target=\"_blank\" rel=\"noopener\"><strong>Sakina Karchaoui, capitaine capitale<\/strong><\/a><\/p>\n<p style=\"text-align: center;\"><a href=\"https:\/\/www.fff.fr\/article\/15483-mathilde-bourdieu-j-aime-etre-au-depart-d-un-projet-.html\" target=\"_blank\" rel=\"noopener\"><strong>Mathilde Bourdieu : \u00ab J\u2019aime \u00eatre au d\u00e9part d\u2019un projet \u00bb<\/strong><\/a><\/p>\n<p>\u00a0RC LENS &#8211; AS SAINT-\u00c9TIENNE 1-0\u00a0<br \/>Premi\u00e8re pour Lens, les Vertes derni\u00e8res<\/p>\n<p>Soir\u00e9e historique au stade Bollaert-Delelis o\u00f9 Lens a d\u00e9croch\u00e9 sa premi\u00e8re victoire de la saison en Arkema Premi\u00e8re Ligue. Cons\u00e9quence imm\u00e9diate, il revient \u00e0 \u00e9galit\u00e9 de points avec Saint-\u00c9tienne et lui abandonne m\u00eame la derni\u00e8re place \u00e0 la diff\u00e9rence de buts. Sous une pluie battante, les Nordistes ont douch\u00e9 les St\u00e9phanoises \u00e0 la demi-heure de jeu sur un centre en retrait de <a href=\"https:\/\/www.fff.fr\/equipe-nationale\/joueur\/9027-revelli-manon\/fiche.html\" target=\"_blank\" rel=\"noopener\">Manon Revelli<\/a> converti avec sang-froid du droit au ras du poteau par leur capitaine Aude Gbedjissi (30e).\u00a0<\/p>\n<p><img decoding=\"async\" src=\"https:\/\/www.europesays.com\/fr\/wp-content\/uploads\/2025\/12\/08cbefd798a42870b281eec734896a2e.jpg\" alt=\"\"\/>Aude Gbedjissi en fer de Lens (photo Baptiste FERNANDEZ \/ ICON SPORT).<\/p>\n<p>J9 : r\u00e9sultats et programme<\/p>\n<p class=\"light\">&#8211; Vendredi 5 d\u00e9cembre 2025 :<\/p>\n<ul>\n<li class=\"light\">Olympique de Marseille &#8211; <strong>Paris Saint-Germain<\/strong> 1-5<\/li>\n<li class=\"light\"><strong>RC Lens<\/strong> &#8211; AS Saint-\u00c9tienne 1-0<\/li>\n<\/ul>\n<p class=\"light\">&#8211; Samedi 6 d\u00e9cembre 2025 :<\/p>\n<ul>\n<li class=\"light\"><strong>Paris FC<\/strong> &#8211; Havre AC 3-0<\/li>\n<li class=\"light\">Dijon FCOF &#8211; <strong>OL Lyonnes<\/strong> 0-3<\/li>\n<li class=\"light\">Montpellier HSCF &#8211; <strong>FC Nantes<\/strong> 1-2<\/li>\n<li class=\"light\">RC Strasbourg Alsace &#8211; <strong>FC Fleury 91<\/strong> 0-3<\/li>\n<\/ul>\n<p><strong><a href=\"https:\/\/epreuves.fff.fr\/competition\/engagement\/436476-arkema-premiere-ligue\/phase\/1\/1\/classement\" target=\"_blank\" rel=\"noopener\">Le classement de l\u2019Arkema Premi\u00e8re Ligue<\/a><\/strong>\u00a0LA PROCHAINE JOURN\u00c9E\u00a0<\/p>\n<p><img decoding=\"async\" title=\"Archives  FFF\" src=\"https:\/\/www.europesays.com\/fr\/wp-content\/uploads\/2025\/12\/9e3a8e063d664d1c29a232d58abfc613.png\" alt=\"\"\/><\/p>\n<p>    <script async src=\"https:\/\/platform.twitter.com\/widgets.js\" charset=\"utf-8\"><\/script><\/p>\n","protected":false},"excerpt":{"rendered":"Le FC Nantes conserve la quatri\u00e8me place du classement apr\u00e8s sa victoire \u00e0 Montpellier, suivi de pr\u00e8s par&hellip;\n","protected":false},"author":2,"featured_media":582946,"comment_status":"","ping_status":"","sticky":false,"template":"","format":"standard","meta":{"footnotes":""},"categories":[1888],"tags":[1111,1928,11,1927,1777,674,85,1011,27,12,1926,626,1925,25],"class_list":{"0":"post-582945","1":"post","2":"type-post","3":"status-publish","4":"format-standard","5":"has-post-thumbnail","7":"category-paris","8":"tag-actu","9":"tag-actu-paris","10":"tag-actualites","11":"tag-actualites-paris","12":"tag-eu","13":"tag-europe","14":"tag-fff","15":"tag-fr","16":"tag-france","17":"tag-news","18":"tag-news-paris","19":"tag-paris","20":"tag-paris-news","21":"tag-republique-francaise"},"share_on_mastodon":{"url":"https:\/\/pubeurope.com\/@fr\/115674837529663546","error":""},"_links":{"self":[{"href":"https:\/\/www.europesays.com\/fr\/wp-json\/wp\/v2\/posts\/582945","targetHints":{"allow":["GET"]}}],"collection":[{"href":"https:\/\/www.europesays.com\/fr\/wp-json\/wp\/v2\/posts"}],"about":[{"href":"https:\/\/www.europesays.com\/fr\/wp-json\/wp\/v2\/types\/post"}],"author":[{"embeddable":true,"href":"https:\/\/www.europesays.com\/fr\/wp-json\/wp\/v2\/users\/2"}],"replies":[{"embeddable":true,"href":"https:\/\/www.europesays.com\/fr\/wp-json\/wp\/v2\/comments?post=582945"}],"version-history":[{"count":0,"href":"https:\/\/www.europesays.com\/fr\/wp-json\/wp\/v2\/posts\/582945\/revisions"}],"wp:featuredmedia":[{"embeddable":true,"href":"https:\/\/www.europesays.com\/fr\/wp-json\/wp\/v2\/media\/582946"}],"wp:attachment":[{"href":"https:\/\/www.europesays.com\/fr\/wp-json\/wp\/v2\/media?parent=582945"}],"wp:term":[{"taxonomy":"category","embeddable":true,"href":"https:\/\/www.europesays.com\/fr\/wp-json\/wp\/v2\/categories?post=582945"},{"taxonomy":"post_tag","embeddable":true,"href":"https:\/\/www.europesays.com\/fr\/wp-json\/wp\/v2\/tags?post=582945"}],"curies":[{"name":"wp","href":"https:\/\/api.w.org\/{rel}","templated":true}]}}