{"id":582947,"date":"2025-12-06T21:51:14","date_gmt":"2025-12-06T21:51:14","guid":{"rendered":"https:\/\/www.europesays.com\/fr\/582947\/"},"modified":"2025-12-06T21:51:14","modified_gmt":"2025-12-06T21:51:14","slug":"percutee-par-un-automobiliste-ivre-et-joint-a-la-main-la-policiere-linda-kebbab-neutralise-le-suspect","status":"publish","type":"post","link":"https:\/\/www.europesays.com\/fr\/582947\/","title":{"rendered":"percut\u00e9e par un automobiliste ivre et joint \u00e0 la main, la polici\u00e8re Linda Kebbab neutralise le suspect"},"content":{"rendered":"<p>                    Par<br \/>\n        <strong><br \/>\n            <a href=\"https:\/\/actu.fr\/auteur\/glenn-gillet\" title=\"Consulter tous les articles de Glenn Gillet\" target=\"_blank\" rel=\"noopener\">Glenn Gillet<\/a><br \/>\n                    <\/strong><\/p>\n<p>        Publi\u00e9 le<\/p>\n<p>            6 d\u00e9c. 2025 \u00e0 17h46        <\/p>\n<p>Compliqu\u00e9 de d\u00e9guerpir quand on vient d\u2019emboutir une voiture dans laquelle se trouve une repr\u00e9sentante des forces de l\u2019ordre. C\u2019est ce qui est arriv\u00e9 vendredi 5\u00a0d\u00e9cembre 2025 \u00e0 Paris \u00e0 un homme qui a <strong>percut\u00e9 la voiture<\/strong> de la <a href=\"https:\/\/actu.fr\/ile-de-france\/paris_75056\/paris-taha-bouhafs-condamne-en-appel-pour-injure-raciste-envers-la-policiere-linda-kebbab_54813774.html\" target=\"_blank\" rel=\"noopener\">m\u00e9diatique polici\u00e8re <strong>Linda Kebbab<\/strong><\/a>. Celle qui est \u00e9galement secr\u00e9taire nationale du syndicat Unit\u00e9 SGP Police a racont\u00e9 le d\u00e9roulement des faits sur les <a href=\"https:\/\/actu.fr\/tag\/reseaux-sociaux\" target=\"_blank\" rel=\"noopener\">r\u00e9seaux sociaux<\/a>, expliquant qu\u2019elle avait d\u00fb emp\u00eacher elle-m\u00eame le conducteur, sous <a href=\"https:\/\/actu.fr\/ile-de-france\/paris_75056\/paris-ces-nombreux-chauffeurs-de-bus-et-de-cars-scolaires-qui-conduisent-alcoolises-ou-sous-stupefiants_62347616.html\" target=\"_blank\" rel=\"noopener\">stup\u00e9fiants<\/a>, de <strong>prendre la fuite<\/strong>.<\/p>\n<p>Elle a d\u00fb \u00ab\u2009le menacer de le plaquer au sol car il cherchait \u00e0 filer\u2009\u00bb<\/p>\n<p class=\" wall-content\">Linda Kebbab relate\u2009: \u00ab\u2009Hier soir, un homme largement pass\u00e9 la cinquantaine m\u2019a refus\u00e9 la priorit\u00e9 et percut\u00e9e en plein Paris. <strong>Ivre et joint \u00e0 la main, hagard<\/strong>, il est descendu de sa voiture ne comprenant m\u00eame pas qu\u2019il venait de provoquer un accident et que sa voiture \u00e9tait bloqu\u00e9e contre celle de sa victime\u2009\u00bb.<\/p>\n<p class=\" wall-content\">La polici\u00e8re explique avoir alors d\u00fb \u00ab<strong>\u2009entrer dans son habitacle<\/strong>, couper son moteur, confisquer ses clefs et le menacer de le plaquer au sol car il cherchait \u00e0 filer\u2009\u00bb, le conducteur lui implorant m\u00eame de le laisser reprendre sa route en disant \u00ab\u2009Laissez-moi, j\u2019ai des enfants\u2009\u00bb.<\/p>\n<p class=\" wall-content\">\u00ab\u2009Ben tiens, c\u2019est justement parce que vous \u00eates p\u00e8re, ivre et sous stup\u00e9fiants, que vous ne bougez pas et que je garde les clefs. D\u00e9j\u00e0 heureux qu\u2019il n\u2019ait<strong> tu\u00e9 personne<\/strong>\u2009\u00bb, partage Linda Kebbab, qui remercie par ailleurs les \u00ab\u2009coll\u00e8gues de la 23\u00e8me\u2009\u00bb du commissariat central du 11e arrondissement \u00ab\u2009arriv\u00e9s vite et qui l\u2019ont embarqu\u00e9\u2009\u00bb.<\/p>\n<p class=\" wall-content\">\n<p class=\" wall-content\">Linda Kebbab fait partie des responsables syndicaux policiers dont les interventions sont r\u00e9guli\u00e8res dans les m\u00e9dias. En 2020, le journaliste Taha Bouhafs l\u2019avait qualifi\u00e9e d\u2019<strong>\u00ab\u2009arabe de service\u2009\u00bb<\/strong> au sein de la police. Vis\u00e9 par une plainte, il avait <a href=\"https:\/\/actu.fr\/ile-de-france\/paris_75056\/paris-taha-bouhafs-definitivement-condamne-pour-injure-raciste-envers-linda-kebbab_60524367.html\" target=\"_blank\" rel=\"noopener\">d\u00e9finitivement condamn\u00e9<\/a> pour injures raciales en 2023, apr\u00e8s une d\u00e9cision de la Cour de cassation.<\/p>\n<p class=\" wall-content\">Personnalisez votre actualit\u00e9 en ajoutant vos villes et m\u00e9dias en favori avec <a href=\"https:\/\/moncompte.actu.fr\" title=\"D\u00e9couvez Mon Actu\" rel=\"nofollow noopener\" data-trk=\"{&quot;cta&quot;:{&quot;action&quot;:&quot;https:\\\/\\\/moncompte.actu.fr&quot;,&quot;category&quot;:&quot;mon compte&quot;,&quot;from&quot;:&quot;article footer&quot;,&quot;name&quot;:&quot;Mon actu&quot;,&quot;type&quot;:&quot;cta&quot;}}\" target=\"_blank\">Mon Actu<\/a>.<\/p>\n","protected":false},"excerpt":{"rendered":"Par Glenn Gillet Publi\u00e9 le 6 d\u00e9c. 2025 \u00e0 17h46 Compliqu\u00e9 de d\u00e9guerpir quand on vient d\u2019emboutir une&hellip;\n","protected":false},"author":2,"featured_media":582948,"comment_status":"","ping_status":"","sticky":false,"template":"","format":"standard","meta":{"footnotes":""},"categories":[1888],"tags":[119,11,3675,1777,674,118,1011,27,12,626,1072,25],"class_list":{"0":"post-582947","1":"post","2":"type-post","3":"status-publish","4":"format-standard","5":"has-post-thumbnail","7":"category-paris","8":"tag-accident","9":"tag-actualites","10":"tag-cannabis","11":"tag-eu","12":"tag-europe","13":"tag-faits-divers","14":"tag-fr","15":"tag-france","16":"tag-news","17":"tag-paris","18":"tag-police","19":"tag-republique-francaise"},"share_on_mastodon":{"url":"https:\/\/pubeurope.com\/@fr\/115674839985841828","error":""},"_links":{"self":[{"href":"https:\/\/www.europesays.com\/fr\/wp-json\/wp\/v2\/posts\/582947","targetHints":{"allow":["GET"]}}],"collection":[{"href":"https:\/\/www.europesays.com\/fr\/wp-json\/wp\/v2\/posts"}],"about":[{"href":"https:\/\/www.europesays.com\/fr\/wp-json\/wp\/v2\/types\/post"}],"author":[{"embeddable":true,"href":"https:\/\/www.europesays.com\/fr\/wp-json\/wp\/v2\/users\/2"}],"replies":[{"embeddable":true,"href":"https:\/\/www.europesays.com\/fr\/wp-json\/wp\/v2\/comments?post=582947"}],"version-history":[{"count":0,"href":"https:\/\/www.europesays.com\/fr\/wp-json\/wp\/v2\/posts\/582947\/revisions"}],"wp:featuredmedia":[{"embeddable":true,"href":"https:\/\/www.europesays.com\/fr\/wp-json\/wp\/v2\/media\/582948"}],"wp:attachment":[{"href":"https:\/\/www.europesays.com\/fr\/wp-json\/wp\/v2\/media?parent=582947"}],"wp:term":[{"taxonomy":"category","embeddable":true,"href":"https:\/\/www.europesays.com\/fr\/wp-json\/wp\/v2\/categories?post=582947"},{"taxonomy":"post_tag","embeddable":true,"href":"https:\/\/www.europesays.com\/fr\/wp-json\/wp\/v2\/tags?post=582947"}],"curies":[{"name":"wp","href":"https:\/\/api.w.org\/{rel}","templated":true}]}}