{"id":582951,"date":"2025-12-06T21:53:16","date_gmt":"2025-12-06T21:53:16","guid":{"rendered":"https:\/\/www.europesays.com\/fr\/582951\/"},"modified":"2025-12-06T21:53:16","modified_gmt":"2025-12-06T21:53:16","slug":"des-militants-russes-pour-la-defense-de-la-democratie-demandent-a-ottawa-daccepter-leurs-compatriotes-dissidents-detenus-aux-etats-unis-par-ice","status":"publish","type":"post","link":"https:\/\/www.europesays.com\/fr\/582951\/","title":{"rendered":"Des militants russes pour la d\u00e9fense de la d\u00e9mocratie demandent \u00e0 Ottawa d\u2019accepter leurs compatriotes dissidents d\u00e9tenus aux \u00c9tats-Unis par ICE"},"content":{"rendered":"<p>D\u2019\u00e9minents militants russes pour la d\u00e9fense de la d\u00e9mocratie exhortent Ottawa d\u2019accepter quelques dizaines de compatriotes qui pourraient \u00eatre d\u00e9port\u00e9s en Russie apr\u00e8s avoir tent\u00e9 de chercher refuge aux \u00c9tats-Unis.<\/p>\n<p>Ces militants ont d\u00e9clar\u00e9 \u00e0 La Presse canadienne que 30 ressortissants russes d\u00e9tenus par le Service de l\u2019immigration et des douanes des \u00c9tats-Unis (ICE) s\u2019exposeraient \u00e0 de tr\u00e8s graves cons\u00e9quences s\u2019ils \u00e9taient renvoy\u00e9s. Ils ont ajout\u00e9 que pr\u00e8s d\u2019un millier de Russes pro-d\u00e9mocratie aux \u00c9tats-Unis sont menac\u00e9s d\u2019expulsion.<\/p>\n<p>\u00ab\u00a0Nous souhaitions tisser des alliances ici au Canada, car la solidarit\u00e9 est notre meilleure arme contre les dictateurs, a d\u00e9clar\u00e9 Natalia Arno, fondatrice de la Fondation Russie libre. Le Canada, par sa voix, est un pays essentiel pour nous.\u00a0\u00bb<\/p>\n<p>La semaine derni\u00e8re, Mme\u00a0Arno s\u2019est rendue \u00e0 Ottawa, \u00e0 Toronto et \u00e0 Montr\u00e9al pour rencontrer des repr\u00e9sentants canadiens en compagnie d\u2019Ilia Yachine, un politicien de l\u2019opposition.<\/p>\n<p>Mme\u00a0Arno et M.\u00a0Yachine ont indiqu\u00e9 avoir conseill\u00e9 des responsables f\u00e9d\u00e9raux sur la mani\u00e8re dont l\u2019ambassade du Canada \u00e0 Moscou pourrait \u00eatre utilis\u00e9e pour soutenir le mouvement pro-d\u00e9mocratie. Ils ont affirm\u00e9 que le moyen le plus efficace de soutenir la d\u00e9mocratie en Russie est de se mobiliser pour l\u2019Ukraine.<\/p>\n<p>Mme\u00a0Arno, qui vit \u00e0 Washington, a \u00e9t\u00e9 contrainte de quitter la Russie en 2012. Des vagues de citoyens russes ont fui le pays face \u00e0 la r\u00e9pression croissante de la soci\u00e9t\u00e9 civile par Moscou, notamment depuis l\u2019invasion de la Crim\u00e9e par la Russie en 2014, l\u2019assassinat en 2015 de Boris Nemtsov, un opposant virulent du pr\u00e9sident russe <a href=\"https:\/\/www.ledevoir.com\/vladimir-poutine\" target=\"_blank\" rel=\"noopener\">Vladimir Poutine<\/a>, et l\u2019invasion \u00e0 grande \u00e9chelle de l\u2019Ukraine en 2022.<\/p>\n<p>Des dizaines de Russes qui ont demand\u00e9 l\u2019asile aux \u00c9tats-Unis par voie l\u00e9gale ont \u00e9t\u00e9 plac\u00e9s en d\u00e9tention ou tentent de vivre sans statut clair, a rapport\u00e9 M.\u00a0Yachine, ancien chef de parti d\u2019opposition et conseiller municipal de Moscou.<\/p>\n<p>\u00ab\u00a0Nous cherchons un moyen de les d\u00e9fendre et de leur sauver la vie\u00a0\u00bb, a-t-il soutenu.<\/p>\n<p>Mme\u00a0Arno et M.\u00a0Yachine ont soulign\u00e9 que les \u00c9tats-Unis ont renvoy\u00e9 en Russie au moins deux avions remplis de personnes expuls\u00e9es cette ann\u00e9e. Mme\u00a0Arno estime que ces vols transportaient une centaine de personnes.<\/p>\n<p>Ils ont cit\u00e9 le cas de Leonid Melekhine, un partisan de l\u2019opposition qui s\u2019est vu refuser l\u2019asile aux \u00c9tats-Unis et qui a \u00e9t\u00e9 arr\u00eat\u00e9 \u00e0 son retour en Russie cette ann\u00e9e. Des informations contradictoires circulent quant \u00e0 savoir si M.\u00a0Melekhine a \u00e9t\u00e9 expuls\u00e9 ou s\u2019il est rentr\u00e9 volontairement.<\/p>\n<p>M.\u00a0Melekhine est d\u00e9sormais inculp\u00e9 de terrorisme pour avoir publi\u00e9 une affiche faisant allusion \u00e0 la pendaison de Vladimir Poutine.<\/p>\n<p>Ils ont \u00e9galement cit\u00e9 le cas d\u2019Artiom Vovchenko, enr\u00f4l\u00e9 de force dans l\u2019arm\u00e9e et ayant fui la Russie pour les \u00c9tats-Unis, avant d\u2019\u00eatre expuls\u00e9 par Washington en ao\u00fbt. M.\u00a0Yachine a indiqu\u00e9 que M.\u00a0Vovchenko avait disparu et qu\u2019il pourrait avoir \u00e9t\u00e9 d\u00e9ploy\u00e9 en Ukraine pour combattre.<\/p>\n<p>Pas de r\u00e9ponse claire du f\u00e9d\u00e9ral<\/p>\n<p>M.\u00a0Yachine a affirm\u00e9 que l\u2019administration du pr\u00e9sident am\u00e9ricain <a href=\"https:\/\/www.ledevoir.com\/donald-trump\" target=\"_blank\" rel=\"noopener\">Donald Trump<\/a> \u00e9tait d\u00e9termin\u00e9e \u00e0 expulser le plus grand nombre possible d\u2019\u00e9trangers des \u00c9tats-Unis, sans se soucier de leur ultime destination. Il a sugg\u00e9r\u00e9 que le Canada pourrait demander aux \u00c9tats-Unis d\u2019y envoyer ses ressortissants russes.<\/p>\n<p>Immigration, R\u00e9fugi\u00e9s et Citoyennet\u00e9 Canada n\u2019a pas r\u00e9pondu directement \u00e0 la question de savoir si le gouvernement serait ouvert \u00e0 la cr\u00e9ation d\u2019un programme de r\u00e9installation des dissidents russes r\u00e9sidant aux \u00c9tats-Unis.<\/p>\n<p>\u00ab\u00a0Le Canada applique un processus rigoureux d\u2019\u00e9valuation des demandes d\u2019asile qui concilie nos objectifs humanitaires, nos obligations l\u00e9gales et les mesures de s\u00fbret\u00e9 et de s\u00e9curit\u00e9\u00a0\u00bb, a \u00e9crit le porte-parole du minist\u00e8re, R\u00e9mi Larivi\u00e8re.<\/p>\n<p>Affaires mondiales Canada a confirm\u00e9 que ses repr\u00e9sentants ont rencontr\u00e9 Mme\u00a0Arno et M.\u00a0Yachine mercredi. \u00ab\u00a0Les discussions ont port\u00e9 sur un aper\u00e7u g\u00e9n\u00e9ral de la situation int\u00e9rieure en Russie et sur leur soutien \u00e0 l\u2019Ukraine face \u00e0 la guerre d\u2019agression men\u00e9e par la Russie\u00a0\u00bb, a rapport\u00e9 la porte-parole du minist\u00e8re, Cl\u00e9mence Grevey.<\/p>\n<p>Mme\u00a0Arno a d\u00e9clar\u00e9 que les membres du mouvement pro-d\u00e9mocratie russe \u00e9taient \u00ab\u00a0les premi\u00e8res victimes du r\u00e9gime du Kremlin\u00a0\u00bb et aussi \u00ab\u00a0les premiers \u00e0 alerter le monde sur la nature criminelle, dangereuse, corrompue et meurtri\u00e8re du r\u00e9gime de Poutine\u00a0\u00bb.<\/p>\n<p>\u00ab\u00a0Nous sommes ceux qui souhaitent assumer nos responsabilit\u00e9s et am\u00e9liorer notre pays, et nous avons besoin d\u2019alli\u00e9s\u00a0\u00bb, a-t-elle plaid\u00e9.<\/p>\n<p>Mme\u00a0Arno a ajout\u00e9 que le Canada devrait aussi envisager d\u2019accueillir davantage d\u2019Ukrainiens si les \u00c9tats-Unis mettaient fin au statut temporaire qui permet \u00e0 des milliers d\u2019entre eux de vivre sur leur territoire. Elle a dit que l\u2019<a href=\"https:\/\/www.ledevoir.com\/conflit-ukraine\" target=\"_blank\" rel=\"noopener\">invasion russe<\/a> \u00e9tait combattue par des minorit\u00e9s ethniques provenant de r\u00e9gions recul\u00e9es de Russie.<\/p>\n<p>\u00ab\u00a0C\u2019est un g\u00e9nocide en Ukraine, mais c\u2019est simultan\u00e9ment un g\u00e9nocide \u00e0 l\u2019int\u00e9rieur de la Russie\u00a0\u00bb, a-t-elle d\u00e9clar\u00e9.<\/p>\n<p> Le Canada comme mod\u00e8le<\/p>\n<p>Mercredi, Mme\u00a0Arno et M.\u00a0Yachine ont particip\u00e9 \u00e0 la manifestation organis\u00e9e chaque ann\u00e9e devant l\u2019ambassade de Russie \u00e0 Ottawa par des sympathisants de l\u2019Ukraine.<\/p>\n<p>Leur visite survient dans un contexte de tensions publiques entre dissidents russes et militants ukrainiens. De nombreux Ukrainiens se sont demand\u00e9 pourquoi les civils russes n\u2019avaient pas organis\u00e9 de manifestations de masse et ont fait remarquer que certains Russes pour la d\u00e9mocratie avaient minimis\u00e9 l\u2019id\u00e9e que l\u2019Ukraine \u00e9tait une nation distincte.<\/p>\n<p>Mme\u00a0Arno et M.\u00a0Yachine ont affirm\u00e9 que la lutte de l\u2019Ukraine pour la paix et la souverainet\u00e9 est essentielle \u00e0 l\u2019avenir de tout le continent, y compris celui de la Russie.<\/p>\n<p>\u00ab\u00a0L\u2019ambition de Poutine est de changer l\u2019ordre mondial, et il va ruiner le syst\u00e8me de s\u00e9curit\u00e9 europ\u00e9en, il va ruiner tout l\u2019ordre mondial\u00a0\u00bb, a soutenu M.\u00a0Yachine. \u00ab\u00a0Si Poutine gagne en Ukraine, son r\u00e9gime se renforcera, la r\u00e9pression contre les gens comme moi s\u2019intensifiera, et la Russie perdra tout simplement son avenir.\u00a0\u00bb<\/p>\n<p>M.\u00a0Yachine a ajout\u00e9 que les blogueurs nationalistes qui rendent compte de la guerre men\u00e9e par la Russie contre l\u2019Ukraine critiquent souvent leurs compatriotes russes qui tentent d\u2019\u00e9chapper \u00e0 la conscription, pr\u00e9cisant que \u00ab\u00a0le peuple russe ne soutient pas cette guerre\u00a0\u00bb.<\/p>\n<p>Lui et Mme\u00a0Arno ont d\u00e9clar\u00e9 que les dirigeants occidentaux, inquiets du risque de chaos politique dans un pays dot\u00e9 d\u2019un arsenal nucl\u00e9aire massif, sont beaucoup trop timides pour appeler \u00e0 la chute du r\u00e9gime de Vladimir Poutine.<\/p>\n<p>En mars 2023, alors qu\u2019elle \u00e9tait ministre des Affaires \u00e9trang\u00e8res, <a href=\"https:\/\/www.ledevoir.com\/melanie-joly\" target=\"_blank\" rel=\"noopener\">M\u00e9lanie Joly<\/a> avait fait beaucoup parler en \u00e9voquant publiquement la possibilit\u00e9 d\u2019un \u00ab\u00a0changement de r\u00e9gime en Russie\u00a0\u00bb en raison de l\u2019isolement croissant de Moscou. Les lib\u00e9raux n\u2019ont pas r\u00e9it\u00e9r\u00e9 ce message depuis.<\/p>\n<p>\u00ab\u00a0Le Kremlin se trouve actuellement dans une situation tr\u00e8s d\u00e9licate, a indiqu\u00e9 Mme\u00a0Arno. Nous devons continuer \u00e0 exercer une pression constante sur ses points faibles.\u00a0\u00bb<\/p>\n<p>M.\u00a0Yachine a \u00e9galement sugg\u00e9r\u00e9 que le Canada modifie sa formulation concernant les sanctions afin de les pr\u00e9senter comme visant le r\u00e9gime de M.\u00a0Poutine, plut\u00f4t que la Russie en tant que pays. Il a affirm\u00e9 que les m\u00e9dias russes parlaient de \u00ab\u00a0sanctions contre la Russie\u00a0\u00bb pour diffuser une propagande pr\u00e9tendant que les pays occidentaux sont motiv\u00e9s par la haine envers le peuple russe.<\/p>\n<p>\u00ab\u00a0Il est beaucoup plus judicieux de ne pas cr\u00e9er ce sentiment de culpabilit\u00e9 collective, mais plut\u00f4t de chercher des alli\u00e9s au sein de la soci\u00e9t\u00e9 russe\u00a0\u00bb, a-t-il d\u00e9clar\u00e9.<\/p>\n<p>Mme\u00a0Arno a fait valoir que le Canada peut mettre en lumi\u00e8re le travail des dissidents russes, y compris les prisonniers politiques, en \u00e9voquant leur courage d\u2019une mani\u00e8re qui trouve un \u00e9cho aupr\u00e8s des Russes.<\/p>\n<p>M.\u00a0Yachine et Mme\u00a0Arno ont dit que les dissidents russes pourraient aider le Canada \u00e0 adapter ses sanctions et partager des informations sur la mani\u00e8re dont ils ont r\u00e9ussi \u00e0 contourner la censure croissante en ligne.<\/p>\n<p>Mme\u00a0Arno a d\u00e9clar\u00e9 que les dissidents russes consid\u00e8rent le Canada comme un exemple de ce que leur pays pourrait devenir un jour\u00a0: un pays pluraliste et ethniquement diversifi\u00e9 qui d\u00e9fend la d\u00e9mocratie et les droits de la personne.<\/p>\n<p>\u00ab\u00a0Nous disons toujours, lors de nos discussions, que le Canada est l\u2019exemple le plus pertinent\u00a0\u00bb, a-t-elle affirm\u00e9.<\/p>\n","protected":false},"excerpt":{"rendered":"D\u2019\u00e9minents militants russes pour la d\u00e9fense de la d\u00e9mocratie exhortent Ottawa d\u2019accepter quelques dizaines de compatriotes qui pourraient&hellip;\n","protected":false},"author":2,"featured_media":582952,"comment_status":"","ping_status":"","sticky":false,"template":"","format":"standard","meta":{"footnotes":""},"categories":[1591],"tags":[11,1887,12,1885,1886,132],"class_list":{"0":"post-582951","1":"post","2":"type-post","3":"status-publish","4":"format-standard","5":"has-post-thumbnail","7":"category-russie","8":"tag-actualites","9":"tag-federation-de-russie","10":"tag-news","11":"tag-russia","12":"tag-russian-federation","13":"tag-russie"},"share_on_mastodon":{"url":"https:\/\/pubeurope.com\/@fr\/115674847953283488","error":""},"_links":{"self":[{"href":"https:\/\/www.europesays.com\/fr\/wp-json\/wp\/v2\/posts\/582951","targetHints":{"allow":["GET"]}}],"collection":[{"href":"https:\/\/www.europesays.com\/fr\/wp-json\/wp\/v2\/posts"}],"about":[{"href":"https:\/\/www.europesays.com\/fr\/wp-json\/wp\/v2\/types\/post"}],"author":[{"embeddable":true,"href":"https:\/\/www.europesays.com\/fr\/wp-json\/wp\/v2\/users\/2"}],"replies":[{"embeddable":true,"href":"https:\/\/www.europesays.com\/fr\/wp-json\/wp\/v2\/comments?post=582951"}],"version-history":[{"count":0,"href":"https:\/\/www.europesays.com\/fr\/wp-json\/wp\/v2\/posts\/582951\/revisions"}],"wp:featuredmedia":[{"embeddable":true,"href":"https:\/\/www.europesays.com\/fr\/wp-json\/wp\/v2\/media\/582952"}],"wp:attachment":[{"href":"https:\/\/www.europesays.com\/fr\/wp-json\/wp\/v2\/media?parent=582951"}],"wp:term":[{"taxonomy":"category","embeddable":true,"href":"https:\/\/www.europesays.com\/fr\/wp-json\/wp\/v2\/categories?post=582951"},{"taxonomy":"post_tag","embeddable":true,"href":"https:\/\/www.europesays.com\/fr\/wp-json\/wp\/v2\/tags?post=582951"}],"curies":[{"name":"wp","href":"https:\/\/api.w.org\/{rel}","templated":true}]}}