{"id":582957,"date":"2025-12-06T21:56:21","date_gmt":"2025-12-06T21:56:21","guid":{"rendered":"https:\/\/www.europesays.com\/fr\/582957\/"},"modified":"2025-12-06T21:56:21","modified_gmt":"2025-12-06T21:56:21","slug":"des-militants-jettent-du-crumble-aux-pommes-sur-la-vitrine-des-joyaux-de-la-couronne-a-londres","status":"publish","type":"post","link":"https:\/\/www.europesays.com\/fr\/582957\/","title":{"rendered":"Des militants jettent du crumble aux pommes sur la vitrine des joyaux de la couronne \u00e0 Londres"},"content":{"rendered":"<p>Un acte symbolique pour \u00ab\u00a0reprendre le pouvoir\u00a0\u00bb. Quatre personnes ont \u00e9t\u00e9 arr\u00eat\u00e9es ce samedi apr\u00e8s un jet de nourriture sur la vitrine prot\u00e9geant les joyaux de la couronne britannique \u00e0 la Tour de <a href=\"https:\/\/www.20minutes.fr\/dossier\/londres\" class=\"c-link c-link--is-underlined\" target=\"_blank\" rel=\"noopener\">Londres<\/a>, a annonc\u00e9 la police, une action revendiqu\u00e9e par un groupe de d\u00e9sob\u00e9issance civile. \u00ab\u00a0Quatre manifestants ont \u00e9t\u00e9 arr\u00eat\u00e9s, soup\u00e7onn\u00e9s de dommages criminels\u00a0\u00bb, a-t-elle indiqu\u00e9, ajoutant que la c\u00e9l\u00e8bre forteresse avait \u00e9t\u00e9 ferm\u00e9e au public le temps de mener ses investigations.<\/p>\n<p>Le groupe Take Back Power (\u00ab Reprendre le pouvoir\u00a0\u00bb), peu connu du public, a publi\u00e9 une vid\u00e9o de l\u2019action sur X, d\u00e9clarant que ses militants avaient lanc\u00e9 de la cr\u00e8me anglaise et du crumble aux pommes sur la vitrine. Celle-ci prot\u00e8ge la couronne imp\u00e9riale d\u2019apparat, le plus c\u00e9l\u00e8bre des joyaux de la <a href=\"https:\/\/www.20minutes.fr\/monde\/royaute\/\" class=\"c-link c-link--is-underlined\" target=\"_blank\" rel=\"noopener\">couronne britannique<\/a>, sertie de milliers de pierres pr\u00e9cieuses, en hermine et velours pourpre. Le monarque r\u00e9serve son port aux occasions exceptionnelles.<\/p>\n<blockquote class=\"twitter-tweet\" align=\"center\" data-lang=\"fr_FR\">\n<p lang=\"en\" dir=\"ltr\">\u203c\ufe0f CRUMBLE AND CUSTARD ON THE CROWN JEWELS<\/p>\n<p>Democracy has crumbled. Billionaires buy political influence whilst homeless people die on the streets.<\/p>\n<p>We need a House of the People to tax the rich.<\/p>\n<p>Donate to help take back power: <a href=\"https:\/\/t.co\/fMDX5SNEKg\">https:\/\/t.co\/fMDX5SNEKg<\/a> <a href=\"https:\/\/t.co\/Tl7Wyfakvd\">pic.twitter.com\/Tl7Wyfakvd<\/a><\/p>\n<p>\u2014 Take back POWER (@takeback_power) <a href=\"https:\/\/twitter.com\/takeback_power\/status\/1997264706185392388?ref_src=twsrc%5Etfw\" target=\"_blank\" rel=\"noopener\">December 6, 2025<\/a><\/p><\/blockquote>\n<p class=\"mb-m@xs text-l@xs\">En cliquant sur\u00ab J\u2019accepte \u00bb, vous acceptez le d\u00e9p\u00f4t de cookies par des services externes et aurez ainsi acc\u00e8s aux contenus de nos partenaires.<\/p>\n<p class=\"mb-xl@xs text-s@xs\">Plus d\u2019informations sur la page<a href=\"https:\/\/www.20minutes.fr\/gestion-cookies\" class=\"mx-xxs@xs color-ultramarine\" target=\"_blank\" rel=\"noopener\">Politique de gestion des cookies<\/a><\/p>\n<p>J\u2019accepte\u00ab\u00a0R\u00e9parer la Grande-Bretagne\u00a0\u00bb<\/p>\n<p>La police a \u00e9t\u00e9 appel\u00e9e sur place peu avant 10 heures (11 heures en France) et \u00ab\u00a0deux personnes avaient quitt\u00e9 les lieux\u00a0\u00bb apr\u00e8s l\u2019action. Quatre personnes ont finalement \u00e9t\u00e9 arr\u00eat\u00e9es et plac\u00e9es en garde \u00e0 vue, a-t-elle indiqu\u00e9. La vid\u00e9o de Take Back Power, qui se pr\u00e9sente comme un groupe de d\u00e9sob\u00e9issance civile non-violent, montre une militante sortir de son sac une barquette contenant du crumble et l\u2019\u00e9craser sur la vitrine de la couronne, tandis qu\u2019un autre vide le contenu d\u2019un r\u00e9cipient contenant la cr\u00e8me anglaise.<\/p>\n<p>V\u00eatus de tee-shirts au nom du groupe, ils ont d\u00e9clar\u00e9 que \u00ab\u00a0la d\u00e9mocratie s\u2019\u00e9tait effondr\u00e9e\u00a0\u00bb et ont annonc\u00e9 \u00eatre venus pour \u00ab\u00a0reprendre le pouvoir\u00a0\u00bb. Ils r\u00e9clament, entre autres, l\u2019instauration d\u2019une Assembl\u00e9e citoyenne qui pourrait \u00ab\u00a0taxer les grandes fortunes et r\u00e9parer la <a href=\"https:\/\/www.20minutes.fr\/monde\/grande-bretagne\/\" class=\"c-link c-link--is-underlined\" target=\"_blank\" rel=\"noopener\">Grande-Bretagne<\/a>\u00a0\u00bb, \u00ab\u00a0cass\u00e9e\u00a0\u00bb, alors que \u00ab\u00a0les superriches empochent des milliards pendant que la plupart d\u2019entre nous peinent \u00e0 s\u2019en sortir\u00a0\u00bb. Une <a href=\"https:\/\/chuffed.org\/project\/take-back-power?utm_source=socials\" target=\"_blank\" class=\"c-link c-link--is-underlined\" rel=\"noopener\">cagnotte <\/a>a \u00e9t\u00e9 ouverte par le mouvement pour le soutenir et couvrir les frais de ses militants.<\/p>\n<\/p>\n<p>Ces m\u00e9thodes d\u2019actions rappellent celles d\u2019organisations comme Just Stop Oil, dont les militants avaient notamment asperg\u00e9 de <a href=\"https:\/\/www.20minutes.fr\/justice\/4142367-20250307-royaume-uni-prison-confirmee-militants-jete-soupe-celebre-tableau-van-gogh\" class=\"c-link c-link--is-underlined\" target=\"_blank\" rel=\"noopener\">soupe les \u00ab\u00a0Tournesols\u00a0\u00bb de Van Gogh<\/a> \u00e0 la National Gallery. Ce groupe \u00e9cologiste a mis fin \u00e0 ses op\u00e9rations chocs en mars.<\/p>\n<p><script async src=\"https:\/\/platform.twitter.com\/widgets.js\" charset=\"utf-8\"><\/script><\/p>\n","protected":false},"excerpt":{"rendered":"Un acte symbolique pour \u00ab\u00a0reprendre le pouvoir\u00a0\u00bb. Quatre personnes ont \u00e9t\u00e9 arr\u00eat\u00e9es ce samedi apr\u00e8s un jet de&hellip;\n","protected":false},"author":2,"featured_media":582958,"comment_status":"","ping_status":"","sticky":false,"template":"","format":"standard","meta":{"footnotes":""},"categories":[1588],"tags":[47,11,1777,674,5072,4534,12820,74,12,473,1853,971,1851,1850,1852],"class_list":{"0":"post-582957","1":"post","2":"type-post","3":"status-publish","4":"format-standard","5":"has-post-thumbnail","7":"category-royaume-uni","8":"tag-actualite","9":"tag-actualites","10":"tag-eu","11":"tag-europe","12":"tag-grande-bretagne","13":"tag-londres","14":"tag-militant","15":"tag-monde","16":"tag-news","17":"tag-royaume-uni","18":"tag-royaume-uni-de-grande-bretagne-et-dirlande-du-nord","19":"tag-royaute","20":"tag-uk","21":"tag-united-kingdom","22":"tag-united-kingdom-of-great-britain-and-northern-ireland"},"share_on_mastodon":{"url":"https:\/\/pubeurope.com\/@fr\/115674859756958667","error":""},"_links":{"self":[{"href":"https:\/\/www.europesays.com\/fr\/wp-json\/wp\/v2\/posts\/582957","targetHints":{"allow":["GET"]}}],"collection":[{"href":"https:\/\/www.europesays.com\/fr\/wp-json\/wp\/v2\/posts"}],"about":[{"href":"https:\/\/www.europesays.com\/fr\/wp-json\/wp\/v2\/types\/post"}],"author":[{"embeddable":true,"href":"https:\/\/www.europesays.com\/fr\/wp-json\/wp\/v2\/users\/2"}],"replies":[{"embeddable":true,"href":"https:\/\/www.europesays.com\/fr\/wp-json\/wp\/v2\/comments?post=582957"}],"version-history":[{"count":0,"href":"https:\/\/www.europesays.com\/fr\/wp-json\/wp\/v2\/posts\/582957\/revisions"}],"wp:featuredmedia":[{"embeddable":true,"href":"https:\/\/www.europesays.com\/fr\/wp-json\/wp\/v2\/media\/582958"}],"wp:attachment":[{"href":"https:\/\/www.europesays.com\/fr\/wp-json\/wp\/v2\/media?parent=582957"}],"wp:term":[{"taxonomy":"category","embeddable":true,"href":"https:\/\/www.europesays.com\/fr\/wp-json\/wp\/v2\/categories?post=582957"},{"taxonomy":"post_tag","embeddable":true,"href":"https:\/\/www.europesays.com\/fr\/wp-json\/wp\/v2\/tags?post=582957"}],"curies":[{"name":"wp","href":"https:\/\/api.w.org\/{rel}","templated":true}]}}