{"id":582959,"date":"2025-12-06T21:57:19","date_gmt":"2025-12-06T21:57:19","guid":{"rendered":"https:\/\/www.europesays.com\/fr\/582959\/"},"modified":"2025-12-06T21:57:19","modified_gmt":"2025-12-06T21:57:19","slug":"coupe-du-monde-2026-la-belgique-lallemagne-et-la-croatie-joueront-au-canada","status":"publish","type":"post","link":"https:\/\/www.europesays.com\/fr\/582959\/","title":{"rendered":"Coupe du monde\u00a02026 | La Belgique, l\u2019Allemagne et la Croatie joueront au Canada"},"content":{"rendered":"<p class=\"lead textModule textModule--type-lead \" style=\"\">(Toronto) L\u2019Allemagne, la Belgique et la Croatie font partie des \u00e9quipes qui disputeront des matchs au Canada lors de la phase de groupes de la Coupe du monde de la FIFA l\u2019\u00e9t\u00e9 prochain. <\/p>\n<p>                    Publi\u00e9 \u00e0<br \/>\n    15\u00a0h\u00a015<\/p>\n<p>    <a class=\"print\" href=\"https:\/\/www.lapresse.ca\/sports\/soccer\/2025-12-06\/coupe-du-monde-2026\/javascript:window.print();\" title=\"Imprimer la page\" target=\"_blank\" rel=\"noopener\"><\/p>\n<p>        <img loading=\"lazy\" decoding=\"async\" width=\"16\" height=\"18\" src=\"https:\/\/www.europesays.com\/fr\/wp-content\/uploads\/2025\/04\/share-icon.png\" alt=\"Partager\"\/><\/p>\n<p class=\"paragraph textModule textModule--type-paragraph \" style=\"\">Le calendrier complet du tournoi \u00e9largi \u00e0 48\u00a0\u00e9quipes et 104\u00a0matchs a \u00e9t\u00e9 annonc\u00e9 samedi \u00e0 Washington. <\/p>\n<p class=\"paragraph textModule textModule--type-paragraph \" style=\"\">Le Canada sera l\u2019h\u00f4te de 13\u00a0matchs, sept \u00e0 Vancouver et six \u00e0 Toronto. Trois de ces matchs se d\u00e9rouleront lors des phases \u00e0 \u00e9limination directe. <\/p>\n<p class=\"paragraph textModule textModule--type-paragraph \" style=\"\">Toronto accueillera le Ghana contre le Panama (17\u00a0juin, groupe\u00a0L), l\u2019Allemagne contre la C\u00f4te d\u2019Ivoire (20\u00a0juin, groupe\u00a0E), le Panama contre la Croatie (23\u00a0juin, groupe\u00a0L) et le S\u00e9n\u00e9gal contre le vainqueur de l\u2019un des matchs de barrage (Irak, Bolivie ou Suriname) (26\u00a0juin, groupe\u00a0I).\u00a0\u00a0<\/p>\n<p class=\"paragraph textModule textModule--type-paragraph \" style=\"\">Vancouver accueillera l\u2019Australie contre le vainqueur de l\u2019un des quatre barrages europ\u00e9ens (13\u00a0juin, groupe\u00a0D) et la Nouvelle-Z\u00e9lande contre l\u2019\u00c9gypte et la Belgique (21 et 26\u00a0juin, groupe\u00a0G). <\/p>\n<p class=\"paragraph textModule textModule--type-paragraph \" style=\"\">En tant que co-organisateur, le calendrier du Canada a \u00e9t\u00e9 finalis\u00e9 lors du tirage au sort de vendredi. <\/p>\n<p class=\"paragraph textModule textModule--type-paragraph \" style=\"\">La formation canadienne accueillera une \u00e9quipe issue des barrages europ\u00e9ens, parmi lesquelles figure l\u2019Italie (n\u00b0\u00a012), le 12\u00a0juin \u00e0 Toronto, avant de se rendre \u00e0 Vancouver, o\u00f9 ils affronteront le Qatar (n\u00b0\u00a051) le 18\u00a0juin et la Suisse (n\u00b0\u00a017) le 24\u00a0juin.\u00a0\u00a0<\/p>\n<p class=\"paragraph textModule textModule--type-paragraph \" style=\"\">Les deux matchs \u00e0 Vancouver se d\u00e9rouleront au stade B.C.\u00a0Place. <\/p>\n","protected":false},"excerpt":{"rendered":"(Toronto) L\u2019Allemagne, la Belgique et la Croatie font partie des \u00e9quipes qui disputeront des matchs au Canada lors&hellip;\n","protected":false},"author":2,"featured_media":582960,"comment_status":"","ping_status":"","sticky":false,"template":"","format":"standard","meta":{"footnotes":""},"categories":[1587],"tags":[11,672,1804,1805,1803,1777,674,1801,12,1802],"class_list":{"0":"post-582959","1":"post","2":"type-post","3":"status-publish","4":"format-standard","5":"has-post-thumbnail","7":"category-allemagne","8":"tag-actualites","9":"tag-allemagne","10":"tag-bundesrepublik-deutschland","11":"tag-de","12":"tag-deutschland","13":"tag-eu","14":"tag-europe","15":"tag-germany","16":"tag-news","17":"tag-republique-federale-dallemagne"},"share_on_mastodon":{"url":"https:\/\/pubeurope.com\/@fr\/115674864591925738","error":""},"_links":{"self":[{"href":"https:\/\/www.europesays.com\/fr\/wp-json\/wp\/v2\/posts\/582959","targetHints":{"allow":["GET"]}}],"collection":[{"href":"https:\/\/www.europesays.com\/fr\/wp-json\/wp\/v2\/posts"}],"about":[{"href":"https:\/\/www.europesays.com\/fr\/wp-json\/wp\/v2\/types\/post"}],"author":[{"embeddable":true,"href":"https:\/\/www.europesays.com\/fr\/wp-json\/wp\/v2\/users\/2"}],"replies":[{"embeddable":true,"href":"https:\/\/www.europesays.com\/fr\/wp-json\/wp\/v2\/comments?post=582959"}],"version-history":[{"count":0,"href":"https:\/\/www.europesays.com\/fr\/wp-json\/wp\/v2\/posts\/582959\/revisions"}],"wp:featuredmedia":[{"embeddable":true,"href":"https:\/\/www.europesays.com\/fr\/wp-json\/wp\/v2\/media\/582960"}],"wp:attachment":[{"href":"https:\/\/www.europesays.com\/fr\/wp-json\/wp\/v2\/media?parent=582959"}],"wp:term":[{"taxonomy":"category","embeddable":true,"href":"https:\/\/www.europesays.com\/fr\/wp-json\/wp\/v2\/categories?post=582959"},{"taxonomy":"post_tag","embeddable":true,"href":"https:\/\/www.europesays.com\/fr\/wp-json\/wp\/v2\/tags?post=582959"}],"curies":[{"name":"wp","href":"https:\/\/api.w.org\/{rel}","templated":true}]}}