{"id":582961,"date":"2025-12-06T21:58:20","date_gmt":"2025-12-06T21:58:20","guid":{"rendered":"https:\/\/www.europesays.com\/fr\/582961\/"},"modified":"2025-12-06T21:58:20","modified_gmt":"2025-12-06T21:58:20","slug":"europe-1-tv-lancement-imminent","status":"publish","type":"post","link":"https:\/\/www.europesays.com\/fr\/582961\/","title":{"rendered":"Europe 1 TV : lancement imminent&#8230;"},"content":{"rendered":"<p>Europe 1 va lancer sa propre cha\u00eene t\u00e9l\u00e9 ce lundi d\u00e8s 5h du matin. <\/p>\n<p><strong>Europe 1 TV<\/strong> arrive sur vos \u00e9crans d\u00e8s ce lundi 8 d\u00e9cembre \u00e0 5h. Sans annonce officielle pour l\u2019instant, la station du <strong>groupe Lagard\u00e8re<\/strong> (d\u00e9sormais dans le giron de <strong>Vivendi<\/strong>) semble miser sur une d\u00e9clinaison t\u00e9l\u00e9vis\u00e9e de sa grille radio. Disponible d\u00e8s maintenant sur les box <strong>Free<\/strong>, <strong>Orange<\/strong>, <strong>Canal<\/strong> et <strong>Mycanal<\/strong>, cette nouvelle cha\u00eene va certainement reprendre en direct les flux vid\u00e9o d\u00e9j\u00e0 accessibles sur le site d\u2019<strong>Europe 1<\/strong>. Il sera aussi int\u00e9ressant de voir comment les multiplex TV-Radio avec <strong>C News<\/strong> vont \u00eatre diffus\u00e9s.<\/p>\n<p>Une cha\u00eene lin\u00e9aire, des inconnues \u00e0 la cl\u00e9<\/p>\n<p>Pour l\u2019heure, peu d\u2019informations officielles ont filtr\u00e9 sur la structure exacte de la grille. <strong>Europe 1 TV<\/strong> proposera-t-elle des contenus sp\u00e9cifiques \u00e0 la t\u00e9l\u00e9vision ? Des d\u00e9crochages publicitaires adapt\u00e9s ? Remplacera-t-elle les \u00e9missions non film\u00e9es par d\u2019autres programmes ? Le myst\u00e8re reste entier. Seule certitude : une boucle musicale tourne actuellement sur la cha\u00eene, reprenant les th\u00e8mes sonores de l\u2019habillage actuel d\u2019Europe 1.<\/p>\n<p>Ce lancement en toute discr\u00e9tion s\u2019inscrit certainement dans une logique de diversification, au moment o\u00f9 la fronti\u00e8re entre radio, t\u00e9l\u00e9 et web devient de plus en plus floue. <\/p>\n<p>Reste \u00e0 savoir si <strong>Europe 1 TV<\/strong> parviendra \u00e0 fid\u00e9liser une nouvelle audience ou si elle restera cantonn\u00e9e \u00e0 un r\u00f4le de vitrine passive. R\u00e9ponse dans les prochaines semaines.<\/p>\n","protected":false},"excerpt":{"rendered":"Europe 1 va lancer sa propre cha\u00eene t\u00e9l\u00e9 ce lundi d\u00e8s 5h du matin. Europe 1 TV arrive&hellip;\n","protected":false},"author":2,"featured_media":582962,"comment_status":"","ping_status":"","sticky":false,"template":"","format":"standard","meta":{"footnotes":""},"categories":[1586],"tags":[11,1777,674,1473,1011,27,41128,12,25,1021],"class_list":{"0":"post-582961","1":"post","2":"type-post","3":"status-publish","4":"format-standard","5":"has-post-thumbnail","7":"category-europe","8":"tag-actualites","9":"tag-eu","10":"tag-europe","11":"tag-europe-1","12":"tag-fr","13":"tag-france","14":"tag-lagardere","15":"tag-news","16":"tag-republique-francaise","17":"tag-vivendi"},"share_on_mastodon":{"url":"https:\/\/pubeurope.com\/@fr\/115674867709371584","error":""},"_links":{"self":[{"href":"https:\/\/www.europesays.com\/fr\/wp-json\/wp\/v2\/posts\/582961","targetHints":{"allow":["GET"]}}],"collection":[{"href":"https:\/\/www.europesays.com\/fr\/wp-json\/wp\/v2\/posts"}],"about":[{"href":"https:\/\/www.europesays.com\/fr\/wp-json\/wp\/v2\/types\/post"}],"author":[{"embeddable":true,"href":"https:\/\/www.europesays.com\/fr\/wp-json\/wp\/v2\/users\/2"}],"replies":[{"embeddable":true,"href":"https:\/\/www.europesays.com\/fr\/wp-json\/wp\/v2\/comments?post=582961"}],"version-history":[{"count":0,"href":"https:\/\/www.europesays.com\/fr\/wp-json\/wp\/v2\/posts\/582961\/revisions"}],"wp:featuredmedia":[{"embeddable":true,"href":"https:\/\/www.europesays.com\/fr\/wp-json\/wp\/v2\/media\/582962"}],"wp:attachment":[{"href":"https:\/\/www.europesays.com\/fr\/wp-json\/wp\/v2\/media?parent=582961"}],"wp:term":[{"taxonomy":"category","embeddable":true,"href":"https:\/\/www.europesays.com\/fr\/wp-json\/wp\/v2\/categories?post=582961"},{"taxonomy":"post_tag","embeddable":true,"href":"https:\/\/www.europesays.com\/fr\/wp-json\/wp\/v2\/tags?post=582961"}],"curies":[{"name":"wp","href":"https:\/\/api.w.org\/{rel}","templated":true}]}}