{"id":582963,"date":"2025-12-06T21:59:13","date_gmt":"2025-12-06T21:59:13","guid":{"rendered":"https:\/\/www.europesays.com\/fr\/582963\/"},"modified":"2025-12-06T21:59:13","modified_gmt":"2025-12-06T21:59:13","slug":"elon-musk-en-colere-apres-lamende-contre-son-reseau-social-x","status":"publish","type":"post","link":"https:\/\/www.europesays.com\/fr\/582963\/","title":{"rendered":"Elon Musk en col\u00e8re apr\u00e8s l&rsquo;amende contre son r\u00e9seau social X"},"content":{"rendered":"<p><a href=\"https:\/\/www.ledauphine.com\/p\/elon-musk\" target=\"_blank\" rel=\"noopener\">Elon Musk<\/a> est furieux contre <a href=\"https:\/\/www.ledauphine.com\/faits-divers-justice\/2025\/12\/05\/le-reseau-social-d-elon-musk-x-ecope-d-une-amende-de-120-millions-d-euros-de-l-ue\" target=\"_blank\" rel=\"noopener\">l&rsquo;amende de 120 millions d&rsquo;euros inflig\u00e9e vendredi<\/a> par le Commission europ\u00e9enne \u00e0 son r\u00e9seau social. \u00ab L&rsquo;UE devrait \u00eatre abolie et les \u00c9tats [membres] recouvrer leur souverainet\u00e9 \u00bb, a plaid\u00e9 l&rsquo;homme le plus riche du monde sur X, \u00ab ce qui permettrait aux gouvernements de mieux repr\u00e9senter leurs citoyens\u00a0\u00bb.<\/p>\n<p>La Commission europ\u00e9enne a inflig\u00e9 cette amende en application du r\u00e8glement europ\u00e9en sur les services num\u00e9riques (DSA). En juillet 2024, l&rsquo;UE avait notifi\u00e9 \u00e0 X ses griefs, qui portaient, entre autres, sur l&rsquo;utilisation des coches bleues, modifi\u00e9e apr\u00e8s le rachat de Twitter par un groupe d&rsquo;investisseurs men\u00e9s par Elon Musk, en octobre 2022. L&rsquo;attribution de ce macaron bleu, accol\u00e9 au nom du compte, intervenait jusqu&rsquo;ici au terme d&rsquo;un processus de v\u00e9rification et avait \u00e9t\u00e9 con\u00e7u par les fondateurs de Twitter comme un gage de cr\u00e9dibilit\u00e9. Mais apr\u00e8s la prise de contr\u00f4le, les \u00e9quipes d&rsquo;Elon Musk ont accord\u00e9 ces badges aux utilisateurs payants sans distinction, au risque de brouiller la perception des utilisateurs.<\/p>\n<p>Ce contenu est bloqu\u00e9 car vous n&rsquo;avez pas accept\u00e9 les cookies et autres traceurs.<\/p>\n<p>En cliquant sur \u00ab J\u2019accepte \u00bb, les cookies et autres traceurs seront d\u00e9pos\u00e9s et vous pourrez visualiser les contenus  (<a href=\"\" class=\"consentModule_policy\" target=\"_blank\" title=\"Consulter la politique de protection des donn\u00e9es du fournisseur\">plus d&rsquo;informations<\/a>).<\/p>\n<p>En cliquant sur \u00ab J\u2019accepte tous les cookies \u00bb, vous autorisez des d\u00e9p\u00f4ts de cookies et autres traceurs pour le stockage de vos donn\u00e9es sur nos sites et applications \u00e0 des fins de personnalisation et de ciblage publicitaire.<\/p>\n<p class=\"consentModule_secondaryText\">Vous gardez la possibilit\u00e9 de retirer votre consentement \u00e0 tout moment en consultant notre <a href=\"https:\/\/www.ledauphine.com\/protection-des-donnees\" target=\"_blank\" title=\"Consulter notre politique de protection des donn\u00e9es\" rel=\"noopener\">politique de protection des donn\u00e9es<\/a>. <br \/>&#13;<br \/>\n            <a href=\"https:\/\/www.ledauphine.com\/economie\/2025\/12\/06\/javascript:Didomi.notice.show()\" class=\"consentModule_cmp\" target=\"_blank\" rel=\"noopener\">G\u00e9rer mes choix<\/a>&#13;\n        <\/p>\n<p>&#13;<br \/>\n                        J&rsquo;accepte&#13;<br \/>\n            J&rsquo;accepte tous les cookies&#13;\n        <\/p>\n<p>La Commission europ\u00e9enne reprochait aussi \u00e0 X de ne pas communiquer suffisamment d&rsquo;informations relatives \u00e0 ses publicit\u00e9s, notamment l&rsquo;identit\u00e9 de l&rsquo;annonceur. Autre infraction au r\u00e8glement europ\u00e9en, l&rsquo;impossibilit\u00e9 pour des chercheurs agr\u00e9\u00e9s d&rsquo;acc\u00e9der aux donn\u00e9es internes de la plateforme.<\/p>\n<p>  \u00ab\u00a0L&rsquo;Europe se laisse aller vers le n\u00e9ant\u00a0\u00bb<\/p>\n<p>La d\u00e9cision de l&rsquo;UE a suscit\u00e9 de vives critiques au sein de la droite am\u00e9ricaine, dont est proche Elon Musk. D\u00e8s jeudi, alors que la rumeur d&rsquo;une amende courrait d\u00e9j\u00e0, le vice-pr\u00e9sident am\u00e9ricain <a href=\"https:\/\/www.ledauphine.com\/p\/j-d-vance\" target=\"_blank\" rel=\"noopener\">JD Vance<\/a> avait accus\u00e9 la Commission de sanctionner X \u00ab pour n&rsquo;avoir pas pratiqu\u00e9 la censure \u00bb, semblant confondre la d\u00e9cision rendue vendredi avec une autre enqu\u00eate de l&rsquo;UE sur les contenus ill\u00e9gaux et la d\u00e9sinformation. \u00ab L&rsquo;UE devrait soutenir la libert\u00e9 d&rsquo;expression plut\u00f4t que d&rsquo;attaquer des entreprises am\u00e9ricaines pour des idioties \u00bb, avait-il \u00e9crit sur X. \u00ab L&rsquo;Europe se laisse aller vers le n\u00e9ant \u00bb, a lanc\u00e9 Elon Musk, ce samedi toujours, sur sa plateforme, d\u00e9non\u00e7ant, dans un entretien vid\u00e9o qu&rsquo;il a publi\u00e9 sur son compte, \u00ab la surr\u00e9gulation \u00bb de l&rsquo;UE.<\/p>\n","protected":false},"excerpt":{"rendered":"Elon Musk est furieux contre l&rsquo;amende de 120 millions d&rsquo;euros inflig\u00e9e vendredi par le Commission europ\u00e9enne \u00e0 son&hellip;\n","protected":false},"author":2,"featured_media":582964,"comment_status":"","ping_status":"","sticky":false,"template":"","format":"standard","meta":{"footnotes":""},"categories":[1586],"tags":[11,33,1777,674,1779,107,1011,27,329,12,25,767,104,1778,364],"class_list":{"0":"post-582963","1":"post","2":"type-post","3":"status-publish","4":"format-standard","5":"has-post-thumbnail","7":"category-europe","8":"tag-actualites","9":"tag-economie","10":"tag-eu","11":"tag-europe","12":"tag-european-union","13":"tag-fil-info","14":"tag-fr","15":"tag-france","16":"tag-france-monde","17":"tag-news","18":"tag-republique-francaise","19":"tag-science-et-technologie","20":"tag-societe","21":"tag-ue","22":"tag-union-europeenne"},"share_on_mastodon":{"url":"https:\/\/pubeurope.com\/@fr\/115674871506542226","error":""},"_links":{"self":[{"href":"https:\/\/www.europesays.com\/fr\/wp-json\/wp\/v2\/posts\/582963","targetHints":{"allow":["GET"]}}],"collection":[{"href":"https:\/\/www.europesays.com\/fr\/wp-json\/wp\/v2\/posts"}],"about":[{"href":"https:\/\/www.europesays.com\/fr\/wp-json\/wp\/v2\/types\/post"}],"author":[{"embeddable":true,"href":"https:\/\/www.europesays.com\/fr\/wp-json\/wp\/v2\/users\/2"}],"replies":[{"embeddable":true,"href":"https:\/\/www.europesays.com\/fr\/wp-json\/wp\/v2\/comments?post=582963"}],"version-history":[{"count":0,"href":"https:\/\/www.europesays.com\/fr\/wp-json\/wp\/v2\/posts\/582963\/revisions"}],"wp:featuredmedia":[{"embeddable":true,"href":"https:\/\/www.europesays.com\/fr\/wp-json\/wp\/v2\/media\/582964"}],"wp:attachment":[{"href":"https:\/\/www.europesays.com\/fr\/wp-json\/wp\/v2\/media?parent=582963"}],"wp:term":[{"taxonomy":"category","embeddable":true,"href":"https:\/\/www.europesays.com\/fr\/wp-json\/wp\/v2\/categories?post=582963"},{"taxonomy":"post_tag","embeddable":true,"href":"https:\/\/www.europesays.com\/fr\/wp-json\/wp\/v2\/tags?post=582963"}],"curies":[{"name":"wp","href":"https:\/\/api.w.org\/{rel}","templated":true}]}}