{"id":582973,"date":"2025-12-06T22:06:14","date_gmt":"2025-12-06T22:06:14","guid":{"rendered":"https:\/\/www.europesays.com\/fr\/582973\/"},"modified":"2025-12-06T22:06:14","modified_gmt":"2025-12-06T22:06:14","slug":"les-bleues-en-demies-au-cap-sports-fr","status":"publish","type":"post","link":"https:\/\/www.europesays.com\/fr\/582973\/","title":{"rendered":"Les Bleu(e)s en demies au Cap &#8211; Sports.fr"},"content":{"rendered":"<ol>\n<li><a href=\"https:\/\/news.google.com\/rss\/articles\/CBMigwFBVV95cUxQZDVNLUxyTkVlMFllU1V4WmU3eW4xTXNEVDRGYWxTTjJtNU1UNXVvQk81MnZRMEI5WGpUaFRsak1SVFJ1YWFrcmNOU0swR191VEF1dVZ1LUZodlppVlZzcTFxaXVyaWdLMjNjbXdRT1ZzMnVubUx3S3RfRVRjdWFIVDBBNA?oc=5\" target=\"_blank\" rel=\"noopener\">Les Bleu(e)s en demies au Cap<\/a>&nbsp;&nbsp;Sports.fr<\/li>\n<li><a href=\"https:\/\/news.google.com\/rss\/articles\/CBMi2gFBVV95cUxNRTVFY1FaUjdncG9kcXE1TzhnN2xlVWpnVUtQSzMxTjRFQndtaWdrazlPR3ktRm1JWXI5NG1KUVU2aXNsUFBLeEZqZVhCSXloVm5vTUxVRzBoY1VVYU5WTEQ1dkJyQnlNck9tRDNDTW1sSmVnQ3J5VGpncFBDMHRvSVQtR3k1ME5qS0xOcm9tbXM5R0NVM0luMW50eldOUEZ1RTAwOFJMLWVpU1MwdFlTV1RURnhRZS1FZkwxZkVQdlRJN091QUhtSDBoQUhtUWJDUmpUTERUZWk5dw?oc=5\" target=\"_blank\" rel=\"noopener\">\u00c0 l&rsquo;image des filles, les Bleus \u00e0 7 qualifi\u00e9s pour les demi-finales des Seven Series au Cap<\/a>&nbsp;&nbsp;L&rsquo;\u00c9quipe<\/li>\n<li><a href=\"https:\/\/news.google.com\/rss\/articles\/CBMivwFBVV95cUxOVHlZeHBsM213SnBCbTNpQUUycjc4QTI0elJWaC1oenFBQ3RRMm9qX1JVZ3ZIbVVZS3RZQ2tDN0MteUw4MmtjSDJYc3BTTnJ2NzRaOEJYZVZWSVo3WktWckJia3Z1SngxbEI2ZjR0UEt1SERNd21fRmhoQXlGYUE2M05yNGNna2QzREZaS2pvaEpQMm5HRnZRb05UdzgxWXY2dktvTmhCU1BxOUxaN1ZSbjdWRjJvS0FJLUt3a21WZw?oc=5\" target=\"_blank\" rel=\"noopener\">Rugby \u00e0 sept \u2013 Les Bleues qualifi\u00e9es pour les demi-finales de l\u2019\u00e9tape du Cap<\/a>&nbsp;&nbsp;Rugbyrama<\/li>\n<li><a href=\"https:\/\/news.google.com\/rss\/articles\/CBMi1wFBVV95cUxQSWczLU9FQklBMDZUTkkwckpPRjktNWlhZ2M5Y2ZCcTl4N1RmM0Jrb0I1OWQ3X3AxcUVpV2JJMGtwQUZVS0U3STdQdXU1VnU0V3ZmLUphQzRVRm1kUENRczBFb001ajhpT1BTaFVmRkd2ajZpOExzaWVLTVhJLWdDTmU0LTUxV2NjMXB2SkY2MmthRExTRUprNS1YN0htalk2VDBwbjU4WnBWNnN2dHBoNXpyT3ZpMWlEbTJtX1NWX2tHOFVxS2x5aXlLcHNzXzRnVEI0cmVGRQ?oc=5\" target=\"_blank\" rel=\"noopener\">Rugby \u00e0 7 : deuxi\u00e8me \u00e9tape de Coupe du monde en Afrique du Sud, les Bleus ont envie de grimper<\/a>&nbsp;&nbsp;Sud Ouest<\/li>\n<li><a href=\"https:\/\/news.google.com\/rss\/articles\/CBMi0gFBVV95cUxOYXVtQ25JaVJwa2RWbURQbU1BYlJiVlR1b2xpbmlzbmRCaG9KUTZLSTRSdTF6d2xCNHp0OW9hd2l0SkhqUkM4cEZIeVhkTjV0OHAtYjRGR2xXZVdWWHVydG5CWjFnMkxmdEJSZE80R0pnLUttUG1pLXgxMEZyZFRUR1VqT0FoUDhJaktqT3ZwTllfYmZIb1cwNFBNVk9DVzItSEV4V25OWEdTZ2Z4Y0dqaHlON05aYi1mLXRrT2lLNUtzcGxoelB5V2tXZ1diNDhjckE?oc=5\" target=\"_blank\" rel=\"noopener\">Rugby \u00e0 7 : Seven Nations Series sur L&rsquo;Equipe : r\u00e9sum\u00e9 et diffusions<\/a>&nbsp;&nbsp;Programme TV Ouest-France<\/li>\n<\/ol>\n","protected":false},"excerpt":{"rendered":"Les Bleu(e)s en demies au Cap&nbsp;&nbsp;Sports.fr \u00c0 l&rsquo;image des filles, les Bleus \u00e0 7 qualifi\u00e9s pour les demi-finales&hellip;\n","protected":false},"author":2,"featured_media":582974,"comment_status":"","ping_status":"","sticky":false,"template":"","format":"standard","meta":{"footnotes":""},"categories":[1416],"tags":[12437,2207,69650,1011,27,69651,479,13891,1468,57681,60],"class_list":{"0":"post-582973","1":"post","2":"type-post","3":"status-publish","4":"format-standard","5":"has-post-thumbnail","7":"category-rugby","8":"tag-bleues","9":"tag-bleus","10":"tag-circuit-mondial","11":"tag-fr","12":"tag-france","13":"tag-le-cap","14":"tag-rugby","15":"tag-rugby-a-7","16":"tag-rugby-football","17":"tag-sport365-fr","18":"tag-sports"},"share_on_mastodon":{"url":"https:\/\/pubeurope.com\/@fr\/115674899107554933","error":""},"_links":{"self":[{"href":"https:\/\/www.europesays.com\/fr\/wp-json\/wp\/v2\/posts\/582973","targetHints":{"allow":["GET"]}}],"collection":[{"href":"https:\/\/www.europesays.com\/fr\/wp-json\/wp\/v2\/posts"}],"about":[{"href":"https:\/\/www.europesays.com\/fr\/wp-json\/wp\/v2\/types\/post"}],"author":[{"embeddable":true,"href":"https:\/\/www.europesays.com\/fr\/wp-json\/wp\/v2\/users\/2"}],"replies":[{"embeddable":true,"href":"https:\/\/www.europesays.com\/fr\/wp-json\/wp\/v2\/comments?post=582973"}],"version-history":[{"count":0,"href":"https:\/\/www.europesays.com\/fr\/wp-json\/wp\/v2\/posts\/582973\/revisions"}],"wp:featuredmedia":[{"embeddable":true,"href":"https:\/\/www.europesays.com\/fr\/wp-json\/wp\/v2\/media\/582974"}],"wp:attachment":[{"href":"https:\/\/www.europesays.com\/fr\/wp-json\/wp\/v2\/media?parent=582973"}],"wp:term":[{"taxonomy":"category","embeddable":true,"href":"https:\/\/www.europesays.com\/fr\/wp-json\/wp\/v2\/categories?post=582973"},{"taxonomy":"post_tag","embeddable":true,"href":"https:\/\/www.europesays.com\/fr\/wp-json\/wp\/v2\/tags?post=582973"}],"curies":[{"name":"wp","href":"https:\/\/api.w.org\/{rel}","templated":true}]}}