{"id":582981,"date":"2025-12-06T22:14:13","date_gmt":"2025-12-06T22:14:13","guid":{"rendered":"https:\/\/www.europesays.com\/fr\/582981\/"},"modified":"2025-12-06T22:14:13","modified_gmt":"2025-12-06T22:14:13","slug":"telethon-2026-olivier-giroud-victime-dun-incident-en-plein-direct-santa-et-nagui-desabuses","status":"publish","type":"post","link":"https:\/\/www.europesays.com\/fr\/582981\/","title":{"rendered":"T\u00e9l\u00e9thon 2026, Olivier Giroud victime d&rsquo;un incident en plein direct, Santa et Nagui d\u00e9sabus\u00e9s"},"content":{"rendered":"<p>Olivier Giroud a \u00e9t\u00e9 coup\u00e9 dans son \u00e9lan&#8230; Comme chaque ann\u00e9e, <a href=\"https:\/\/www.public.fr\/santa-fait-un-cheque-historique-au-telethon-cyril-feraud-sous-le-choc-jen-tremble\" target=\"_blank\" rel=\"noopener\">le T\u00e9l\u00e9thon 2026<\/a> r\u00e9unit artistes, sportifs, chercheurs et anonymes autour d\u2019un objectif vital : r\u00e9colter des fonds pour lutter contre les maladies rares, financer la recherche et soutenir les familles touch\u00e9es. <\/p>\n<p>Parmi les moments attendus de la soir\u00e9e, <strong>l\u2019intervention d\u2019<a href=\"https:\/\/www.public.fr\/tag\/olivier-giroud\" target=\"_blank\" rel=\"noopener\">Olivier Giroud<\/a> <\/strong>devait permettre de mettre en lumi\u00e8re le combat de Mathias, 7 ans, atteint de la <strong>myopathie d\u2019Ullrich<\/strong>. Une s\u00e9quence aussi \u00e9mouvante que d\u00e9sabusante, marqu\u00e9e par un amusant freeze de la star du football en visioconf\u00e9rence.<\/p>\n<p><strong>Un \u00e9change touchant entre Olivier Giroud et Mathias\u2026 jusqu\u2019au bug<\/strong><\/p>\n<p>Sur le plateau, <a href=\"https:\/\/www.public.fr\/tag\/nagui\" target=\"_blank\" rel=\"noopener\">Nagui<\/a> introduit son invit\u00e9 avec enthousiasme, tentant (d\u00e9j\u00e0) d\u2019\u00e9tablir la connexion : \u00ab\u00a0<strong>Olivier, tu es avec nous, Olivier ou pas ? Bonsoir. Champion, tu es l\u00e0 ou pas ?<\/strong> (\u2026) Je pr\u00e9cise, je dis champion du monde. Non, il n&rsquo;est pas que champion du monde : il est le meilleur buteur de l\u2019\u00e9quipe de France de l\u2019histoire du football. Le meilleur, le plus grand, le plus fort. On est ravi de t\u2019avoir, et d\u2019autant plus ravi qu\u2019on voulait faire plaisir \u00e0 Mathias.\u00a0\u00bb<\/p>\n<p>Apr\u00e8s quelques secondes, le lien se stabilise finalement mais un l\u00e9ger d\u00e9calage se fait ressentir entre les questions de <a href=\"https:\/\/vsd.fr\/tag\/nagui\/\" target=\"_blank\" rel=\"noopener\">Nagui<\/a> et les r\u00e9ponses d&rsquo;Olivier Giroud. Ce dernier prenant enfin la parole pour r\u00e9pondre aux questions de l\u2019animateur : \u00ab\u00a0Moi qui suis un fier papa de quatre enfants, j\u2019ai \u00e9t\u00e9 tr\u00e8s touch\u00e9 de rencontrer Mathias, de l\u2019inviter \u00e0 Luchin et de pouvoir \u00e9changer avec lui. J\u2019ai \u00e9t\u00e9 impressionn\u00e9 par son courage, sa d\u00e9termination \u00e0 vivre sa passion du foot au travers du foot fauteuil. (\u2026) J\u2019avais quelques questions \u00e0 lui poser.\u00a0\u00bb<\/p>\n<p><strong>\u00ab\u00a0Vas-y, il t\u2019entend\u00a0\u00bb<\/strong>, l\u00e2che alors Nagui pour donner le feu vert \u00e0 son invit\u00e9 \u00e0 distance, permettant au footballeur de s\u2019adresser au gar\u00e7on : \u00ab\u00a0Je voulais savoir si t\u2019avais travaill\u00e9 un peu ta vol\u00e9e, tes reprises\u2026 Et puis, quand est-ce que tu joues ton premier match ?\u00a0\u00bb. R\u00e9ponse spontan\u00e9e et adorable du gar\u00e7on atteint de la myopathie d\u2019Ullrich : \u00ab\u00a0Ah bah\u2026 Ils sont d\u00e9j\u00e0 pass\u00e9s, les matchs.\u00a0\u00bb \u00ab\u00a0Est-ce que \u00e7a s\u2019est bien pass\u00e9 ?\u00a0\u00bb, demande alors Nagui pour tenter de rebondir et faire oublier la l\u00e9g\u00e8re bourde du joueur : \u00ab\u00a0Euh\u2026 Ouais, pas tr\u00e8s bien. On a perdu trois matchs et un, on a gagn\u00e9.\u00a0\u00bb<\/p>\n<p><strong>Un freeze m\u00e9morable d\u00e9stabilise le plateau<\/strong><\/p>\n<p> \u00ab\u00a0Certains disent que l\u2019important, c\u2019est de participer, mais je suis d\u2019accord avec toi : l\u2019important, c\u2019est de gagner. N\u2019est-ce pas Olivier Giroud ?\u00a0\u00bb, rebondit alors le compagnon de M\u00e9lanie Page avec humour.\u00a0<\/p>\n<p>L\u2019instant est parfait pour une envol\u00e9e inspirante. Le pr\u00e9sentateur encha\u00eene, pr\u00eat \u00e0 lui tendre la parole : \u00ab\u00a0Quelles sont les valeurs communes entre un petit enfant qui se bat en effet contre une maladie et des champions qui repoussent les limites ?\u00a0\u00bb<\/p>\n<p>C\u2019est pr\u00e9cis\u00e9ment \u00e0 ce moment-l\u00e0 qu\u2019<strong>Olivier Giroud se fige<\/strong>. L\u2019image se bloque net : sourire suspendu, regard immobile. Un <strong>freeze total<\/strong>. Lui qui devait parler de courage et de d\u00e9passement se retrouve fig\u00e9 en plein direct. Aux c\u00f4t\u00e9s de Nagui, la chanteuse <a href=\"https:\/\/www.public.fr\/santa-apres-la-polemique-elle-vise-le-gros-lot\" target=\"_blank\" rel=\"noopener\">Santa<\/a> constate imm\u00e9diatement l\u2019incident : \u00ab\u00a0<strong>Il a fris\u00e9.\u00a0\u00bb<\/strong><strong> <\/strong>Nagui, fid\u00e8le \u00e0 son sens de la r\u00e9partie, transforme l\u2019incident technique en hilarant moment : \u00ab\u00a0<strong>Un, deux, trois, soleil !\u00a0\u00bb<\/strong><\/p>\n<p>Le public \u00e9clate de rire. L\u2019\u00e9change avec Giroud reprendra plus tard : <strong>\u00ab\u00a0vraiment d\u00e9sol\u00e9 j\u2019ai eu des petits probl\u00e8mes de connexion tout \u00e0 l\u2019heure\u00a0\u00bb<\/strong>. Mais qu\u2019importe : l\u2019essentiel \u00e9tait d\u00e9j\u00e0 l\u00e0. Entre \u00e9motion, spontan\u00e9it\u00e9 et impr\u00e9vus du direct, le T\u00e9l\u00e9thon 2026 a donc une nouvelle fois rappel\u00e9 pourquoi il reste un moment unique, o\u00f9 m\u00eame les bugs deviennent des instants de solidarit\u00e9 et de douceur.<\/p>\n<p>\n          Hits &amp; People en continu\n        <\/p>\n<p>\n          Public Radio\n        <\/p>\n<p>      Mentionn\u00e9s dans cet article<\/p>\n<p>      Sur le m\u00eame sujet<\/p>\n","protected":false},"excerpt":{"rendered":"Olivier Giroud a \u00e9t\u00e9 coup\u00e9 dans son \u00e9lan&#8230; Comme chaque ann\u00e9e, le T\u00e9l\u00e9thon 2026 r\u00e9unit artistes, sportifs, chercheurs&hellip;\n","protected":false},"author":2,"featured_media":582982,"comment_status":"","ping_status":"","sticky":false,"template":"","format":"standard","meta":{"footnotes":""},"categories":[1359],"tags":[58,59,1011,27,10477,5959,973,44726,12846],"class_list":{"0":"post-582981","1":"post","2":"type-post","3":"status-publish","4":"format-standard","5":"has-post-thumbnail","7":"category-people","8":"tag-divertissement","9":"tag-entertainment","10":"tag-fr","11":"tag-france","12":"tag-nagui","13":"tag-olivier-giroud","14":"tag-people","15":"tag-santa","16":"tag-telethon"},"share_on_mastodon":{"url":"https:\/\/pubeurope.com\/@fr\/115674930804028157","error":""},"_links":{"self":[{"href":"https:\/\/www.europesays.com\/fr\/wp-json\/wp\/v2\/posts\/582981","targetHints":{"allow":["GET"]}}],"collection":[{"href":"https:\/\/www.europesays.com\/fr\/wp-json\/wp\/v2\/posts"}],"about":[{"href":"https:\/\/www.europesays.com\/fr\/wp-json\/wp\/v2\/types\/post"}],"author":[{"embeddable":true,"href":"https:\/\/www.europesays.com\/fr\/wp-json\/wp\/v2\/users\/2"}],"replies":[{"embeddable":true,"href":"https:\/\/www.europesays.com\/fr\/wp-json\/wp\/v2\/comments?post=582981"}],"version-history":[{"count":0,"href":"https:\/\/www.europesays.com\/fr\/wp-json\/wp\/v2\/posts\/582981\/revisions"}],"wp:featuredmedia":[{"embeddable":true,"href":"https:\/\/www.europesays.com\/fr\/wp-json\/wp\/v2\/media\/582982"}],"wp:attachment":[{"href":"https:\/\/www.europesays.com\/fr\/wp-json\/wp\/v2\/media?parent=582981"}],"wp:term":[{"taxonomy":"category","embeddable":true,"href":"https:\/\/www.europesays.com\/fr\/wp-json\/wp\/v2\/categories?post=582981"},{"taxonomy":"post_tag","embeddable":true,"href":"https:\/\/www.europesays.com\/fr\/wp-json\/wp\/v2\/tags?post=582981"}],"curies":[{"name":"wp","href":"https:\/\/api.w.org\/{rel}","templated":true}]}}