{"id":582987,"date":"2025-12-06T22:18:13","date_gmt":"2025-12-06T22:18:13","guid":{"rendered":"https:\/\/www.europesays.com\/fr\/582987\/"},"modified":"2025-12-06T22:18:13","modified_gmt":"2025-12-06T22:18:13","slug":"dave-mustaine-megadeth-justifie-sa-reprise-de-metallica","status":"publish","type":"post","link":"https:\/\/www.europesays.com\/fr\/582987\/","title":{"rendered":"Dave Mustaine (Megadeth) justifie sa reprise de Metallica"},"content":{"rendered":"<p><strong>\u00c0 l\u2019approche de la sortie de son ultime album, Dave Mustaine revient sur sa d\u00e9cision de r\u00e9enregistrer Ride The Lightning, morceau co\u00e9crit du temps de <a href=\"https:\/\/www.metalzone.fr\/metallica\/\" target=\"_blank\" rel=\"noopener\">Metallica<\/a>, dans une version in\u00e9dite sign\u00e9e <a href=\"https:\/\/www.metalzone.fr\/megadeth\/\" target=\"_blank\" rel=\"noopener\">Megadeth<\/a>.<\/strong><\/p>\n<p>\u201cIl fallait que ce soit aussi bon, voire meilleur\u201d<\/p>\n<p>Invit\u00e9 de l\u2019\u00e9mission Trunk Nation le 5 d\u00e9cembre, Dave Mustaine a expliqu\u00e9 pourquoi Ride The Lightning figure sur Megadeth, l\u2019album final du groupe attendu pour le 23 janvier. Comme il l\u2019a confi\u00e9 dans cet \u00e9change relay\u00e9 par <a href=\"https:\/\/blabbermouth.net\/news\/dave-mustaine-on-recording-his-version-of-metallicas-ride-the-lightning-when-you-do-a-song-from-somebody-youve-gotta-do-it-as-good-or-better\" target=\"_blank\" rel=\"noopener\">Blabbermouth<\/a>, ce choix va au-del\u00e0 d\u2019un simple hommage : \u201cCe n\u2019est pas une reprise comme les autres, car je l\u2019ai co\u00e9crite avec James [Hetfield]. Si je dois tirer ma r\u00e9v\u00e9rence, je veux saluer le groupe par lequel tout a commenc\u00e9 et dire ce que je pense de James.\u201d<\/p>\n<p>Mustaine d\u00e9crit Hetfield comme \u201cun guitariste exceptionnel\u201d, impressionn\u00e9 d\u00e8s leurs premi\u00e8res r\u00e9p\u00e9titions par son \u00e9volution. Il dit avoir voulu \u201cboucler la boucle\u201d avec ce morceau, l\u00e9g\u00e8rement acc\u00e9l\u00e9r\u00e9 et r\u00e9arrang\u00e9 : \u201cQuand on reprend une chanson, il faut qu\u2019elle soit aussi bonne, voire meilleure. Alors on l\u2019a un peu modernis\u00e9e.\u201d<\/p>\n<p>Un choix charg\u00e9 de sens<\/p>\n<p>Ce projet avait d\u00e9j\u00e0 \u00e9t\u00e9 \u00e9voqu\u00e9 en octobre dernier. Mustaine assurait alors qu\u2019il ne s\u2019agissait ni d\u2019un message cach\u00e9, ni d\u2019une tentative de r\u00e9conciliation : \u201cJe voulais simplement montrer que je le respecte, m\u00eame s\u2019il ne le pense pas.\u201d<\/p>\n<p>\u00c0 noter que le morceau, plac\u00e9 en onzi\u00e8me position sur l\u2019album, ne sera pas jou\u00e9 en live. Aucun membre de Metallica n\u2019a \u00e9t\u00e9 consult\u00e9 : \u201cJe n\u2019ai plus son num\u00e9ro\u201d, explique Mustaine \u00e0 propos de Hetfield.<\/p>\n<p>Un dernier album pour clore une histoire<\/p>\n<p>Megadeth, dont la sortie sera pr\u00e9c\u00e9d\u00e9e d\u2019un film \u00e9v\u00e9nement projet\u00e9 dans plus de 1 000 cin\u00e9mas le 22 janvier, marquera la fin d\u2019une carri\u00e8re de plus de 40 ans. Le disque r\u00e9unit les morceaux Tipping Point et I Don\u2019t Care, d\u00e9j\u00e0 d\u00e9voil\u00e9s, ainsi que cette relecture de Ride The Lightning en bonus.<\/p>\n<p>La tourn\u00e9e d\u2019adieu This Was Our Life passera en 2026 par plusieurs villes francophones : le 11 juin \u00e0 Esch-sur-Alzette (Luxembourg), le 15 juin \u00e0 Zurich (Suisse), le 18 juin au <a href=\"https:\/\/www.metalzone.fr\/graspop-metal-meeting\/\" target=\"_blank\" rel=\"noopener\">Graspop Metal Meeting<\/a> (Belgique) et le 20 juin au <a href=\"https:\/\/www.metalzone.fr\/hellfest\/\" target=\"_blank\" rel=\"noopener\">Hellfest<\/a> \u00e0 Clisson (France).<\/p>\n","protected":false},"excerpt":{"rendered":"\u00c0 l\u2019approche de la sortie de son ultime album, Dave Mustaine revient sur sa d\u00e9cision de r\u00e9enregistrer Ride&hellip;\n","protected":false},"author":2,"featured_media":137089,"comment_status":"","ping_status":"","sticky":false,"template":"","format":"standard","meta":{"footnotes":""},"categories":[1355],"tags":[58,59,1011,27,1361,873],"class_list":{"0":"post-582987","1":"post","2":"type-post","3":"status-publish","4":"format-standard","5":"has-post-thumbnail","7":"category-musique","8":"tag-divertissement","9":"tag-entertainment","10":"tag-fr","11":"tag-france","12":"tag-music","13":"tag-musique"},"share_on_mastodon":{"url":"https:\/\/pubeurope.com\/@fr\/115674946655575747","error":""},"_links":{"self":[{"href":"https:\/\/www.europesays.com\/fr\/wp-json\/wp\/v2\/posts\/582987","targetHints":{"allow":["GET"]}}],"collection":[{"href":"https:\/\/www.europesays.com\/fr\/wp-json\/wp\/v2\/posts"}],"about":[{"href":"https:\/\/www.europesays.com\/fr\/wp-json\/wp\/v2\/types\/post"}],"author":[{"embeddable":true,"href":"https:\/\/www.europesays.com\/fr\/wp-json\/wp\/v2\/users\/2"}],"replies":[{"embeddable":true,"href":"https:\/\/www.europesays.com\/fr\/wp-json\/wp\/v2\/comments?post=582987"}],"version-history":[{"count":0,"href":"https:\/\/www.europesays.com\/fr\/wp-json\/wp\/v2\/posts\/582987\/revisions"}],"wp:featuredmedia":[{"embeddable":true,"href":"https:\/\/www.europesays.com\/fr\/wp-json\/wp\/v2\/media\/137089"}],"wp:attachment":[{"href":"https:\/\/www.europesays.com\/fr\/wp-json\/wp\/v2\/media?parent=582987"}],"wp:term":[{"taxonomy":"category","embeddable":true,"href":"https:\/\/www.europesays.com\/fr\/wp-json\/wp\/v2\/categories?post=582987"},{"taxonomy":"post_tag","embeddable":true,"href":"https:\/\/www.europesays.com\/fr\/wp-json\/wp\/v2\/tags?post=582987"}],"curies":[{"name":"wp","href":"https:\/\/api.w.org\/{rel}","templated":true}]}}