{"id":582998,"date":"2025-12-06T22:25:12","date_gmt":"2025-12-06T22:25:12","guid":{"rendered":"https:\/\/www.europesays.com\/fr\/582998\/"},"modified":"2025-12-06T22:25:12","modified_gmt":"2025-12-06T22:25:12","slug":"ikea-lance-une-solution-japonaise-a-1299e-pour-une-cuisine-rangee","status":"publish","type":"post","link":"https:\/\/www.europesays.com\/fr\/582998\/","title":{"rendered":"IKEA lance une solution japonaise \u00e0 12,99\u20ac pour une cuisine rang\u00e9e"},"content":{"rendered":"<p data-start=\"149\" data-end=\"692\" data-is-last-node=\"\" data-is-only-node=\"\">On le sait bien : au Japon, l\u2019art de vivre<br \/>\npasse aussi par une organisation millim\u00e9tr\u00e9e de la maison. L\u00e0-bas,<br \/>\nchaque objet trouve sa place, entre <strong data-start=\"295\" data-end=\"318\">praticit\u00e9 r\u00e9fl\u00e9chie<\/strong> et <strong data-start=\"322\" data-end=\"344\">esth\u00e9tique soign\u00e9e<\/strong>. Cette approche de<br \/>\nl\u2019am\u00e9nagement s\u00e9duit de plus en plus l\u2019Occident, o\u00f9 l\u2019on adopte<br \/>\nvolontiers ces astuces venues d\u2019ailleurs pour optimiser notre<br \/>\nquotidien. Derni\u00e8re trouvaille en date\u202f: une id\u00e9e fut\u00e9e pour ranger<br \/>\nsa vaisselle avec style et simplicit\u00e9. Et la bonne surprise, c\u2019est<br \/>\nqu\u2019elle est d\u00e9sormais disponible chez <a href=\"https:\/\/www.lejournaldelamaison.fr\/le-journal-de-la-maison\/actus-deco\/vivre-10m-1euro-par-mois-mini-maisons-ikea-japon-507416.html\" target=\"_blank\" rel=\"noopener\"><br \/>\nIKEA<\/a>\u2026 pour seulement 12,99 \u20ac.<\/p>\n<p>IKEA : l\u2019art du rangement<br \/>\njaponais s\u2019invite dans nos cuisines<\/p>\n<p data-start=\"1283\" data-end=\"1738\">La rigueur et l\u2019\u00e9l\u00e9gance du<br \/>\n<a href=\"https:\/\/www.lejournaldelamaison.fr\/le-journal-de-la-maison\/conseils-pratiques-le-journal-de-la-maison\/rangement\/oosouji-methode-japonaise-ancestrale-rangement-493194.html\" target=\"_blank\" rel=\"noopener\"><br \/>\n<strong data-start=\"1311\" data-end=\"1333\">rangement<br \/>\njaponais<\/strong><\/a> font depuis longtemps r\u00eaver les amateurs<br \/>\nd\u2019int\u00e9rieurs organis\u00e9s. Et pour cause : au Japon, chaque centim\u00e8tre<br \/>\nest optimis\u00e9 avec ing\u00e9niosit\u00e9, dans une recherche constante de<br \/>\n<strong data-start=\"1506\" data-end=\"1519\">praticit\u00e9<\/strong> et de<br \/>\ns\u00e9r\u00e9nit\u00e9 visuelle. En s\u2019inspirant de cette philosophie, IKEA<br \/>\npropose aujourd\u2019hui une solution fut\u00e9e pour la cuisine : un<br \/>\n<strong data-start=\"1647\" data-end=\"1676\">porte-assiettes<br \/>\najustable<\/strong>, simple, malin, et disponible \u00e0 un<br \/>\n<strong data-start=\"1712\" data-end=\"1737\">prix ultra<br \/>\naccessible<\/strong>.<\/p>\n<p data-start=\"1740\" data-end=\"2025\">Pens\u00e9 pour s\u2019int\u00e9grer dans<br \/>\nn\u2019importe quel placard ou tiroir, ce rangement favorise une<br \/>\ncirculation fluide dans la cuisine tout en prot\u00e9geant la vaisselle<br \/>\ndes chocs. Fini les piles instables et les assiettes \u00e9br\u00e9ch\u00e9es :<br \/>\navec cet accessoire, tout reste \u00e0 port\u00e9e de main, rang\u00e9,<br \/>\ns\u00e9curis\u00e9.<\/p>\n<p>Pourquoi vos assiettes<br \/>\nm\u00e9ritent mieux qu\u2019un empilement bancal<\/p>\n<p data-start=\"2099\" data-end=\"2395\">Dans la plupart des foyers,<br \/>\nles <a href=\"https:\/\/www.lejournaldelamaison.fr\/le-journal-de-la-maison\/decoration-par-style\/industriel-et-vintage\/deco-vintage-tendance-assiettes-anciennes-309991.html#item=1\" target=\"_blank\" rel=\"noopener\"><br \/>\n<strong data-start=\"2131\" data-end=\"2144\">assiettes<\/strong><\/a><br \/>\nsont stock\u00e9es en colonne, empil\u00e9es les unes sur les autres sans<br \/>\ns\u00e9paration. R\u00e9sultat : la pile devient vite trop haute, peu stable,<br \/>\ndifficile \u00e0 manipuler. Chaque tentative d\u2019attraper l\u2019assiette du<br \/>\ndessous devient un risque\u2026 et finit parfois en casse.<\/p>\n<p data-start=\"2397\" data-end=\"2713\">Avec le <strong data-start=\"2405\" data-end=\"2434\">porte-assiettes UPPDATERA<\/strong> d\u2019IKEA,<br \/>\nce probl\u00e8me est \u00e9vacu\u00e9. Ce support modulable s\u2019adapte aux<br \/>\ndimensions de votre vaisselle, \u00e9vite les frottements et les<br \/>\n\u00e0-coups, tout en facilitant l\u2019acc\u00e8s \u00e0 chaque pi\u00e8ce. Les<br \/>\n<strong data-start=\"2617\" data-end=\"2639\">poign\u00e9es<br \/>\nlat\u00e9rales<\/strong> permettent m\u00eame de d\u00e9placer l\u2019ensemble<br \/>\nfacilement, du placard \u00e0 la table.<\/p>\n<blockquote class=\"instagram-media\" style=\"background: #ffffff;border: 0;margin: 1px;width: 100%;padding: 0;max-width: 500px;\" data-instgrm-permalink=\"https:\/\/www.instagram.com\/p\/C2fZj7DpUYn\/?utm_source=ig_web_copy_link&amp;igsh=NTc4MTIwNjQ2YQ==\" data-instgrm-version=\"14\"\/><p>\nUn<br \/>\naccessoire \u00e0 petit prix sign\u00e9 IKEA qui transforme l\u00a0\u00bborganisation<br \/>\ndes cuisines<\/p>\n<p data-start=\"2795\" data-end=\"3143\">Disponible pour<br \/>\n<strong data-start=\"2811\" data-end=\"2822\">12,99 \u20ac<\/strong>, ce<br \/>\nporte-assiettes IKEA coche toutes les cases : <strong data-start=\"2873\" data-end=\"2884\">compact<\/strong>, <strong data-start=\"2886\" data-end=\"2895\">l\u00e9ger<\/strong>, <strong data-start=\"2897\" data-end=\"2909\">pratique<\/strong> et m\u00eame <strong data-start=\"2918\" data-end=\"2932\">esth\u00e9tique<\/strong>. Il se glisse aussi bien sur<br \/>\nune \u00e9tag\u00e8re qu\u2019au fond d\u2019un tiroir et permet de gagner de l\u2019espace<br \/>\nsans sacrifier l\u2019harmonie visuelle. Fini les piles d\u00e9sordonn\u00e9es,<br \/>\nplace \u00e0 une pr\u00e9sentation \u00e9pur\u00e9e et fonctionnelle.<\/p>\n<p data-start=\"3145\" data-end=\"3368\">Pens\u00e9 pour les petits espaces,<br \/>\nil est aussi une r\u00e9ponse simple aux probl\u00e9matiques des cuisines<br \/>\nmodernes o\u00f9 chaque centim\u00e8tre compte. Un <strong data-start=\"3281\" data-end=\"3296\">geste malin<\/strong>, accessible, qui suffit<br \/>\nparfois \u00e0 transformer totalement son quotidien.<\/p>\n<p><script async src=\"\/\/www.instagram.com\/embed.js\"><\/script><\/p>\n","protected":false},"excerpt":{"rendered":"On le sait bien : au Japon, l\u2019art de vivre passe aussi par une organisation millim\u00e9tr\u00e9e de la&hellip;\n","protected":false},"author":2,"featured_media":582999,"comment_status":"","ping_status":"","sticky":false,"template":"","format":"standard","meta":{"footnotes":""},"categories":[6],"tags":[69652,13041,3031,35,1433,6861,902,1446,69653,851,23544,33,34,12219,5729,1011,27,714,59776,4743,7557,471,1404,9451,3585,96],"class_list":{"0":"post-582998","1":"post","2":"type-post","3":"status-publish","4":"format-standard","5":"has-post-thumbnail","7":"category-economie","8":"tag-69652","9":"tag-a","10":"tag-au","11":"tag-business","12":"tag-ca","13":"tag-change","14":"tag-cuisine","15":"tag-dans","16":"tag-desordre","17":"tag-devoile","18":"tag-e","19":"tag-economie","20":"tag-economy","21":"tag-et","22":"tag-fin","23":"tag-fr","24":"tag-france","25":"tag-ikea","26":"tag-japonaise","27":"tag-la","28":"tag-mettre","29":"tag-pour","30":"tag-quotidien","31":"tag-solution","32":"tag-tout","33":"tag-une"},"share_on_mastodon":{"url":"https:\/\/pubeurope.com\/@fr\/115674973856165994","error":""},"_links":{"self":[{"href":"https:\/\/www.europesays.com\/fr\/wp-json\/wp\/v2\/posts\/582998","targetHints":{"allow":["GET"]}}],"collection":[{"href":"https:\/\/www.europesays.com\/fr\/wp-json\/wp\/v2\/posts"}],"about":[{"href":"https:\/\/www.europesays.com\/fr\/wp-json\/wp\/v2\/types\/post"}],"author":[{"embeddable":true,"href":"https:\/\/www.europesays.com\/fr\/wp-json\/wp\/v2\/users\/2"}],"replies":[{"embeddable":true,"href":"https:\/\/www.europesays.com\/fr\/wp-json\/wp\/v2\/comments?post=582998"}],"version-history":[{"count":0,"href":"https:\/\/www.europesays.com\/fr\/wp-json\/wp\/v2\/posts\/582998\/revisions"}],"wp:featuredmedia":[{"embeddable":true,"href":"https:\/\/www.europesays.com\/fr\/wp-json\/wp\/v2\/media\/582999"}],"wp:attachment":[{"href":"https:\/\/www.europesays.com\/fr\/wp-json\/wp\/v2\/media?parent=582998"}],"wp:term":[{"taxonomy":"category","embeddable":true,"href":"https:\/\/www.europesays.com\/fr\/wp-json\/wp\/v2\/categories?post=582998"},{"taxonomy":"post_tag","embeddable":true,"href":"https:\/\/www.europesays.com\/fr\/wp-json\/wp\/v2\/tags?post=582998"}],"curies":[{"name":"wp","href":"https:\/\/api.w.org\/{rel}","templated":true}]}}