{"id":583002,"date":"2025-12-06T22:27:20","date_gmt":"2025-12-06T22:27:20","guid":{"rendered":"https:\/\/www.europesays.com\/fr\/583002\/"},"modified":"2025-12-06T22:27:20","modified_gmt":"2025-12-06T22:27:20","slug":"un-motard-tue-dans-accident-sous-la-tremie-a-niort-un-homme-et-une-femme-en-fuite-ce-que-lon-sait","status":"publish","type":"post","link":"https:\/\/www.europesays.com\/fr\/583002\/","title":{"rendered":"Un motard tu\u00e9 dans accident sous la tr\u00e9mie \u00e0 Niort, un homme et une femme en fuite : ce que l\u2019on sait"},"content":{"rendered":"<p>Il \u00e9tait 8\u00a0h\u00a030, ce samedi 6\u00a0d\u00e9cembre, quand un accident d\u2019une particuli\u00e8re violence a totalement neutralis\u00e9 la circulation sur un des axes les plus fr\u00e9quent\u00e9s de Niort, l\u2019avenue de Paris. C\u2019est l\u00e0, sous le tunnel de la tr\u00e9mie, au niveau du pont de la rue du Fief-des-Amourettes, qu\u2019une voiture de marque Renault Twingo et une moto sont entr\u00e9es en collision alors qu\u2019elles circulaient en direction de La Cr\u00e8che, en descente. Selon les constatations effectu\u00e9es par les hommes du commissariat de Niort, le conducteur de la moto est venu percuter la Twingo par l\u2019arri\u00e8re&#8230;. <\/p>\n<p>    Cet article a \u00e9t\u00e9 tronqu\u00e9. Abonnez-vous pour lire l&rsquo;article complet sur notre site.<\/p>\n<p style=\"margin: 0 !important; padding: 0 !important; font-size: 12px !important;\">Cet article a \u00e9t\u00e9 tronqu\u00e9. Abonnez-vous pour lire l&rsquo;article complet.<\/p>\n<p>    <a href=\"https:\/\/www.lanouvellerepublique.fr\/abonnements\" style=\"display: inline-block; margin-top: 5px !important; padding: 6px 12px !important; background: #cb1c27; color: white; text-decoration: none; border-radius: 4px; font-size: 12px !important;\" target=\"_blank\" rel=\"noopener\"><br \/>\n      S&rsquo;abonner<br \/>\n    <\/a><\/p>\n","protected":false},"excerpt":{"rendered":"Il \u00e9tait 8\u00a0h\u00a030, ce samedi 6\u00a0d\u00e9cembre, quand un accident d\u2019une particuli\u00e8re violence a totalement neutralis\u00e9 la circulation sur&hellip;\n","protected":false},"author":2,"featured_media":583003,"comment_status":"","ping_status":"","sticky":false,"template":"","format":"standard","meta":{"footnotes":""},"categories":[4],"tags":[1392,11,2545,274,1011,27,12,6752,25],"class_list":{"0":"post-583002","1":"post","2":"type-post","3":"status-publish","4":"format-standard","5":"has-post-thumbnail","7":"category-france","8":"tag-a-la-une-local","9":"tag-actualites","10":"tag-deux-sevres","11":"tag-faits-divers-justice","12":"tag-fr","13":"tag-france","14":"tag-news","15":"tag-niort","16":"tag-republique-francaise"},"share_on_mastodon":{"url":"https:\/\/pubeurope.com\/@fr\/115674981666763631","error":""},"_links":{"self":[{"href":"https:\/\/www.europesays.com\/fr\/wp-json\/wp\/v2\/posts\/583002","targetHints":{"allow":["GET"]}}],"collection":[{"href":"https:\/\/www.europesays.com\/fr\/wp-json\/wp\/v2\/posts"}],"about":[{"href":"https:\/\/www.europesays.com\/fr\/wp-json\/wp\/v2\/types\/post"}],"author":[{"embeddable":true,"href":"https:\/\/www.europesays.com\/fr\/wp-json\/wp\/v2\/users\/2"}],"replies":[{"embeddable":true,"href":"https:\/\/www.europesays.com\/fr\/wp-json\/wp\/v2\/comments?post=583002"}],"version-history":[{"count":0,"href":"https:\/\/www.europesays.com\/fr\/wp-json\/wp\/v2\/posts\/583002\/revisions"}],"wp:featuredmedia":[{"embeddable":true,"href":"https:\/\/www.europesays.com\/fr\/wp-json\/wp\/v2\/media\/583003"}],"wp:attachment":[{"href":"https:\/\/www.europesays.com\/fr\/wp-json\/wp\/v2\/media?parent=583002"}],"wp:term":[{"taxonomy":"category","embeddable":true,"href":"https:\/\/www.europesays.com\/fr\/wp-json\/wp\/v2\/categories?post=583002"},{"taxonomy":"post_tag","embeddable":true,"href":"https:\/\/www.europesays.com\/fr\/wp-json\/wp\/v2\/tags?post=583002"}],"curies":[{"name":"wp","href":"https:\/\/api.w.org\/{rel}","templated":true}]}}