{"id":583010,"date":"2025-12-06T22:33:37","date_gmt":"2025-12-06T22:33:37","guid":{"rendered":"https:\/\/www.europesays.com\/fr\/583010\/"},"modified":"2025-12-06T22:33:37","modified_gmt":"2025-12-06T22:33:37","slug":"loisirs-que-faire-ce-week-end-en-lorraine-notre-selection-pour-des-idees-de-sorties-8","status":"publish","type":"post","link":"https:\/\/www.europesays.com\/fr\/583010\/","title":{"rendered":"Loisirs. Que faire ce week-end en Lorraine ? Notre s\u00e9lection pour des id\u00e9es de sorties"},"content":{"rendered":"<p>  Nancy \u00a0: Saint-Nicolas d\u00e9filera sur son nouveau char<\/p>\n<p>Cette ann\u00e9e, le traditionnel et attendu d\u00e9fil\u00e9, \u00e0 Nancy, aura lieu ce samedi 6\u00a0d\u00e9cembre avec un d\u00e9part annonc\u00e9 \u00e0 17\u200ah\u200a30, de la place Carnot pour rejoindre la place Stanislas. Le th\u00e8me du cort\u00e8ge retenu est \u00ab\u200aArts et folies\u200a\u00bb.<br \/>Le parcours est identique \u00e0 celui de l\u2019an dernier\u200a: descente par la rue Stanislas jusqu\u2019\u00e0 la rue d\u2019Amerval, passage place Saint-Epvre, puis place de la Carri\u00e8re, avant de rejoindre la place Stanislas. Cela repr\u00e9sente au total 1,5\u00a0km et deux heures de spectacles pour les participants.<\/p>\n<p><a href=\"https:\/\/www.estrepublicain.fr\/culture-loisirs\/2025\/12\/05\/defile-de-la-saint-nicolas-securite-parcours-commerces-nancy-est-elle-prete-pour-l-evenement-de-l-annee\" target=\"_blank\" rel=\"noopener\">En savoir plus<\/a><\/p>\n<p>    &#13;<br \/>\n    &#13;<br \/>\n    &#13;<br \/>\n    <a href=\"https:\/\/cdn-s-www.estrepublicain.fr\/images\/099d268d-cfc6-47d0-b58d-b7487016ddc7\/NW_raw\/photo-alexandre-marchi-1764923451.jpg\" title=\"Photo Alexandre Marchi\" class=\"chocolat-image GA-tracking\" data-ga_type=\"click\" data-ga_category=\"D\u00e9tail\" data-ga_action=\"zoomer\" data-ga_label=\"aggrandir image\" target=\"_blank\" rel=\"noopener\">&#13;<br \/>\n        <img src=\"https:\/\/www.europesays.com\/fr\/wp-content\/uploads\/2025\/12\/photo-alexandre-marchi-1764923451.jpg\"   alt=\"Photo Alexandre Marchi\" fetchpriority=\"high\" decoding=\"async\" data-mobile=\"NW_listA_M|1764923451\" data-base=\"NW_listA|1764923451\"\/>&#13;<br \/>\n    <\/a>&#13;<\/p>\n<p>Photo Alexandre Marchi<\/p>\n<ul>\n<li><strong>Date<\/strong>. Le samedi 6 d\u00e9cembre, \u00e0 partir de 17 h 30.<\/li>\n<li><strong>Lieu.\u00a0<\/strong>D\u00e9part annonc\u00e9 de la place Carnot de Nancy.<\/li>\n<\/ul>\n<p>  Verdun \u00a0: festival culturel Les Bouill\u2019ry, 2e \u00e9dition\u200a!<\/p>\n<p>La 2e \u00e9dition du festival culturel, \u201cLes Bouill\u2019ry\u201d, propos\u00e9e par la Ville de Verdun, pour les enfants, se poursuit jusqu\u2019au samedi 6 d\u00e9cembre, dans le Grand Verdun. L\u2019aventure continue samedi, avec \u00e0 11 \u200ah, \u201cle Castel\u201d, au centre social Kergomard, pour les enfants de 0 \u00e0 4 ans (35 mn). Suivra \u00e0 16\u200a h \u00e0 l\u2019Espace Jeanne d\u2019Arc au Faubourg, le spectacle \u201cNamakemono\u201d\u00a0 (35 mn). Place ensuite \u00e0 18 \u200ah \u200a30 \u00e0 \u201cl\u2019Ourse\u201d \u00e0 l\u2019ancienne \u00e9glise Jeanne d\u2019Arc, Tout public, \u00e0 partir de 6 ans (60 mn).<\/p>\n<p><a href=\"https:\/\/www.estrepublicain.fr\/culture-loisirs\/2025\/12\/04\/le-festival-les-bouill-ry-plus-que-quatre-spectacles-pour-en-profiter\" target=\"_blank\" rel=\"noopener\">En savoir plus<\/a><\/p>\n<p>    &#13;<br \/>\n    &#13;<br \/>\n    &#13;<br \/>\n    <a href=\"https:\/\/cdn-s-www.estrepublicain.fr\/images\/d1bca19a-4482-43ee-ad16-a9547c09eeb6\/NW_raw\/le-spectacle-namakemono-de-la-cie-manok-photo-eric-doll-1764924076.jpg\" title=\"Le spectacle \u201cNamakemono\u201d, de la Cie Manok. Photo\u00a0\u00c9ric Doll\" class=\"chocolat-image GA-tracking\" data-ga_type=\"click\" data-ga_category=\"D\u00e9tail\" data-ga_action=\"zoomer\" data-ga_label=\"aggrandir image\" target=\"_blank\" rel=\"noopener\">&#13;<br \/>\n        <img src=\"https:\/\/www.europesays.com\/fr\/wp-content\/uploads\/2025\/12\/le-spectacle-namakemono-de-la-cie-manok-photo-eric-doll-1764924076.jpg\"   alt=\"Le spectacle \u201cNamakemono\u201d, de la Cie Manok. Photo\u00a0\u00c9ric Doll\" fetchpriority=\"high\" decoding=\"async\" data-mobile=\"NW_listA_M|1764924076\" data-base=\"NW_listA|1764924076\"\/>&#13;<br \/>\n    <\/a>&#13;<\/p>\n<p>Le spectacle \u201cNamakemono\u201d, de la Cie Manok. Photo\u00a0\u00c9ric Doll<\/p>\n<ul>\n<li><strong>Date<\/strong>. Jusqu\u00e0 ce samedi\u00a06 d\u00e9cembre, \u00e0 partir de 11 h<\/li>\n<li><strong>Lieux.\u00a0<\/strong>\u00a0 Au centre social Kergomard, \u00e0 l\u2019Espace Jeanne d\u2019Arc au Faubourg et \u00e0 l\u2019ancienne \u00e9glise Jeanne d\u2019Arc de Verdun.<\/li>\n<li><strong>Programme complet \u00a0: <\/strong>sur <a href=\"https:\/\/www.verdun.fr\/agenda\/festival-les-bouillry\/\" target=\"_blank\" rel=\"noopener\">www.verdun.fr\/agenda\/festival-des-bouillry.<\/a><\/li>\n<\/ul>\n<p>  Saint Nicolas sera bien le patron ce samedi, \u00e0\u00a0\u00c9pinal<\/p>\n<p>Le cort\u00e8ge de la Saint-Nicolas au c\u0153ur d\u2019\u00c9pinal aura lieu le jour m\u00eame de la f\u00eate du saint Patron des Lorrains, ce samedi 6 d\u00e9cembre. L\u2019\u00e9v\u00e9nement attire de 25\u200a000 \u00e0 30\u200a000 personnes avec 58 chars d\u00e9cor\u00e9s, 6 musiques et une dizaine de groupes \u00e0 pied\u2026 Le d\u00e9part se fera \u00e0 18\u200ah depuis la place des Vieux-Moulins. L\u2019incontournable disparition de saint Nicolas est programm\u00e9e \u00e0 20\u200ah sur le pont Sadi-Carnot, suivie par des feux d\u2019artifice offerts par la f\u00e9d\u00e9ration nationale des comit\u00e9s (la FNCOF) qui tiendra ses assises annuelles.<\/p>\n<p><a href=\"https:\/\/www.vosgesmatin.fr\/culture-loisirs\/2025\/11\/24\/defile-de-la-saint-nicolas-qu-est-ce-qui-vous-attend-dans-les-rues-d-epinal-le-6-decembre\" target=\"_blank\" rel=\"noopener\">En savoir plus<\/a><\/p>\n<p>    &#13;<br \/>\n    &#13;<br \/>\n    &#13;<br \/>\n    <a href=\"https:\/\/cdn-s-www.estrepublicain.fr\/images\/e75ad966-58fd-4e8a-a58a-50855d18554f\/NW_raw\/photo-vm-1764924675.jpg\" title=\"Photo VM\" class=\"chocolat-image GA-tracking\" data-ga_type=\"click\" data-ga_category=\"D\u00e9tail\" data-ga_action=\"zoomer\" data-ga_label=\"aggrandir image\" target=\"_blank\" rel=\"noopener\">&#13;<br \/>\n        <img src=\"https:\/\/www.europesays.com\/fr\/wp-content\/uploads\/2025\/12\/photo-vm-1764924675.jpg\"   alt=\"Photo VM\" fetchpriority=\"high\" decoding=\"async\" data-mobile=\"NW_listA_M|1764924675\" data-base=\"NW_listA|1764924675\"\/>&#13;<br \/>\n    <\/a>&#13;<\/p>\n<p>Photo VM<\/p>\n<ul>\n<li><strong>Dates<\/strong>. Samedi\u00a0 6 d\u00e9cembre, \u00e0 partir de 18 h.\u00a0\u00a0<\/li>\n<li><strong>Lieu.\u00a0<\/strong>\u00a0 D\u00e9part depuis la place des Vieux-Moulins.<\/li>\n<\/ul>\n<p>  Le No\u00ebl de Mary Poppins, \u00e0 Flavigny<\/p>\n<p>Pour cl\u00f4turer l\u2019ann\u00e9e, la troupe du M\u00e9nil Saint-Michel cr\u00e9e la magie de No\u00ebl avec un nouveau spectacle \u00e9questre autour du c\u00e9l\u00e8bre personnage de Disney\u200a: Mary Poppins.<\/p>\n<p>Le soir de No\u00ebl, les Banks doivent trouver en urgence une nouvelle nurse pour garder les enfants. C\u2019est Mary Poppins qui se pr\u00e9sente. La gouvernante, quelque peu farfelue, va bousculer une famille un peu trop sage et l\u2019entra\u00eener dans son univers merveilleux et magique en lui promettant un No\u00ebl pas comme les autres et\u2026 inoubliable.<\/p>\n<ul>\n<li><strong>Dates<\/strong>. Samedi 6 d\u00e9cembre \u00e0 15\u200ah, dimanche 7 d\u00e9cembre \u00e0 15\u200ah,\u00a0 dimanche 14 d\u00e9cembre \u00e0 15\u200ah, vendredi 19 d\u00e9cembre \u00e0 20\u200ah, samedi 20 d\u00e9cembre \u00e0 20\u200ah, dimanche 21, \u00e0 15 h 30.\u00a0<\/li>\n<li><strong>Lieu.\u00a0<\/strong>\u00a0Halle de Flavigny-sur-Moselle.\u00a0<\/li>\n<li><strong>Tarifs.\u00a0<\/strong>\u00a0Enfant (15 \u20ac), adulte (20\u20ac) \u00a0; pack famille (2 adultes et 1 enfant, 45\u20ac).<\/li>\n<\/ul>\n<p>  La march\u00e9 de No\u00ebl va illuminer\u00a0Remiremont<\/p>\n<p>Rendez-vous en c\u0153ur de ville pour profiter, d\u00e8s ce vendredi \u00e0 16\u200ah, de la magie de No\u00ebl distill\u00e9e au gr\u00e9 d\u2019une vingtaine de chalets illumin\u00e9s. Commer\u00e7ants, artisans et associations proposeront leurs produits artisanaux, cr\u00e9ations originales et autres gourmandises de fin d\u2019ann\u00e9e.<\/p>\n<p><a href=\"https:\/\/www.vosgesmatin.fr\/culture-loisirs\/2025\/12\/05\/l-heure-des-derniers-reglages-avant-l-ouverture-du-marche-de-noel-de-remiremont\" target=\"_blank\" rel=\"noopener\">En savoir plus<\/a><\/p>\n<p>    &#13;<br \/>\n    &#13;<br \/>\n    &#13;<br \/>\n    <a href=\"https:\/\/cdn-s-www.estrepublicain.fr\/images\/f82bf2b0-fac2-4e15-af4b-94c5cb8fe4c2\/NW_raw\/a-la-nuit-tombee-les-illuminations-offrent-un-bel-ecrin-au-marche-et-a-ses-chalets-photo-heidi-joffroy-1764926176.jpg\" title=\"\u00c0 la nuit tomb\u00e9e, les illuminations offrent un bel \u00e9crin au march\u00e9 et \u00e0 ses chalets.\u00a0 Photo\u00a0Heidi Joffroy\" class=\"chocolat-image GA-tracking\" data-ga_type=\"click\" data-ga_category=\"D\u00e9tail\" data-ga_action=\"zoomer\" data-ga_label=\"aggrandir image\" target=\"_blank\" rel=\"noopener\">&#13;<br \/>\n        <img src=\"https:\/\/www.europesays.com\/fr\/wp-content\/uploads\/2025\/12\/a-la-nuit-tombee-les-illuminations-offrent-un-bel-ecrin-au-marche-et-a-ses-chalets-photo-heidi-joffr.jpeg\"   alt=\"\u00c0 la nuit tomb\u00e9e, les illuminations offrent un bel \u00e9crin au march\u00e9 et \u00e0 ses chalets.\u00a0 Photo\u00a0Heidi Joffroy\" fetchpriority=\"high\" decoding=\"async\" data-mobile=\"NW_listA_M|1764926176\" data-base=\"NW_listA|1764926176\"\/>&#13;<br \/>\n    <\/a>&#13;<\/p>\n<p>\u00c0 la nuit tomb\u00e9e, les illuminations offrent un bel \u00e9crin au march\u00e9 et \u00e0 ses chalets.\u00a0 Photo\u00a0Heidi Joffroy<\/p>\n<ul>\n<li><strong>Dates<\/strong>. Jusqu\u2019au dimanche 28 d\u00e9cembre, du lundi au vendredi de 16\u200ah \u00e0 20\u200ah, les samedis et dimanches de 10\u200ah \u00e0 20\u200ah sauf les 22, 23, 24, 27 et 28 d\u00e9cembre.<\/li>\n<li><strong>Lieu.\u00a0<\/strong>Sur le parvis de l\u2019h\u00f4tel de ville de Remiremont.<\/li>\n<li><strong>Tarif.<\/strong>\u00a0Entr\u00e9e\u200a libre.<\/li>\n<\/ul>\n<p>  \u00ab\u00a0Piaf\u200a! Le spectacle\u00a0\u00bb\u00a0 \u00e0 La Barroise ce vendredi 5 d\u00e9cembre<\/p>\n<p>\u00c0 l\u2019occasion du 110e anniversaire de La M\u00f4me, venez revivre l\u2019histoire de la plus grande chanteuse au travers de ses chansons intemporelles des rues de Montmartre \u00e0 l\u2019Olympia de Paris. Interpr\u00e9t\u00e9 par Nathalie Lermitte, con\u00e7u et mis en sc\u00e8ne par Gil Marsalla.<\/p>\n<p><a href=\"https:\/\/www.estrepublicain.fr\/culture-loisirs\/2025\/11\/30\/nathalie-lermitte-interprete-piaf-a-la-barroise-j-ai-pris-ses-chagrins-pour-vivre-mes-larmes\" target=\"_blank\" rel=\"noopener\">En savoir plus<\/a><\/p>\n<p>    &#13;<br \/>\n    &#13;<br \/>\n    &#13;<br \/>\n    <a href=\"https:\/\/cdn-s-www.estrepublicain.fr\/images\/fda6561f-5ce1-4041-b9f4-86cc3f214bf8\/NW_raw\/nathalie-lermitte-interprete-edith-piaf-dans-piaf-le-spectacle-photo-moonphotography-1764926717.jpg\" title=\"Nathalie Lermitte interpr\u00e8te \u00c9dith Piaf dans Piaf\u200a! Le spectacle. Photo\u00a0Moonphotography\" class=\"chocolat-image GA-tracking\" data-ga_type=\"click\" data-ga_category=\"D\u00e9tail\" data-ga_action=\"zoomer\" data-ga_label=\"aggrandir image\" target=\"_blank\" rel=\"noopener\">&#13;<br \/>\n        <img src=\"https:\/\/www.europesays.com\/fr\/wp-content\/uploads\/2025\/12\/nathalie-lermitte-interprete-edith-piaf-dans-piaf-le-spectacle-photo-moonphotography-1764926717.jpg\"   alt=\"Nathalie Lermitte interpr\u00e8te \u00c9dith Piaf dans Piaf\u200a! Le spectacle. Photo\u00a0Moonphotography\" fetchpriority=\"high\" decoding=\"async\" data-mobile=\"NW_listA_M|1764926717\" data-base=\"NW_listA|1764926717\"\/>&#13;<br \/>\n    <\/a>&#13;<\/p>\n<p>Nathalie Lermitte interpr\u00e8te \u00c9dith Piaf dans Piaf\u200a! Le spectacle. Photo\u00a0Moonphotography<\/p>\n<ul>\n<li><strong>Dates<\/strong>. Vendredi 5 d\u00e9cembre \u00e0 20\u200ah\u200a30<\/li>\n<li><strong>Lieu.\u00a0<\/strong>\u00a0Salle La Barroise, \u00e0 Bar-le-Duc.<\/li>\n<li><strong>Tarif.<\/strong> 42 \u20ac, regiecommunication@cornolti-production.com<\/li>\n<\/ul>\n<p>  Saint-Nicolas-de-Port c\u00e9l\u00e8bre l\u2019\u00e9v\u00eaque de Myre\u00a0<\/p>\n<p>Ce samedi 6 d\u00e9cembre, plus de 10\u200a000 personnes sont attendues dans la cit\u00e9 portoise pour profiter des festivit\u00e9s d\u00e8s 14\u200ah avec l\u2019ouverture du village de la Saint-Nicolas, avec pr\u00e8s de 30 stands de jouets, produits locaux, artisanaux\u2026 D\u00e9fil\u00e9 \u00e0 17\u200ah, suivi \u00e0 17\u200ah\u200a45 de la remise des cl\u00e9s de la ville et d\u2019un spectacle son et lumi\u00e8re sur la place des Droits de l\u2019Homme. Le point d\u2019orgue de la journ\u00e9e sera la traditionnelle procession ancestrale aux flambeaux, \u00e0 20\u200ah\u200a30, dans la basilique qui rassemble chaque ann\u00e9e 3\u200a000 p\u00e8lerins.<\/p>\n<p><a href=\"https:\/\/www.estrepublicain.fr\/culture-loisirs\/2025\/12\/01\/le-programme-complet-des-festivites-de-la-saint-nicolas\" target=\"_blank\" rel=\"noopener\">En savoir plus<\/a><\/p>\n<p>    &#13;<br \/>\n    &#13;<br \/>\n    &#13;<br \/>\n    <a href=\"https:\/\/cdn-s-www.estrepublicain.fr\/images\/be0d1eab-b164-4911-b10a-7cc56d81359e\/NW_raw\/pres-de-3-000-pelerins-sont-attendus-pour-la-procession-dans-la-basilique-photo-alexandre-marchi-1764927282.jpg\" title=\"Pr\u00e8s de 3 000 p\u00e8lerins sont attendus pour la procession dans la basilique. Photo\u00a0Alexandre Marchi\" class=\"chocolat-image GA-tracking\" data-ga_type=\"click\" data-ga_category=\"D\u00e9tail\" data-ga_action=\"zoomer\" data-ga_label=\"aggrandir image\" target=\"_blank\" rel=\"noopener\">&#13;<br \/>\n        <img src=\"https:\/\/www.europesays.com\/fr\/wp-content\/uploads\/2025\/12\/pres-de-3-000-pelerins-sont-attendus-pour-la-procession-dans-la-basilique-photo-alexandre-marchi-176.jpeg\"   alt=\"Pr\u00e8s de 3 000 p\u00e8lerins sont attendus pour la procession dans la basilique. Photo\u00a0Alexandre Marchi\" fetchpriority=\"high\" decoding=\"async\" data-mobile=\"NW_listA_M|1764927282\" data-base=\"NW_listA|1764927282\"\/>&#13;<br \/>\n    <\/a>&#13;<\/p>\n<p>Pr\u00e8s de 3 000 p\u00e8lerins sont attendus pour la procession dans la basilique. Photo\u00a0Alexandre Marchi<\/p>\n<ul>\n<li><strong>Date<\/strong>. Samedi 6 d\u00e9cembre, \u00e0 partir de 14 h.<\/li>\n<li><strong>Lieu.\u00a0<\/strong>\u00a0Centre-ville de Saint-Nicolas-de-Port.<\/li>\n<\/ul>\n<p>  La meilleure chorale de France \u00e0\u00a0\u00c9pinal \u00a0<\/p>\n<p>En d\u00e9cembre 2024, l\u2019ensemble Leszczynski, fond\u00e9 \u00e0 Nancy en 2008, a remport\u00e9 le titre de meilleure chorale de France. L\u2019ensemble est invit\u00e9 pour le concert de la Saint-Nicolas, pr\u00e9vu le vendredi 5 d\u00e9cembre \u00e0 20\u200ah \u00e0 la basilique Saint-Maurice. Sous la direction de Geoffrey Vancon, les choristes offriront un r\u00e9pertoire ambitieux qui fera r\u00e9sonner la magie de Saint-Nicolas et de No\u00ebl.<\/p>\n<p>    &#13;<br \/>\n    &#13;<br \/>\n    &#13;<br \/>\n    <a href=\"https:\/\/cdn-s-www.estrepublicain.fr\/images\/5e1c8a50-c65c-48ac-a0a7-d55ff9ae9bc9\/NW_raw\/photo-vm-1764927861.jpg\" title=\"Photo VM\" class=\"chocolat-image GA-tracking\" data-ga_type=\"click\" data-ga_category=\"D\u00e9tail\" data-ga_action=\"zoomer\" data-ga_label=\"aggrandir image\" target=\"_blank\" rel=\"noopener\">&#13;<br \/>\n        <img src=\"https:\/\/www.europesays.com\/fr\/wp-content\/uploads\/2025\/12\/photo-vm-1764927861.jpg\"   alt=\"Photo VM\" fetchpriority=\"high\" decoding=\"async\" data-mobile=\"NW_listA_M|1764927861\" data-base=\"NW_listA|1764927861\"\/>&#13;<br \/>\n    <\/a>&#13;<\/p>\n<p>Photo VM<\/p>\n<p><strong>Date<\/strong>. Vendredi 5 d\u00e9cembre \u00e0 20\u200ah<\/p>\n<p><strong>Lieu.\u00a0<\/strong>Basilique Saint-Maurice d&rsquo;Epinal.<\/p>\n<p><strong>Tarif plein.<\/strong>\u00a022 \u20ac. Renseignements au 07\u200a89\u200a79\u200a29\u200a39.<\/p>\n<p>  7e \u00e9dition du Festival Cin\u00e9ma Plan\u00e8te \u00e0 Metz<\/p>\n<p>Le Festival Cin\u00e9ma Plan\u00e8te propose, samedi et dimanche, au Klub \u00e0 Metz, la projection de deux films in\u00e9dits\u200a: samedi, La Lorraine sauvage, r\u00e9alis\u00e9 par Alain Iemfre, d\u00e9voile en 53 minutes les tr\u00e9sors naturels de la r\u00e9gion, film\u00e9s pendant trois ans. Dimanche, Oc\u00e9an dernier territoire sauvage, pr\u00e9sent\u00e9 par l\u2019oc\u00e9anographe Fran\u00e7ois Sarano, invite \u00e0 explorer les profondeurs marines.<\/p>\n<p>    &#13;<br \/>\n    &#13;<br \/>\n    &#13;<br \/>\n    <a href=\"https:\/\/cdn-s-www.estrepublicain.fr\/images\/a215c9f3-3276-400a-bf17-d98949006b8c\/NW_raw\/photo-dr-1764928584.jpg\" title=\"Photo DR\" class=\"chocolat-image GA-tracking\" data-ga_type=\"click\" data-ga_category=\"D\u00e9tail\" data-ga_action=\"zoomer\" data-ga_label=\"aggrandir image\" target=\"_blank\" rel=\"noopener\">&#13;<br \/>\n        <img src=\"https:\/\/www.europesays.com\/fr\/wp-content\/uploads\/2025\/12\/photo-dr-1764928584.jpg\"   alt=\"Photo DR\" fetchpriority=\"high\" decoding=\"async\" data-mobile=\"NW_listA_M|1764928584\" data-base=\"NW_listA|1764928584\"\/>&#13;<br \/>\n    <\/a>&#13;<\/p>\n<p>Photo DR<\/p>\n<ul>\n<li><strong>Date<\/strong>. Samedi 5 et dimanche 6, \u00e0 19 h..\u00a0<\/li>\n<li><strong>Lieu.\u00a0<\/strong>\u00a0Au Klub place Saint-Jacques, \u00e0 Metz.<\/li>\n<li><strong>Tarif.\u00a0<\/strong>Entr\u00e9e libre.<\/li>\n<\/ul>\n","protected":false},"excerpt":{"rendered":"Nancy \u00a0: Saint-Nicolas d\u00e9filera sur son nouveau char Cette ann\u00e9e, le traditionnel et attendu d\u00e9fil\u00e9, \u00e0 Nancy, aura&hellip;\n","protected":false},"author":2,"featured_media":583011,"comment_status":"","ping_status":"","sticky":false,"template":"","format":"standard","meta":{"footnotes":""},"categories":[9635],"tags":[1111,11,3601,1687,3602,1706,1705,1777,674,107,1011,27,775,1031,6016,20065,3457,1702,12,3456,25,273,10172],"class_list":{"0":"post-583010","1":"post","2":"type-post","3":"status-publish","4":"format-standard","5":"has-post-thumbnail","7":"category-nancy","8":"tag-actu","9":"tag-actualites","10":"tag-bar-le-duc-ville-55a","11":"tag-culture-loisirs","12":"tag-edition-bar-le-duc","13":"tag-edition-pont-a-mousson","14":"tag-edition-toul","15":"tag-eu","16":"tag-europe","17":"tag-fil-info","18":"tag-fr","19":"tag-france","20":"tag-grand-est","21":"tag-magazine","22":"tag-magazine-cuisine-et-vins","23":"tag-magazine-tourisme-et-patrimoine","24":"tag-meurthe-et-moselle","25":"tag-nancy","26":"tag-news","27":"tag-region-lorraine","28":"tag-republique-francaise","29":"tag-selection-de-la-redaction","30":"tag-verdun"},"share_on_mastodon":{"url":"https:\/\/pubeurope.com\/@fr\/115675008382890994","error":""},"_links":{"self":[{"href":"https:\/\/www.europesays.com\/fr\/wp-json\/wp\/v2\/posts\/583010","targetHints":{"allow":["GET"]}}],"collection":[{"href":"https:\/\/www.europesays.com\/fr\/wp-json\/wp\/v2\/posts"}],"about":[{"href":"https:\/\/www.europesays.com\/fr\/wp-json\/wp\/v2\/types\/post"}],"author":[{"embeddable":true,"href":"https:\/\/www.europesays.com\/fr\/wp-json\/wp\/v2\/users\/2"}],"replies":[{"embeddable":true,"href":"https:\/\/www.europesays.com\/fr\/wp-json\/wp\/v2\/comments?post=583010"}],"version-history":[{"count":0,"href":"https:\/\/www.europesays.com\/fr\/wp-json\/wp\/v2\/posts\/583010\/revisions"}],"wp:featuredmedia":[{"embeddable":true,"href":"https:\/\/www.europesays.com\/fr\/wp-json\/wp\/v2\/media\/583011"}],"wp:attachment":[{"href":"https:\/\/www.europesays.com\/fr\/wp-json\/wp\/v2\/media?parent=583010"}],"wp:term":[{"taxonomy":"category","embeddable":true,"href":"https:\/\/www.europesays.com\/fr\/wp-json\/wp\/v2\/categories?post=583010"},{"taxonomy":"post_tag","embeddable":true,"href":"https:\/\/www.europesays.com\/fr\/wp-json\/wp\/v2\/tags?post=583010"}],"curies":[{"name":"wp","href":"https:\/\/api.w.org\/{rel}","templated":true}]}}