{"id":583018,"date":"2025-12-06T22:39:11","date_gmt":"2025-12-06T22:39:11","guid":{"rendered":"https:\/\/www.europesays.com\/fr\/583018\/"},"modified":"2025-12-06T22:39:11","modified_gmt":"2025-12-06T22:39:11","slug":"national-3-fos-a-fait-plier-montpellier-en-une-mi-temps-et-repart-de-lavant","status":"publish","type":"post","link":"https:\/\/www.europesays.com\/fr\/583018\/","title":{"rendered":"National 3\u00a0: Fos a fait plier Montpellier en une mi-temps et repart de l\u2019avant"},"content":{"rendered":"<p>La troisi\u00e8me fois a \u00e9t\u00e9 la bonne <a href=\"https:\/\/www.laprovence.com\/article\/sports\/76367985924839\/football-national-3-une-serie-a-bien-negocier-pour-les-fos\" target=\"_blank\" rel=\"noopener\">dans cette trilogie de rencontres<\/a> contre des <a href=\"https:\/\/www.laprovence.com\/article\/sports\/83032420271275\/football-national-3-fos-et-la-reserve-de-l-om-frustres-tous-les-deux\" target=\"_blank\" rel=\"noopener\">r\u00e9serves d&rsquo;\u00e9quipes professionnelles<\/a>. Avec une lune au-dessus d&rsquo;une tribune Parsemain qui a donn\u00e9 des ailes \u00e0 un super Gharbi. V\u00e9ritable arme fatale des Foss\u00e9ens, il ne tarde pas \u00e0 mettre au supplice une d\u00e9fense H\u00e9raultaise rest\u00e9e dans le bus. Un Gharbi (7) supersonique qui laisse sur place son vis-\u00e0-vis pour aller crucifier Dzodic.<\/p>\n<p>Sur un nouveau sprint, il est \u00e0 deux doigts de doubler la mise mais, trop excentr\u00e9, il ne peut conclure (11). Face \u00e0 une d\u00e9fense Montpellieraine aux abois, les Foss\u00e9ens vont s&rsquo;en donner \u00e0 c\u0153ur joie. Sans un manque de justesse dans la finition, ils auraient pu plier le match sur une t\u00eate \u00e0 bout portant de Rbaiti (13), et sur une frappe trop crois\u00e9e de Nana Gassa Gonga (16).<\/p>\n<p>Un manque de r\u00e9ussite qui aurait pu permettre \u00e0 Montpellier de revenir au score si Thiland Herard (33) avait mieux anticip\u00e9 le centre de Zeghadi devant le but. Alors qu&rsquo;ils croyaient avoir pr\u00e9serv\u00e9 l&rsquo;essentiel en premi\u00e8re mi-temps, les H\u00e9raultais vont \u00eatre punis dans le temps additionnels par Gharbi (46), leur bourreau qui fait \u00e9talage de tout son talent avec une reprise de vol\u00e9e somptueuse qui ne laisse aucune chance \u00e0 Dzodic.<\/p>\n<p>\u00ab\u00a0Les joueurs ont r\u00e9pondu aux attentes\u00a0\u00bb<\/p>\n<p>Une nouvelle fois cueillis \u00e0 froid d\u00e8s la reprise sur un corner Rbaiti (46), esseul\u00e9 aux six m\u00e8tres et qui aggrave le score d&rsquo;une reprise de la t\u00eate. La messe \u00e9tait dite et le but de Diarra (69) n&rsquo;a rien chang\u00e9. Ils auraient pu connaitre une fin de match de tous les dangers sur une perte de ballon \u00e0 l&rsquo;entr\u00e9e de la surface mais Caserta a fait l&rsquo;arr\u00eat qu&rsquo;il faut.<\/p>\n<p>Une fin de s\u00e9rie de nuls <a href=\"https:\/\/www.laprovence.com\/article\/sports\/12535716708323\/football-national-3-fos-om-un-match-special-pour-eddy-cardillo-marseillais-dans-lame-et-fosseen-dadoption\" target=\"_blank\" rel=\"noopener\">qui rassure le coach Foss\u00e9en<\/a>. \u00ab\u00a0Nos entames de match et de p\u00e9riode ont \u00e9t\u00e9 bonnes, nos intentions \u00e9galement, s&rsquo;est r\u00e9joui Eddy Cardillo. Cela reste perfectible mais les joueurs ont r\u00e9pondu aux attentes qu&rsquo;il y avait sur ce match. Nous sommes \u00e0 la place o\u00f9 nous voulons \u00eatre apr\u00e8s avoir fait un d\u00e9but de championnat assez moyen. Nous avons su redresser la barre, ce qui nous permet aujourd&rsquo;hui d&rsquo;\u00eatre coll\u00e9s au groupe de t\u00eate.\u00a0\u00bb Le dernier match avant la tr\u00eave, \u00e0 Al\u00e8s, qui vient de conna\u00eetre la d\u00e9faite \u00e0 Dijon, prend encore plus d&rsquo;importance.<\/p>\n<p>Fos 3 &#8211; 1 Montpellier<\/p>\n<p>Stade Parsemain. Mi-temps\u00a0: 2-0. Arbitre\u00a0: M.\u00a0Henck. Buts &#8211; ES Fos\u00a0: Gharbi (7, 45 +\u00a02), Rbaiti (46). Montpellier\u00a0: Diarra (69). Avertissements &#8211; ES Fos\u00a0: Kwasnik (27), Agueni (49), Djakhite (88). Montpellier\u00a0: Da Silva (26), Epee Ngando (73). ES Fos\u00a0: Caserta, Agueni, Drame (Chadhuli, 86), Kawasnik, Charbi, Bacar (Soumare, 81), Djabour (Bande, 86), Ugiabe, Gharbi (Ribeiro, 63), Nana Gassa Gonga (Djakhite, 81), Rbaiti. Entra\u00eeneur\u00a0: Eddy Cardillo. Montpellier\u00a0: Dzodic, Mohamed Isyak (Epee Nango, 68) Mamilo, Sarr (Diallo, 68), Tognarelli, Zeghadi, Sidibe, Da Silva, Thiland Herard, Kapitza, Vidal. Entra\u00eeneur\u00a0: Fr\u00e9d\u00e9ric Garny.<\/p>\n","protected":false},"excerpt":{"rendered":"La troisi\u00e8me fois a \u00e9t\u00e9 la bonne dans cette trilogie de rencontres contre des r\u00e9serves d&rsquo;\u00e9quipes professionnelles. Avec&hellip;\n","protected":false},"author":2,"featured_media":583019,"comment_status":"","ping_status":"","sticky":false,"template":"","format":"standard","meta":{"footnotes":""},"categories":[9599],"tags":[17,1111,11,1777,674,21,63,25762,1011,27,2208,3238,12,2680,69654,25,60,96],"class_list":{"0":"post-583018","1":"post","2":"type-post","3":"status-publish","4":"format-standard","5":"has-post-thumbnail","7":"category-montpellier","8":"tag-17","9":"tag-actu","10":"tag-actualites","11":"tag-eu","12":"tag-europe","13":"tag-fait","14":"tag-football","15":"tag-fos","16":"tag-fr","17":"tag-france","18":"tag-montpellier","19":"tag-national","20":"tag-news","21":"tag-occitanie","22":"tag-plier","23":"tag-republique-francaise","24":"tag-sports","25":"tag-une"},"share_on_mastodon":{"url":"https:\/\/pubeurope.com\/@fr\/115675028705630026","error":""},"_links":{"self":[{"href":"https:\/\/www.europesays.com\/fr\/wp-json\/wp\/v2\/posts\/583018","targetHints":{"allow":["GET"]}}],"collection":[{"href":"https:\/\/www.europesays.com\/fr\/wp-json\/wp\/v2\/posts"}],"about":[{"href":"https:\/\/www.europesays.com\/fr\/wp-json\/wp\/v2\/types\/post"}],"author":[{"embeddable":true,"href":"https:\/\/www.europesays.com\/fr\/wp-json\/wp\/v2\/users\/2"}],"replies":[{"embeddable":true,"href":"https:\/\/www.europesays.com\/fr\/wp-json\/wp\/v2\/comments?post=583018"}],"version-history":[{"count":0,"href":"https:\/\/www.europesays.com\/fr\/wp-json\/wp\/v2\/posts\/583018\/revisions"}],"wp:featuredmedia":[{"embeddable":true,"href":"https:\/\/www.europesays.com\/fr\/wp-json\/wp\/v2\/media\/583019"}],"wp:attachment":[{"href":"https:\/\/www.europesays.com\/fr\/wp-json\/wp\/v2\/media?parent=583018"}],"wp:term":[{"taxonomy":"category","embeddable":true,"href":"https:\/\/www.europesays.com\/fr\/wp-json\/wp\/v2\/categories?post=583018"},{"taxonomy":"post_tag","embeddable":true,"href":"https:\/\/www.europesays.com\/fr\/wp-json\/wp\/v2\/tags?post=583018"}],"curies":[{"name":"wp","href":"https:\/\/api.w.org\/{rel}","templated":true}]}}