{"id":583020,"date":"2025-12-06T22:41:15","date_gmt":"2025-12-06T22:41:15","guid":{"rendered":"https:\/\/www.europesays.com\/fr\/583020\/"},"modified":"2025-12-06T22:41:15","modified_gmt":"2025-12-06T22:41:15","slug":"basket-luso-mondeville-confirme-et-domine-le-rouen-metropole-bihorel","status":"publish","type":"post","link":"https:\/\/www.europesays.com\/fr\/583020\/","title":{"rendered":"Basket. L&rsquo;USO Mondeville confirme et domine le Rouen M\u00e9tropole Bihorel"},"content":{"rendered":"<p>                    Par<br \/>\n        <strong><br \/>\n            <a href=\"https:\/\/actu.fr\/auteur\/redaction-sportacaen\" title=\"Consulter tous les articles de R\u00e9daction Sport \u00e0 Caen\" target=\"_blank\" rel=\"noopener\">R\u00e9daction Sport \u00e0 Caen<\/a><br \/>\n                    <\/strong><\/p>\n<p>        Publi\u00e9 le<\/p>\n<p>            6 d\u00e9c. 2025 \u00e0 22h55        <\/p>\n<p>Bien aid\u00e9es par l\u2019adresse de Justine Soulard, de Joelly Belleka et de Shelby Saint-Juste, les prot\u00e9g\u00e9es de Morgan Debrosse prennent rapidement les devants (4-8 ; 3\u2032). Emmen\u00e9es par une Jenny Fouasseau des grands soirs, les locales vont, pourtant, peu \u00e0 peu refaire leur retard et m\u00eame prendre jusqu\u2019\u00e0 six points d\u2019avance (16-10 ; 6\u2032). Pas de quoi effrayer les joueuses mondevillaises qui, \u00e0 force de patience, vont progressivement revenir dans la partie (16-16 ; 7\u2032). Un dernier jumpshot de Ti\u2019an Boler leur permet m\u00eame de virer en t\u00eate \u00e0 la fin des dix premi\u00e8res minutes (18-22 ; 10\u2032).<\/p>\n<p>    <a href=\"https:\/\/www.facebook.com\/plugins\/post.php?href=https%3A%2F%2Fwww.facebook.com%2Fusombasket%2Fposts%2Fpfbid0xZV8dVPUHFSgob9d2eKu1t5d8XzjJxvcq5Kps6APg9V1SbjGdwx5Ys74eu1Paiahl&amp;show_text=true&amp;width=350\" title=\"Ouvrie le lien\" target=\"_blank\" rel=\"noopener\">Cliquez ici pour visualiser le contenu<\/a><\/p>\n<p class=\" wall-content\">Malmen\u00e9es par l\u2019adresse \u00e0 trois points de leurs adversaires, l\u2019USO Mondeville peut compter sur Davina Kassongo pour rester ma\u00eetresse du tableau d\u2019affichage (28-28 ; 13\u2032). Un trois-points de Ti\u2019An Boler lui permettra m\u00eame de prendre le large (33-42 ; 19\u2032). \u00c0 la pause, ce sont bel et bien les co\u00e9quipi\u00e8res de Joelly Belleka (10 pts) qui m\u00e8nent les d\u00e9bats (37-42 ; 20\u2032).\u00a0<\/p>\n<p>Un adversaire qui ne rend pas les armes<\/p>\n<p class=\" wall-content\">Au retour des vestiaires, c\u2019est, cette fois, Shelby Saint-Juste qui se met en \u00e9vidence (42-48 ; 23\u2032) et, alors que les joueuses rouennaises commen\u00e7aient \u00e0 montrer le bout de leur nez, un lay-up d\u2019Amali Montout et un trois-points de Ti\u2019An Boler remettront les choses d\u2019\u00e9querre (48-53 ; 28\u2032). \u00c0 une poign\u00e9e de secondes de la fin du troisi\u00e8me quart-temps, le Rouen M\u00e9tropole Bihorel ne compte plus qu\u2019un petit point de retard (54-55 ; 29\u2032). Deux lancers francs de Ti\u2019An Boler permettront, toutefois, aux Lionnes d\u2019aborder les dix derni\u00e8res minutes en t\u00eate (54-57; 30\u2032).<\/p>\n<p>    <a href=\"https:\/\/www.facebook.com\/plugins\/post.php?href=https%3A%2F%2Fwww.facebook.com%2Fusombasket%2Fposts%2Fpfbid0qwcU57Vf4h7rdXjTiReMLVDfqEduoWfnH6v7uGVjZJAxZ1nNyyG3aUfwdc5PGCCYl&amp;show_text=true&amp;width=350\" title=\"Ouvrie le lien\" target=\"_blank\" rel=\"noopener\">Cliquez ici pour visualiser le contenu<\/a><\/p>\n<p class=\" wall-content\">Gr\u00e2ce \u00e0 Cindy Perdriau, le dernier quart-temps commence, d\u2019ailleurs, \u00e0 en faveur de ces derni\u00e8res (56-61 ; 32\u2032). Shelby Saint-Juste leur offrira m\u00eame un avantage plus confortable de six points (61-67 ; 35\u2032). Puis de sept points gr\u00e2ce \u00e0 un \u00e9norme trois-points de Joelly Belleka (63-70 ; 37\u2032) et m\u00eame sur deux lancers francs de Justine Soulard (63-72 ; 39\u2032).\u00a0<\/p>\n<p class=\" wall-content\">Un dernier un sur deux aux lancers francs de Justine Soulard scellent d\u00e9finitivement le sort de la partie (72-77 ; 40\u2032).\u00a0<\/p>\n<p class=\" wall-content\">Forte d\u2019une deuxi\u00e8me victoire cons\u00e9cutive en championnat, l\u2019USO Mondeville affrontera, le week-end prochain, le P\u00f4le France \u00e0 domicile.\u00a0<\/p>\n<p>Votre r\u00e9gion, votre actu !<\/p>\n<p>Recevez chaque jour les infos qui comptent pour vous.<\/p>\n<p>\t<a href=\"https:\/\/actu.fr\/newsletter\" class=\"ac-btn ac-btn--corner ac-btn--medium ac-btn--blue800\" target=\"_blank\" rel=\"noopener\">S&rsquo;incrire<\/a><br \/>\n\u00ab\u00a0Personne n\u2019a trich\u00e9\u00a0\u00bb<\/p>\n<p class=\" wall-content\"><b>Morgan Debrosse (entra\u00eeneur USO Mondeville)<\/b>. \u00ab\u00a0Un derby qui arrivait \u00e0 la fin d\u2019une semaine \u00e0 trois matchs. Nous nous sommes davantage focalis\u00e9s sur notre volont\u00e9 de progresser et de grandir \u00e0 chaque match plut\u00f4t que sur notre adversaire en lui-m\u00eame. Face \u00e0 une belle \u00e9quipe qui, collectivement, nous a pos\u00e9 beaucoup de probl\u00e8mes, nous avons \u00e9t\u00e9 devant au score durant quasiment toute la partie. Nous avons davantage domin\u00e9 par notre talent et par nos individualit\u00e9s qui ont mis leurs shoots ou sont all\u00e9es chercher une faute au moment opportun.\u00a0\u00bb<\/p>\n<blockquote class=\"ac-article-quote wall-content\">\n<p>Avec notre premi\u00e8re victoire \u00e0 l\u2019ext\u00e9rieur et notre premi\u00e8re s\u00e9rie de victoires, on prend du plaisir. Personne n\u2019a trich\u00e9. Les progr\u00e8s \u00e9taient d\u00e9j\u00e0 perceptibles \u00e0 l\u2019ext\u00e9rieur et c\u2019est g\u00e9nial de les voir se concr\u00e9tiser en match. Contre le P\u00f4le France, je cherche la victoire. Il nous reste trois matchs avant la tr\u00eave pour nous installer dans le top 8.<\/p>\n<p>Morgan Debrosse, entra\u00eeneur USO Mondeville<\/p><\/blockquote>\n<p class=\" wall-content\"><b>La fiche.\u00a0<\/b>J.Belleka (22pts, 5 passes d\u00e9cisives), J.Soulard (10pts), D.Kassongo (6pts), S.Saint-Juste (12pts), H.Diakit\u00e9 (2pts, 10 rebonds), T.Boler (15pts), C.Kolissoko, A.Montout (8pts), C.Perdriau (2pts).\u00a0<\/p>\n<p class=\" wall-content\"><b>Par notre correspondant Quentin LEMOINE<\/b><\/p>\n<p class=\" wall-content\">Personnalisez votre actualit\u00e9 en ajoutant vos villes et m\u00e9dias en favori avec <a href=\"https:\/\/moncompte.actu.fr\" title=\"D\u00e9couvez Mon Actu\" rel=\"nofollow noopener\" data-trk=\"{&quot;cta&quot;:{&quot;action&quot;:&quot;https:\\\/\\\/moncompte.actu.fr&quot;,&quot;category&quot;:&quot;mon compte&quot;,&quot;from&quot;:&quot;article footer&quot;,&quot;name&quot;:&quot;Mon actu&quot;,&quot;type&quot;:&quot;cta&quot;}}\" target=\"_blank\">Mon Actu<\/a>.<\/p>\n","protected":false},"excerpt":{"rendered":"Par R\u00e9daction Sport \u00e0 Caen Publi\u00e9 le 6 d\u00e9c. 2025 \u00e0 22h55 Bien aid\u00e9es par l\u2019adresse de Justine&hellip;\n","protected":false},"author":2,"featured_media":583021,"comment_status":"","ping_status":"","sticky":false,"template":"","format":"standard","meta":{"footnotes":""},"categories":[9587],"tags":[1111,11,1465,1777,674,1011,27,12,5161,25,9590,1745,60,16511],"class_list":{"0":"post-583020","1":"post","2":"type-post","3":"status-publish","4":"format-standard","5":"has-post-thumbnail","7":"category-rouen","8":"tag-actu","9":"tag-actualites","10":"tag-basket","11":"tag-eu","12":"tag-europe","13":"tag-fr","14":"tag-france","15":"tag-news","16":"tag-normandie","17":"tag-republique-francaise","18":"tag-rouen","19":"tag-sport-caen","20":"tag-sports","21":"tag-uso-mondeville"},"share_on_mastodon":{"url":"https:\/\/pubeurope.com\/@fr\/115675036701118134","error":""},"_links":{"self":[{"href":"https:\/\/www.europesays.com\/fr\/wp-json\/wp\/v2\/posts\/583020","targetHints":{"allow":["GET"]}}],"collection":[{"href":"https:\/\/www.europesays.com\/fr\/wp-json\/wp\/v2\/posts"}],"about":[{"href":"https:\/\/www.europesays.com\/fr\/wp-json\/wp\/v2\/types\/post"}],"author":[{"embeddable":true,"href":"https:\/\/www.europesays.com\/fr\/wp-json\/wp\/v2\/users\/2"}],"replies":[{"embeddable":true,"href":"https:\/\/www.europesays.com\/fr\/wp-json\/wp\/v2\/comments?post=583020"}],"version-history":[{"count":0,"href":"https:\/\/www.europesays.com\/fr\/wp-json\/wp\/v2\/posts\/583020\/revisions"}],"wp:featuredmedia":[{"embeddable":true,"href":"https:\/\/www.europesays.com\/fr\/wp-json\/wp\/v2\/media\/583021"}],"wp:attachment":[{"href":"https:\/\/www.europesays.com\/fr\/wp-json\/wp\/v2\/media?parent=583020"}],"wp:term":[{"taxonomy":"category","embeddable":true,"href":"https:\/\/www.europesays.com\/fr\/wp-json\/wp\/v2\/categories?post=583020"},{"taxonomy":"post_tag","embeddable":true,"href":"https:\/\/www.europesays.com\/fr\/wp-json\/wp\/v2\/tags?post=583020"}],"curies":[{"name":"wp","href":"https:\/\/api.w.org\/{rel}","templated":true}]}}