{"id":583023,"date":"2025-12-06T22:44:00","date_gmt":"2025-12-06T22:44:00","guid":{"rendered":"https:\/\/www.europesays.com\/fr\/583023\/"},"modified":"2025-12-06T22:44:00","modified_gmt":"2025-12-06T22:44:00","slug":"grenoble-capitale-de-linnovation-malgre-le-lobby-oppose-des-verts","status":"publish","type":"post","link":"https:\/\/www.europesays.com\/fr\/583023\/","title":{"rendered":"GRENOBLE, CAPITALE DE L&rsquo;INNOVATION&#8230; MALGR\u00c9 LE LOBBY OPPOS\u00c9 DES VERTS"},"content":{"rendered":"<p>Posted On 5 d\u00e9cembre 2025 <\/p>\n<p style=\"text-align: justify;\" data-path-to-node=\"5\">La Commission europ\u00e9enne vient de d\u00e9signer Grenoble-Alpes M\u00e9tropole comme \u00ab\u00a0Capitale europ\u00e9enne de l&rsquo;innovation 2026\u00a0\u00bb. Une bonne nouvelle pour notre territoire, d&rsquo;autant plus louable que les \u00e9lus Verts\/LFI \u00e0 la t\u00eate de la ville combattent avec acharnement depuis 12 ans ce qui nous vaut aujourd&rsquo;hui ce prix.<\/p>\n<p>CRITIQUES DE L&rsquo;INNOVATION \u00c0 GRENOBLE MAIS FIERS COMME DES PAONS \u00c0 TURIN<\/p>\n<p style=\"text-align: justify;\" data-path-to-node=\"8\">C&rsquo;est Florent Cholat, conseiller m\u00e9tropolitain d\u00e9l\u00e9gu\u00e9, qui s&rsquo;est rendu chercher le troph\u00e9e \u00e0 Turin.\u00a0Assez hypocrite quand on sait qu&rsquo;au sein de sa majorit\u00e9 m\u00e9tropolitaine, dans son propre groupe Verts\/LFI o\u00f9 il si\u00e8ge avec les \u00e9lus grenoblois,<a href=\"https:\/\/grenoble-le-changement.fr\/2024\/08\/29\/universite-recherche-piolle-et-ses-elus-torpillent-le-developpement\/\" target=\"_blank\" rel=\"noopener\"> certains multiplient les diatribes anti technologie et innovation<\/a>, jusqu&rsquo;\u00e0 la formule inoubliable d&rsquo;Eric Piolle sur la 5G qui servirait \u00e0 ses yeux uniquement \u00e0 \u00ab\u00a0regarder du porno dans l&rsquo;ascenseur\u00a0\u00bb&#8230;<\/p>\n<p><a href=\"https:\/\/grenoble-le-changement.fr\/wp-content\/uploads\/2025\/12\/cholat-remise-prix-innovation.jpeg\" rel=\"lightbox[86504] noopener\" target=\"_blank\"><img loading=\"lazy\" decoding=\"async\" class=\" wp-image-86514 jetpack-lazy-image\" src=\"https:\/\/grenoble-le-changement.fr\/wp-content\/uploads\/2025\/12\/cholat-remise-prix-innovation-300x300.jpeg\" alt=\"\" width=\"678\" height=\"678\" data-lazy-src=\"https:\/\/www.europesays.com\/fr\/wp-content\/uploads\/2025\/12\/cholat-remise-prix-innovation-300x300.jpeg\" \/><\/a>Florent Cholat ravi de recevoir le prix pendant qu&rsquo;\u00e0 Grenoble son groupe se mobilise contre ce qui nous l&rsquo;a fait gagner !<br \/>\nLES \u00ab\u00a0AMISH\u00a0\u00bb DE LA TECHNOLOGIE<\/p>\n<p style=\"text-align: justify;\" data-path-to-node=\"24\">Emmanuel Sabonnadi\u00e8re, alors directeur du CEA-LETI, avait eu le courage de d\u00e9noncer ces \u00ab\u00a0Amish de la technologie\u00a0\u00bb qui s&rsquo;enferment dans le pass\u00e9. \u00ab\u00a0La 5G est un moyen de maintenir les \u00e9missions de CO2 issues de l\u2019\u00e9lectronique -aujourd\u2019hui 4 % des \u00e9missions mondiales- dans une enveloppe correcte. La 5G est un des leviers pour tenir l\u2019\u00e9quation verte\u00a0\u00bb avait-il encore rappel\u00e9. Ce qui ne passe \u00e9videmment pas pour les Verts, dont le dogmatisme les emp\u00eache d&rsquo;accepter que ce sont bien les innovations, et non les id\u00e9ologies, qui ont de tout temps am\u00e9lior\u00e9 la vie de l&rsquo;homme&#8230; et qui font \u00e9merger des solutions pour le climat.<\/p>\n<p>LA R\u00c9COMPENSE D&rsquo;UN H\u00c9RITAGE DE LONGUE DATE&#8230;<\/p>\n<p style=\"text-align: justify;\" data-path-to-node=\"11\">Si le titre de capitale europ\u00e9enne consacre la \u00ab\u00a0Silicon Valley \u00e0 la fran\u00e7aise\u00a0\u00bb, il convient de rappeler que c&rsquo;est le fruit de d\u00e9cennies de travail et de la vision des municipalit\u00e9s pr\u00e9c\u00e9dentes, notamment celle d&rsquo;Alain Carignon qui s&rsquo;\u00e9tait battu pour l&rsquo;implantation de STMicroelectronics face \u00e0 une f\u00e9roce concurrence. Cet \u00e9cosyst\u00e8me unique (CEA, CNRS, ESRF, ST, Soitec&#8230;) survit aujourd&rsquo;hui et performe par sa propre masse critique, malgr\u00e9 les b\u00e2tons dans les roues que lui mettent syst\u00e9matiquement les \u00e9lus Verts\/LFI.<\/p>\n<p><a href=\"https:\/\/grenoble-le-changement.fr\/wp-content\/uploads\/2023\/08\/La-bataille-gagne\u0301e-face-a\u0300-lItalie-pour-limplantation-de-STMicro-a\u0300-Crolles-8-.jpg\" rel=\"lightbox[86504] noopener\" target=\"_blank\"><img loading=\"lazy\" decoding=\"async\" class=\" wp-image-66255 jetpack-lazy-image\" src=\"https:\/\/grenoble-le-changement.fr\/wp-content\/uploads\/2023\/08\/La-bataille-gagne\u0301e-face-a\u0300-lItalie-pour-limplantation-de-STMicro-a\u0300-Crolles-8--300x201.jpg\" alt=\"\" width=\"769\" height=\"515\" data-lazy-src=\"https:\/\/www.europesays.com\/fr\/wp-content\/uploads\/2025\/12\/La-bataille-gagne\u0301e-face-a\u0300-lItalie-pour-limplantation-de-STMicro-a\u0300-Crolles-8--300x201.jpg\" \/><\/a>Alain Carignon inaugurant ST, fruit d&rsquo;une \u00e2pre bataille pour l&rsquo;obtenir.<br \/>\n&#8230; FRAGILIS\u00c9 PAR LES \u00c9LUS VERTS\/LFI EN PLACE<\/p>\n<p style=\"text-align: justify;\" data-path-to-node=\"14\">Car depuis deux mandats, les \u00e9lus aux commandes, \u00c9ric Piolle en t\u00eate suivi de ses affid\u00e9s Verts\/LFI, n&rsquo;ont eu de cesse de voter contre les subventions aux clusters technologiques (comme Medicalps dans le domaine de la sant\u00e9, Tasda pour l&rsquo;autonomie&#8230;) et de se perdre en diatribes pour s&rsquo;\u00e9loigner des fili\u00e8res d&rsquo;excellence. Ils contorsionnent pour ne pas soutenir ce qui tire Grenoble vers le haut, pr\u00e9f\u00e9rant leur scepticisme \u00e9lectoraliste \u00e0 l&#8217;emploi et au progr\u00e8s scientifique.<\/p>\n<p>LA JONCTION ENTRE \u00c9LUS ET ACTIVISTES ANTI INNOVATION<\/p>\n<p style=\"text-align: justify;\" data-path-to-node=\"17\"><a href=\"https:\/\/grenoble-le-changement.fr\/2025\/07\/28\/le-double-discours-verts-lfi-mortifere-pour-la-recherche-industrie-a-grenoble\/\" target=\"_blank\" rel=\"noopener\">Le double discours est permanent<\/a>. D&rsquo;un c\u00f4t\u00e9, on les voit aujourd&rsquo;hui aller chercher un prix d&rsquo;innovation \u00e0 l&rsquo;\u00e9tranger. De l&rsquo;autre, l&rsquo;adjoint au Maire Pierre M\u00e9riaux (Verts\/ADES) s&rsquo;affiche fi\u00e8rement dans les manifestations contre Soitec et STMicroelectronics.\u00a0Ce z\u00e9l\u00e9 lieutenant de Piolle personnifie cette jonction toxique entre les \u00e9lus institutionnels en fa\u00e7ade et, derri\u00e8re, les activistes radicaux qui veulent la d\u00e9croissance forc\u00e9e.<\/p>\n<p><a href=\"https:\/\/grenoble-le-changement.fr\/wp-content\/uploads\/2024\/04\/Capture-de\u0301cran-2024-04-07-a\u0300-09.15.05-1.png\" rel=\"lightbox[86504] noopener\" target=\"_blank\"><img loading=\"lazy\" decoding=\"async\" class=\" wp-image-73111 jetpack-lazy-image\" src=\"https:\/\/grenoble-le-changement.fr\/wp-content\/uploads\/2024\/04\/Capture-de\u0301cran-2024-04-07-a\u0300-09.15.05-1-300x194.png\" alt=\"\" width=\"606\" height=\"392\" data-lazy-src=\"https:\/\/www.europesays.com\/fr\/wp-content\/uploads\/2025\/12\/Capture-de\u0301cran-2024-04-07-a\u0300-09.15.05-1-300x194.png\" \/><\/a>L&rsquo;extr\u00eame-gauche grenobloise dans ses oeuvres, apr\u00e8s une manif anti ST dans les rues<br \/>\nLE SILENCE COMPLICE FACE AUX VIOLENCES<\/p>\n<p style=\"text-align: justify;\" data-path-to-node=\"20\">Car l&rsquo;hostilit\u00e9 municipale cr\u00e9e un climat propice aux actions violentes de l&rsquo;ultra-gauche contre les symboles de l&rsquo;innovation. On se souvient de l&rsquo;incendie criminel du pont de Brignoud pour couper l&rsquo;\u00e9lectricit\u00e9 de Soitec, causant des millions d&rsquo;euros de d\u00e9g\u00e2ts, ou du saccage de l&rsquo;entreprise Teledyne \u00e0 Saint-Egr\u00e8ve, qui a le tort de travailler avec ST. Jamais les \u00e9lus Verts ne se sont exprim\u00e9s pour condamner ces actes. Au contraire, le Maire entretient une proximit\u00e9 coupable avec les collectifs anti-tout.\u00a0<\/p>\n<p><a href=\"https:\/\/grenoble-le-changement.fr\/wp-content\/uploads\/2024\/02\/brignoud-65d1da329c8bb671694832.jpg\" rel=\"lightbox[86504] noopener\" target=\"_blank\"><img loading=\"lazy\" decoding=\"async\" class=\" wp-image-71803 jetpack-lazy-image\" src=\"https:\/\/grenoble-le-changement.fr\/wp-content\/uploads\/2024\/02\/brignoud-65d1da329c8bb671694832-300x169.jpg\" alt=\"\" width=\"754\" height=\"425\" data-lazy-src=\"https:\/\/www.europesays.com\/fr\/wp-content\/uploads\/2025\/12\/brignoud-65d1da329c8bb671694832-300x169.jpg\" \/><\/a>L&rsquo;incendie criminel des lignes \u00e0 haute tension du pont de Brignoud par la mouvance anarcho-incendiaire grenobloise.<br \/>\nLE PR\u00c9C\u00c9DENT CAPITALE VERTE APPELLE \u00c0 LA RETENUE<\/p>\n<p style=\"text-align: justify;\" data-path-to-node=\"20\">Alors bien s\u00fbr, ce n&rsquo;est pas l&rsquo;attribution d&rsquo;un label qui r\u00e9volutionnera la face de Grenoble. D&rsquo;autant plus qu&rsquo;en la mati\u00e8re, <a href=\"https:\/\/grenoble-le-changement.fr\/2023\/06\/30\/le-bilan-officiel-confirme-lechec-de-grenoble-capitale-verte\/\" target=\"_blank\" rel=\"noopener\">nous avons la jurisprudence r\u00e9cente du titre de \u00ab\u00a0capitale verte europ\u00e9enne\u00a0\u00bb<\/a>, lui aussi d\u00e9cern\u00e9 par la Commission Europ\u00e9enne, que Grenoble a obtenu en 2022 dans l&rsquo;indiff\u00e9rence quasi totale des Grenoblois, et sans que la municipalit\u00e9 et la m\u00e9tropole n&rsquo;en profitent pour impulser quoi que ce soit de concret en faveur de la pr\u00e9servation de l&rsquo;environnement.\u00a0<\/p>\n<p>L&rsquo;INNOVATION, DERNIER ATOUT DE GRENOBLE<\/p>\n<p style=\"text-align: justify;\" data-path-to-node=\"27\">Mais si Grenoble tient encore debout, c&rsquo;est gr\u00e2ce \u00e0 <a href=\"https:\/\/grenoble-le-changement.fr\/2025\/04\/01\/quand-les-rouge-verts-sattaquent-a-ce-qui-tire-grenoble-vers-le-haut%ef%bf%bc\/\" target=\"_blank\" rel=\"noopener\">cet \u00e9cosyst\u00e8me recherche\/industrie<\/a>, dernier fleuron permettant \u00e0 la ville de garde la t\u00eate hors de l&rsquo;eau face \u00e0 la paup\u00e9risation g\u00e9n\u00e9ralis\u00e9e dans laquelle la politique de Piolle nous a entrain\u00e9 et que Laurence Ruffin entend poursuivre. Nos fleurons ont tenu douze ans face \u00e0 des \u00e9lus, repr\u00e9sentants de collectivit\u00e9s id\u00e9ologiquement d\u00e9favorables \u00e0 leur activit\u00e9, et en ce sens le titre de capitale europ\u00e9enne vient aussi saluer la r\u00e9silience de nos chercheurs et industriels.\u00a0<\/p>\n<p><a href=\"https:\/\/grenoble-le-changement.fr\/wp-content\/uploads\/2020\/10\/Barbier-Voeux-AC-.png\" rel=\"lightbox[86504] noopener\" target=\"_blank\"><img loading=\"lazy\" decoding=\"async\" class=\" wp-image-43218 jetpack-lazy-image\" src=\"https:\/\/grenoble-le-changement.fr\/wp-content\/uploads\/2020\/10\/Barbier-Voeux-AC--300x219.png\" alt=\"\" width=\"830\" height=\"606\" data-lazy-src=\"https:\/\/www.europesays.com\/fr\/wp-content\/uploads\/2025\/12\/Barbier-Voeux-AC--300x219.png\" \/><\/a>La grande paralysie du d\u00e9veloppement de Grenoble sous les Verts, soulign\u00e9e par le Pr\u00e9sident du d\u00e9partement Jean-Pierre Barbier<br \/>\nL&rsquo;IMAGE DE GRENOBLE FRAGILISE L&rsquo;\u00c9COSYST\u00c8ME<\/p>\n<p style=\"text-align: justify;\" data-path-to-node=\"27\">Mais 6 ans de plus de cette ambiance, de cette trajectoire de la ville pourraient finir par gravement les fragiliser. D\u00e8s 2018, celui qui \u00e9tait alors <a href=\"https:\/\/grenoble-le-changement.fr\/2018\/02\/05\/p-levy-president-de-luniversite-ce-territoire-est-en-difficultes\/\" target=\"_blank\" rel=\"noopener\">Pr\u00e9sident de l&rsquo;Universit\u00e9, Patrick L\u00e9vy<\/a>, alertait : \u00ab\u00a0il y a une difficult\u00e9 d\u2019image. L\u2019image qu\u2019ont les habitants de leur m\u00e9tropole n\u2019est pas assez positive \u00e0 cause de l\u2019ins\u00e9curit\u00e9, des bouchons, de la salet\u00e9 de la ville aussi, quand m\u00eame\u2026 Plus fondamentalement, le triptyque universit\u00e9-recherche-entreprise est fragile, il faut le savoir ! Bien s\u00fbr, Grenoble est un \u00e9cosyst\u00e8me unique [\u2026] mais il est fragile parce qu\u2019il n\u00e9cessite de l\u2019attractivit\u00e9\u00a0\u00bb.\u00a0<\/p>\n<p>CORRIGER NOS FAILLES ET S&rsquo;APPUYER SUR NOS FORCES POUR R\u00c9\u00c9QUILIBRER LA VILLE<\/p>\n<p style=\"text-align: justify;\" data-path-to-node=\"30\"><a href=\"https:\/\/grenoble-le-changement.fr\/2025\/12\/04\/desindustrialisation-la-demagogie-de-l-ruffin-handicap-du-territoire\/\" target=\"_blank\" rel=\"noopener\">Car Laurence Ruffin et le LFI Allan Brunon sont \u00e9videmment dans la droite lign\u00e9e<\/a> de ce dogmatisme anti-innovation, l&rsquo;une par volont\u00e9 de la jouer \u00ab\u00a0vert\u00a0\u00bb pour s\u00e9duire un \u00e9lectorat bobo-d\u00e9croissant, l&rsquo;autre par anti-capitalisme primaire. Alors m\u00eame qu&rsquo;il s&rsquo;agit de la principale force de Grenoble, dont la puissance \u00e9conomique notamment sera n\u00e9cessaire pour r\u00e9\u00e9quilibrer la ville et la \u00ab\u00a0d\u00e9ghetto\u00efser\u00a0\u00bb. R\u00e9concilier ce Grenoble qui va tr\u00e8s bien, avec le Grenoble qui va mal, soit l&rsquo;ambition d&rsquo;Alain Carignon.<\/p>\n","protected":false},"excerpt":{"rendered":"Posted On 5 d\u00e9cembre 2025 La Commission europ\u00e9enne vient de d\u00e9signer Grenoble-Alpes M\u00e9tropole comme \u00ab\u00a0Capitale europ\u00e9enne de l&rsquo;innovation&hellip;\n","protected":false},"author":2,"featured_media":583024,"comment_status":"","ping_status":"","sticky":false,"template":"","format":"standard","meta":{"footnotes":""},"categories":[9566],"tags":[1111,11,9601,27721,2430,14003,9607,1777,674,62858,1011,27,2731,61313,10136,12,69655,16650,25],"class_list":{"0":"post-583023","1":"post","2":"type-post","3":"status-publish","4":"format-standard","5":"has-post-thumbnail","7":"category-grenoble","8":"tag-actu","9":"tag-actualites","10":"tag-alain-carignon","11":"tag-allan-brunon","12":"tag-auvergne-rhone-alpes","13":"tag-emmanuel-sabonnadiere","14":"tag-eric-piolle","15":"tag-eu","16":"tag-europe","17":"tag-florent-cholat","18":"tag-fr","19":"tag-france","20":"tag-grenoble","21":"tag-jean-pierre-barbier","22":"tag-laurence-ruffin","23":"tag-news","24":"tag-patrick-levy","25":"tag-pierre-meriaux","26":"tag-republique-francaise"},"share_on_mastodon":{"url":"https:\/\/pubeurope.com\/@fr\/115675051295067231","error":""},"_links":{"self":[{"href":"https:\/\/www.europesays.com\/fr\/wp-json\/wp\/v2\/posts\/583023","targetHints":{"allow":["GET"]}}],"collection":[{"href":"https:\/\/www.europesays.com\/fr\/wp-json\/wp\/v2\/posts"}],"about":[{"href":"https:\/\/www.europesays.com\/fr\/wp-json\/wp\/v2\/types\/post"}],"author":[{"embeddable":true,"href":"https:\/\/www.europesays.com\/fr\/wp-json\/wp\/v2\/users\/2"}],"replies":[{"embeddable":true,"href":"https:\/\/www.europesays.com\/fr\/wp-json\/wp\/v2\/comments?post=583023"}],"version-history":[{"count":0,"href":"https:\/\/www.europesays.com\/fr\/wp-json\/wp\/v2\/posts\/583023\/revisions"}],"wp:featuredmedia":[{"embeddable":true,"href":"https:\/\/www.europesays.com\/fr\/wp-json\/wp\/v2\/media\/583024"}],"wp:attachment":[{"href":"https:\/\/www.europesays.com\/fr\/wp-json\/wp\/v2\/media?parent=583023"}],"wp:term":[{"taxonomy":"category","embeddable":true,"href":"https:\/\/www.europesays.com\/fr\/wp-json\/wp\/v2\/categories?post=583023"},{"taxonomy":"post_tag","embeddable":true,"href":"https:\/\/www.europesays.com\/fr\/wp-json\/wp\/v2\/tags?post=583023"}],"curies":[{"name":"wp","href":"https:\/\/api.w.org\/{rel}","templated":true}]}}