{"id":583025,"date":"2025-12-06T22:45:16","date_gmt":"2025-12-06T22:45:16","guid":{"rendered":"https:\/\/www.europesays.com\/fr\/583025\/"},"modified":"2025-12-06T22:45:16","modified_gmt":"2025-12-06T22:45:16","slug":"deux-fusillades-en-24-heures-la-situation-se-tend-a-nouveau-dans-ce-quartier-de-rennes","status":"publish","type":"post","link":"https:\/\/www.europesays.com\/fr\/583025\/","title":{"rendered":"Deux fusillades en 24\u00a0heures\u00a0: la situation se tend \u00e0 nouveau dans ce quartier de Rennes"},"content":{"rendered":"<p>C\u2019est dans ce secteur connu comme \u00e9tant un lieu de deal que des coups de feu ont \u00e9t\u00e9 entendus, samedi, vers 19\u00a0h. Sur place, un habitant du quartier explique avoir entendu \u00ab\u00a0une altercation et des cris\u00a0\u00bb, \u00e0 la hauteur de la rue du Nivernais, qui ont dur\u00e9 une dizaine de minutes, suivis de tirs. Il remarque alors par sa fen\u00eatre un \u00ab\u00a0homme avec une arme longue\u00a0\u00bb. <\/p>\n<p> Le calme serait alors bri\u00e8vement revenu, avant une nouvelle s\u00e9rie de tirs, plus loin, dans le quartier, qui ont dur\u00e9, cette fois, environ cinq minutes. Sur place, la police \u00e9tait pr\u00e9sente vers 20\u00a0h, afin de proc\u00e9der \u00e0 diff\u00e9rentes constatations. Selon <a href=\"https:\/\/www.ouest-france.fr\/societe\/faits-divers\/narcotrafic-cinq-minutes-de-tirs-ce-samedi-soir-la-situation-se-tend-dans-le-quartier-de-villejean-a-rennes-7bd0a8d0-d2d4-11f0-9e33-11f0fa5dcfce\" title=\"www.ouest-france.fr\" target=\"_blank\" rel=\"noopener\">Ouest France<\/a>, un fusil aurait \u00e9t\u00e9 retrouv\u00e9 dans ce secteur.<\/p>\n<p>Dans la soir\u00e9e, la police \u00e9tait pr\u00e9sente en nombre sur la dalle Kennedy pour s\u00e9curiser le quartier, avec des patrouilles qui quadrillaient le secteur. Un semblant de calme semblait \u00eatre revenu \u00e0 Villejean ces derniers mois apr\u00e8s une flamb\u00e9e de violences en d\u00e9but d\u2019ann\u00e9e. <\/p>\n<p>Des coups de feu d\u00e9j\u00e0 vendredi soir<\/p>\n<p>Vendredi soir, une premi\u00e8re fusillade \u00e9t\u00e9 entendue, l\u00e0 aussi, \u00e0 proximit\u00e9 de la dalle Kennedy, comme le confirme une \u00e9lue du conseil d\u00e9partementale vivant dans le quartier de Villejean, R\u00e9gine Komokoli\u00a0: \u00ab\u00a0J\u2019ai entendu plusieurs tirs vers 19\u00a0h\u00a030. Certaines personnes, habitant le coin, m\u2019ont \u00e9galement expliqu\u00e9 que ce n\u2019\u00e9tait pas des p\u00e9tards mais bien des coups de feu, derri\u00e8re le magasin Carrefour, vers la rue du Bourbonnais. C\u2019est tr\u00e8s angoissant. On a toujours peur qu\u2019il y ait des bless\u00e9s ou des morts. On esp\u00e8re qu\u2019il va y avoir plus de pr\u00e9sence polici\u00e8re sur place. C\u2019est tr\u00e8s important, \u00e7a dissuade\u00a0\u00bb. Apr\u00e8s ces faits, plusieurs policiers avaient \u00e9t\u00e9 d\u00e9p\u00each\u00e9s sur les lieux o\u00f9 le calme \u00e9tait revenu.<\/p>\n","protected":false},"excerpt":{"rendered":"C\u2019est dans ce secteur connu comme \u00e9tant un lieu de deal que des coups de feu ont \u00e9t\u00e9&hellip;\n","protected":false},"author":2,"featured_media":583026,"comment_status":"","ping_status":"","sticky":false,"template":"","format":"standard","meta":{"footnotes":""},"categories":[2821],"tags":[1111,11,829,765,1777,674,118,1011,27,848,12,584,25],"class_list":{"0":"post-583025","1":"post","2":"type-post","3":"status-publish","4":"format-standard","5":"has-post-thumbnail","7":"category-rennes","8":"tag-actu","9":"tag-actualites","10":"tag-bretagne","11":"tag-en-continu","12":"tag-eu","13":"tag-europe","14":"tag-faits-divers","15":"tag-fr","16":"tag-france","17":"tag-ille-et-vilaine","18":"tag-news","19":"tag-rennes","20":"tag-republique-francaise"},"share_on_mastodon":{"url":"https:\/\/pubeurope.com\/@fr\/115675052359586281","error":""},"_links":{"self":[{"href":"https:\/\/www.europesays.com\/fr\/wp-json\/wp\/v2\/posts\/583025","targetHints":{"allow":["GET"]}}],"collection":[{"href":"https:\/\/www.europesays.com\/fr\/wp-json\/wp\/v2\/posts"}],"about":[{"href":"https:\/\/www.europesays.com\/fr\/wp-json\/wp\/v2\/types\/post"}],"author":[{"embeddable":true,"href":"https:\/\/www.europesays.com\/fr\/wp-json\/wp\/v2\/users\/2"}],"replies":[{"embeddable":true,"href":"https:\/\/www.europesays.com\/fr\/wp-json\/wp\/v2\/comments?post=583025"}],"version-history":[{"count":0,"href":"https:\/\/www.europesays.com\/fr\/wp-json\/wp\/v2\/posts\/583025\/revisions"}],"wp:featuredmedia":[{"embeddable":true,"href":"https:\/\/www.europesays.com\/fr\/wp-json\/wp\/v2\/media\/583026"}],"wp:attachment":[{"href":"https:\/\/www.europesays.com\/fr\/wp-json\/wp\/v2\/media?parent=583025"}],"wp:term":[{"taxonomy":"category","embeddable":true,"href":"https:\/\/www.europesays.com\/fr\/wp-json\/wp\/v2\/categories?post=583025"},{"taxonomy":"post_tag","embeddable":true,"href":"https:\/\/www.europesays.com\/fr\/wp-json\/wp\/v2\/tags?post=583025"}],"curies":[{"name":"wp","href":"https:\/\/api.w.org\/{rel}","templated":true}]}}