{"id":583029,"date":"2025-12-06T22:49:48","date_gmt":"2025-12-06T22:49:48","guid":{"rendered":"https:\/\/www.europesays.com\/fr\/583029\/"},"modified":"2025-12-06T22:49:48","modified_gmt":"2025-12-06T22:49:48","slug":"on-a-redecouvert-le-charme-de-koenigshoffen-en-periode-de-noel","status":"publish","type":"post","link":"https:\/\/www.europesays.com\/fr\/583029\/","title":{"rendered":"on a red\u00e9couvert le charme de Koenigshoffen en p\u00e9riode de No\u00ebl"},"content":{"rendered":"<p><strong>Avec la grisaille et le froid qui sont d\u00e9sormais bien install\u00e9s dans la capitale alsacienne, l\u2019heure est \u00e0 la d\u00e9connexion. Pour cela, on vous propose de d\u00e9couvrir le m\u00e9connu, mais non moins passionnant, quartier de Koenigshoffen. Embarquez avec nous pour une journ\u00e9e compl\u00e8te d\u2019\u00e9vasion, sans quitter Strasbourg.<\/strong><\/p>\n<p><strong>On commence notre journ\u00e9e tr\u00e8s t\u00f4t<\/strong> dans le quartier de Koenigshoffen. Si le ph\u00e9nom\u00e8ne du <strong>\u00ab Strasbourghenge \u00bb, <\/strong>l\u2019alignement du soleil avec la pointe de la cath\u00e9drale visible dans le quartier,<strong> est assez rare, vous pouvez quand m\u00eame commencer votre balade avec un lever de soleil !<\/strong><\/p>\n<p>Couleurs orang\u00e9es, brume, atmosph\u00e8re glac\u00e9e : il n\u2019y a rien de mieux pour se r\u00e9veiller.<\/p>\n<\/p>\n<p>\u00c9tape 1 : se r\u00e9chauffer avec un bon caf\u00e9<\/p>\n<p>Si les plus matinaux\/les ont d\u00e9j\u00e0 les joues rosies et les mains engourdies par le froid, il est l\u2019heure de rejoindre les l\u00e8ve-tard. L\u2019objectif ? <strong>Commencer la journ\u00e9e ensemble, du bon pied, avec un caf\u00e9.\u00a0<\/strong><\/p>\n<p>                <img width=\"375\" height=\"500\" src=\"https:\/\/www.europesays.com\/fr\/wp-content\/uploads\/2025\/12\/418191330-361960296472611-4573510595928156836-n-375x500.jpg\" class=\"attachment-gallery size-gallery\" alt=\"caf\u00e9 milan\" data-full-url=\"https:\/\/pokaa.fr\/wp-content\/uploads\/2024\/01\/26\/418191330-361960296472611-4573510595928156836-n.jpg\" decoding=\"async\" loading=\"lazy\"  \/>            <\/p>\n<p>                <img width=\"375\" height=\"500\" src=\"https:\/\/www.europesays.com\/fr\/wp-content\/uploads\/2025\/12\/image00013-375x500.jpeg\" class=\"attachment-gallery size-gallery\" alt=\"Caf\u00e9 bretelles petit d\u00e9jeuner plat v\u00e9gane\" data-full-url=\"https:\/\/pokaa.fr\/wp-content\/uploads\/2023\/10\/06\/image00013.jpeg\" decoding=\"async\" loading=\"lazy\"  \/>            <\/p>\n<p>                <img width=\"375\" height=\"500\" src=\"https:\/\/www.europesays.com\/fr\/wp-content\/uploads\/2025\/12\/image00004-375x500.jpeg\" class=\"attachment-gallery size-gallery\" alt=\"Caf\u00e9 bretelles petit d\u00e9jeuner plat v\u00e9gane\" data-full-url=\"https:\/\/pokaa.fr\/wp-content\/uploads\/2023\/10\/06\/image00004.jpeg\" decoding=\"async\" loading=\"lazy\"  \/>            <\/p>\n<p>                    1. \u00a9 Nicolas Kaspar \/ Pokaa ; 2. 3. \u00a9 Bastien Pietronave \/ Pokaa<\/p>\n<p>Quoi de plus naturel que de se retrouver dans <strong>l\u2019art\u00e8re principale du quartier<\/strong>, sur la route des Romains. <strong>D\u00e9sormais<\/strong> <strong>parcourue par le tram F<\/strong>, vous pouvez y trouver plusieurs \u00e9tablissements dans lesquels il est possible de s\u2019installer pour un combo caf\u00e9-croissant : <strong>le Cinar Caf\u00e9<\/strong> (68 route des Romains), <strong>Les D\u00e9lices du Fournil<\/strong> (81 route des Romains), <strong>Chez Safaa \u2013 Fournil de la Montagne-Verte<\/strong> (56 route de Schirmeck) ou <strong>Flora Salon de Th\u00e9<\/strong> (201 route des Romains)<\/p>\n<p>Sur le chemin, \u00e0 l\u2019entr\u00e9e du quartier, arr\u00eatez-vous un instant pour contempler<strong> le b\u00e2timent des Compagnons du devoir <\/strong>(1 place Vitruve). Inaugur\u00e9 en juin 2023, le centre de formation de 6000 m2 est <strong>le plus grand centre du mouvement en France<\/strong>. Il accueille chaque ann\u00e9e plus de 700 apprenti(e)s dans des fili\u00e8res d\u2019excellence.<\/p>\n<p>                <a href=\"https:\/\/pokaa.fr\/2024\/04\/11\/fraternite-et-artisanat-sur-6-000-m2-a-strasbourg-visite-guidee-chez-les-compagnons-du-devoir\/\" rel=\"nofollow noopener\" target=\"_blank\"><br \/>\n                    <img width=\"450\" height=\"270\" src=\"https:\/\/www.europesays.com\/fr\/wp-content\/uploads\/2025\/12\/image00027-1-450x270.jpeg\" class=\"attachment-card-horizontal--same-subject size-card-horizontal--same-subject wp-post-image\" alt=\"\" decoding=\"async\" loading=\"lazy\"\/>                <\/a><\/p>\n<p>                <img width=\"375\" height=\"500\" src=\"https:\/\/www.europesays.com\/fr\/wp-content\/uploads\/2025\/12\/image00001-1-375x500.jpeg\" class=\"attachment-gallery size-gallery\" alt=\"Les compagnons du devoir artisan manuel ouvrier CFA centre de formation\" data-full-url=\"https:\/\/pokaa.fr\/wp-content\/uploads\/2024\/04\/08\/image00001-1.jpeg\" decoding=\"async\" loading=\"lazy\"  \/>            <\/p>\n<p>                <img width=\"667\" height=\"500\" src=\"https:\/\/www.europesays.com\/fr\/wp-content\/uploads\/2025\/12\/image00058-667x500.jpeg\" class=\"attachment-gallery size-gallery\" alt=\"Les compagnons du devoir artisan manuel ouvrier CFA centre de formation\" data-full-url=\"https:\/\/pokaa.fr\/wp-content\/uploads\/2024\/04\/08\/image00058.jpeg\" decoding=\"async\" loading=\"lazy\"  \/>            <\/p>\n<p>                <img width=\"375\" height=\"500\" src=\"https:\/\/www.europesays.com\/fr\/wp-content\/uploads\/2025\/12\/image00036-375x500.jpeg\" class=\"attachment-gallery size-gallery\" alt=\"Les compagnons du devoir artisan manuel ouvrier CFA centre de formation\" data-full-url=\"https:\/\/pokaa.fr\/wp-content\/uploads\/2024\/04\/08\/image00036.jpeg\" decoding=\"async\" loading=\"lazy\"  \/>            <\/p>\n<p>                <img width=\"667\" height=\"500\" src=\"https:\/\/www.europesays.com\/fr\/wp-content\/uploads\/2025\/12\/image00054-667x500.jpeg\" class=\"attachment-gallery size-gallery\" alt=\"Les compagnons du devoir artisan manuel ouvrier CFA centre de formation\" data-full-url=\"https:\/\/pokaa.fr\/wp-content\/uploads\/2024\/04\/08\/image00054.jpeg\" decoding=\"async\" loading=\"lazy\"  \/>            <\/p>\n<p>                <img width=\"500\" height=\"500\" src=\"https:\/\/www.europesays.com\/fr\/wp-content\/uploads\/2025\/12\/inauguration-centre-formation-strasbourg-juin-202315-8-500x500.jpg\" class=\"attachment-gallery size-gallery\" alt=\"compagnons\" data-full-url=\"https:\/\/pokaa.fr\/wp-content\/uploads\/2024\/10\/02\/inauguration-centre-formation-strasbourg-juin-202315-8.jpg\" decoding=\"async\" loading=\"lazy\"  \/>            <\/p>\n<p>                    1. \u00e0 4. \u00a9 Bastien Pietronave \/ Pokaa ; 5. \u00a9\u00a0Thierry Caron Divergence &#8211; Site des Compagnons du devoir \/ Capture d&rsquo;\u00e9cran<\/p>\n<p>\u00c9tape 2 : se mettre en jambe avec un peu de shopping<\/p>\n<p>Le ventre rempli gr\u00e2ce \u00e0 un bon petit-d\u00e9jeuner, ou <strong>malmen\u00e9 par l\u2019acidit\u00e9 d\u2019un ristretto \u00e0 jeun<\/strong>, il est malgr\u00e9 tout temps de partir \u00e0 la d\u00e9couverte du quartier de Koenigshoffen, p\u00e9pite encore trop m\u00e9connue du grand public. <strong>Quoi de mieux qu\u2019une session shopping<\/strong> pour d\u00e9marrer la journ\u00e9e en douceur, avec pour th\u00e9matique <strong>la seconde main<\/strong> ?<\/p>\n<p>Pour cela, <strong>rendez-vous \u00e0 la friperie Allegorik <\/strong>(163 route des Romains). Le magasin, <strong>ouvert depuis 2024<\/strong>, propose une s\u00e9lection de<strong> v\u00eatements et accessoires r\u00e9tro \u00e0 petits prix<\/strong>, avec \u00e9galement du choix pour les enfants.<\/p>\n<p>                <img width=\"750\" height=\"500\" src=\"https:\/\/www.europesays.com\/fr\/wp-content\/uploads\/2025\/12\/relai-est-wittenheim-30-750x500.jpg\" class=\"attachment-gallery size-gallery\" alt=\"Relai Est Wittenheim  friperie habits(30)\" data-full-url=\"https:\/\/pokaa.fr\/wp-content\/uploads\/2024\/10\/11\/relai-est-wittenheim-30.jpg\" decoding=\"async\" loading=\"lazy\"  \/>            <\/p>\n<p>                <img width=\"750\" height=\"500\" src=\"https:\/\/www.europesays.com\/fr\/wp-content\/uploads\/2025\/12\/poulet-fripes-23-750x500.jpg\" class=\"attachment-gallery size-gallery\" alt=\"Poulet fripes (23)\" data-full-url=\"https:\/\/pokaa.fr\/wp-content\/uploads\/2024\/09\/27\/poulet-fripes-23.jpg\" decoding=\"async\" loading=\"lazy\"  \/>            <\/p>\n<p>                    \u00a9 Marie Goehner-David \/ Pokaa<\/p>\n<p>Toujours dans ce secteur, <strong>la boutique Carijou<\/strong> (50 route des Romains) propose <strong>l\u2019une de ses deux antennes strasbourgeoises<\/strong>. Ce magasin est un chantier d\u2019insertion<strong>, sp\u00e9cialis\u00e9 dans les jouets de seconde main,<\/strong> de la F\u00e9d\u00e9ration de Charit\u00e9.<\/p>\n<p>On y retrouve des jouets pour tous les \u00e2ges, de la petite enfance aux adolescent(e)s,<strong> qui proviennent de dons et qui sont ensuite revaloris\u00e9s<\/strong> par des salari\u00e9(e)s dans le cadre de contrats d\u2019insertion. Alors que ce soit pour acheter ou pour donner, il ne faut pas h\u00e9siter \u00e0 rendre visite \u00e0 cette boutique, <strong>\u00e9galement pr\u00e9sente avec un stand sur <a href=\"https:\/\/pokaa.fr\/2025\/11\/20\/il-fete-ses-10-ans-a-strasbourg-le-marche-off-de-noel-revient-avec-une-prog-tres-festive\/\" target=\"_blank\" rel=\"noopener nofollow\">le March\u00e9 Off<\/a>.\u00a0<\/strong><\/p>\n<p>                <img width=\"667\" height=\"500\" src=\"https:\/\/www.europesays.com\/fr\/wp-content\/uploads\/2025\/12\/carijou-caritas-jouets-seconde-main-strasbourg-bastien-pietronaveimage00019.jpeg\" class=\"attachment-gallery size-gallery\" alt=\"Carijou Caritas jouets seconde main Strasbourg Bastien Pietronaveimage00019\" data-full-url=\"https:\/\/www.europesays.com\/fr\/wp-content\/uploads\/2025\/12\/carijou-caritas-jouets-seconde-main-strasbourg-bastien-pietronaveimage00019.jpeg\" decoding=\"async\" loading=\"lazy\"  \/>            <\/p>\n<p>                <img width=\"667\" height=\"500\" src=\"https:\/\/www.europesays.com\/fr\/wp-content\/uploads\/2025\/12\/carijou-caritas-jouets-seconde-main-strasbourg-bastien-pietronaveimage00013.jpeg\" class=\"attachment-gallery size-gallery\" alt=\"Carijou Caritas jouets seconde main Strasbourg Bastien Pietronaveimage00013\" data-full-url=\"https:\/\/www.europesays.com\/fr\/wp-content\/uploads\/2025\/12\/carijou-caritas-jouets-seconde-main-strasbourg-bastien-pietronaveimage00013.jpeg\" decoding=\"async\" loading=\"lazy\"  \/>            <\/p>\n<p>                <img width=\"667\" height=\"500\" src=\"https:\/\/www.europesays.com\/fr\/wp-content\/uploads\/2025\/12\/carijou-caritas-jouets-seconde-main-strasbourg-bastien-pietronaveimage00006.jpeg\" class=\"attachment-gallery size-gallery\" alt=\"Carijou Caritas jouets seconde main Strasbourg Bastien Pietronaveimage00006\" data-full-url=\"https:\/\/www.europesays.com\/fr\/wp-content\/uploads\/2025\/12\/carijou-caritas-jouets-seconde-main-strasbourg-bastien-pietronaveimage00006.jpeg\" decoding=\"async\" loading=\"lazy\"  \/>            <\/p>\n<p>                    \u00a9 Bastien Pietronave \/ Pokaa<\/p>\n<p>\u00c9tape 3 : se r\u00e9galer pour le repas du midi<\/p>\n<p>Dans le quartier,<strong> les bonnes adresses ne manquent pas <\/strong>et voici une petite s\u00e9lection :<\/p>\n<ul>\n<li><strong>Le Bistrot Paprika (26 rue de la Charmille)<\/strong><\/li>\n<\/ul>\n<p>Une brasserie familiale avec<strong> des plats copieux et une carte vari\u00e9e<\/strong>. Ici, c\u2019est la cuisine de bistrot qui est mise \u00e0 l\u2019honneur, <strong>avec des plats g\u00e9n\u00e9reux et en sauce<\/strong>, \u00e9videmment.<\/p>\n<ul>\n<li><strong>L\u2019adresse portugaise du coin, O Porto (93 route des Romains)<\/strong><\/li>\n<\/ul>\n<p>Pour humer un air m\u00e9diterran\u00e9en au c\u0153ur de la capitale alsacienne, <strong>direction<\/strong> <strong>O Porto<\/strong>. Poulpe, encornet, fruits de mer, cochon de lait, pasteis de nata, la carte regorge <strong>de sp\u00e9cialit\u00e9s portugaises<\/strong>.<\/p>\n<p>                <img width=\"667\" height=\"500\" src=\"https:\/\/www.europesays.com\/fr\/wp-content\/uploads\/2025\/12\/533077337-4221040931476525-6312656881770780197-n-667x500.jpg\" class=\"attachment-gallery size-gallery\" alt=\"bistrot paprika\" data-full-url=\"https:\/\/pokaa.fr\/wp-content\/uploads\/2025\/12\/03\/533077337-4221040931476525-6312656881770780197-n-1500x1125.jpg\" decoding=\"async\" loading=\"lazy\"  \/>            <\/p>\n<p>                <img width=\"667\" height=\"500\" src=\"https:\/\/www.europesays.com\/fr\/wp-content\/uploads\/2025\/12\/poulpe-o-porto.jpeg\" class=\"attachment-gallery size-gallery\" alt=\"poulpe o porto\" data-full-url=\"https:\/\/www.europesays.com\/fr\/wp-content\/uploads\/2025\/12\/poulpe-o-porto.jpeg\" decoding=\"async\" loading=\"lazy\"  \/>            <\/p>\n<p>                    1. \u00a9 Page Facebook du Bistrot Paprika \/ Capture d&rsquo;\u00e9cran ; 2. \u00a9 O Porto \/ Document remis<\/p>\n<ul>\n<li><strong>La Marmite, le restaurant italien (21 rue de l\u2019Engelbreit)<\/strong><\/li>\n<\/ul>\n<p>Avec un<strong> plat du jour \u00e0 11\u20ac<\/strong>, le restaurant italien de Koenigshoffen fait partie des <strong>bons plans du quartier<\/strong>. Mais dans cet \u00e9tablissement, le plat phare,<strong> c\u2019est le couscous fait maison, <\/strong>pour un moment de r\u00e9galade \u00e0 partager.<\/p>\n<ul>\n<li><strong>Au Poilu, l\u2019adresse qui gratte (23 route des Romains)<\/strong><\/li>\n<\/ul>\n<p>La brasserie de quartier par excellence, <strong>avec une carte regroupant tous les grands classiques<\/strong> et avec quelques r\u00e9f\u00e9rences de la gastronomie alsacienne, comme une <strong>salade avec du cervelas<\/strong>. PS : il ne faut pas pr\u00e9voir un programme trop charg\u00e9 \u00e0 la sortie.<\/p>\n<p>                <img width=\"548\" height=\"500\" src=\"https:\/\/www.europesays.com\/fr\/wp-content\/uploads\/2025\/12\/image2-2-548x500.jpeg\" class=\"attachment-gallery size-gallery\" alt=\"La Marmite\" data-full-url=\"https:\/\/pokaa.fr\/wp-content\/uploads\/2025\/12\/03\/image2-2.jpeg\" decoding=\"async\" loading=\"lazy\"  \/>            <\/p>\n<p>                <img width=\"667\" height=\"500\" src=\"https:\/\/www.europesays.com\/fr\/wp-content\/uploads\/2025\/12\/487203956-1223290083133142-4210277697224135242-n-667x500.jpg\" class=\"attachment-gallery size-gallery\" alt=\"Au poilu\" data-full-url=\"https:\/\/pokaa.fr\/wp-content\/uploads\/2025\/12\/03\/487203956-1223290083133142-4210277697224135242-n-1500x1125.jpg\" decoding=\"async\" loading=\"lazy\"  \/>            <\/p>\n<p>                    1. \u00a9 Page Facebook de La Marmite \/ Capture d&rsquo;\u00e9cran ; 2. \u00a9 Page Facebook Au Poilu \/ Capture d&rsquo;\u00e9cran<\/p>\n<p>\u00c9tape 4 : s\u2019a\u00e9rer au canal de la Bruche<\/p>\n<p>Si vous avez choisi de d\u00e9jeuner dans l\u2019une des adresses de notre s\u00e9lection,<strong> une promenade digestive est certainement la bienvenue<\/strong> pour se relancer dans cette longue journ\u00e9e. C\u2019est parti donc, pour une belle demi-heure de marche <strong>le long du canal de la Bruche et sa bise hivernale vivifiante<\/strong>.<\/p>\n<p>Une balade d\u00e9paysante, \u00e0 quelques pas du rythme effr\u00e9n\u00e9 de la ville.<\/p>\n<p>                <a href=\"https:\/\/pokaa.fr\/2025\/04\/18\/au-fil-de-leau-et-des-saisons-evasion-poetique-le-long-du-canal-de-la-bruche-a-strasbourg\/\" rel=\"nofollow noopener\" target=\"_blank\"><br \/>\n                    <img width=\"450\" height=\"270\" src=\"https:\/\/www.europesays.com\/fr\/wp-content\/uploads\/2025\/05\/1-2-450x270.png\" class=\"attachment-card-horizontal--same-subject size-card-horizontal--same-subject wp-post-image\" alt=\"\" decoding=\"async\" loading=\"lazy\"\/>                <\/a><\/p>\n<p>                <img width=\"667\" height=\"500\" src=\"https:\/\/www.europesays.com\/fr\/wp-content\/uploads\/2025\/12\/printemps-7-667x500.jpg\" class=\"attachment-gallery size-gallery\" alt=\"Canal_Bruche_Printemps_7\" data-full-url=\"https:\/\/pokaa.fr\/wp-content\/uploads\/2025\/04\/04\/printemps-7-1500x1125.jpg\" decoding=\"async\" loading=\"lazy\"  \/>            <\/p>\n<p>                <img width=\"667\" height=\"500\" src=\"https:\/\/www.europesays.com\/fr\/wp-content\/uploads\/2025\/12\/printemps-8-667x500.jpg\" class=\"attachment-gallery size-gallery\" alt=\"Canal_Bruche_Printemps_8\" data-full-url=\"https:\/\/pokaa.fr\/wp-content\/uploads\/2025\/04\/04\/printemps-8-1500x1125.jpg\" decoding=\"async\" loading=\"lazy\"  \/>            <\/p>\n<p>                <img width=\"333\" height=\"500\" src=\"https:\/\/www.europesays.com\/fr\/wp-content\/uploads\/2025\/12\/dsc03602.jpg\" class=\"attachment-gallery size-gallery\" alt=\"canal de la bruche nature\" data-full-url=\"https:\/\/www.europesays.com\/fr\/wp-content\/uploads\/2025\/12\/dsc03602.jpg\" decoding=\"async\" loading=\"lazy\"  \/>            <\/p>\n<p>                <img width=\"333\" height=\"500\" src=\"https:\/\/www.europesays.com\/fr\/wp-content\/uploads\/2025\/12\/dsc03455.jpg\" class=\"attachment-gallery size-gallery\" alt=\"canal de la bruche hiver jogging courir\" data-full-url=\"https:\/\/www.europesays.com\/fr\/wp-content\/uploads\/2025\/12\/dsc03455.jpg\" decoding=\"async\" loading=\"lazy\"  \/>            <\/p>\n<p>                    1. 2. \u00a9 Alice Kiefer \/ Pokaa ; 3. 4. \u00a9 Hugo Favre-Napoli \/ Pokaa<\/p>\n<p>\u00c9tape 5 : direction la communaut\u00e9 Emma\u00fcs<\/p>\n<p>Faire un tour, c\u2019est bien. Se promener dans un but pr\u00e9cis,<strong> c\u2019est tout b\u00e9nef<\/strong>. Apr\u00e8s cette petite marche, qui nous rapproche assur\u00e9ment de notre objectif des 10 000 pas quotidien, il est temps de pousser<strong> les portes d\u2019Emma\u00fcs Strasbourg <\/strong>(5 chemin de la Holtzmatt), toujours le long du canal de la Bruche.<\/p>\n<p>Encore une fois, <strong>que ce soit pour faire des dons ou pour trouver un coup de coeur \u00e0 bas prix<\/strong>, c\u2019est toujours sympa de s\u2019arr\u00eater pour passer dans les locaux de l\u2019association.\u00a0<\/p>\n<p>                <img width=\"375\" height=\"500\" src=\"https:\/\/www.europesays.com\/fr\/wp-content\/uploads\/2025\/12\/greenfriday-emmaus-strasbourg.jpg\" class=\"attachment-gallery size-gallery\" alt=\"GreenFriday-Emmaus-Strasbourg\" data-full-url=\"https:\/\/www.europesays.com\/fr\/wp-content\/uploads\/2025\/12\/greenfriday-emmaus-strasbourg.jpg\" decoding=\"async\" loading=\"lazy\"  \/>            <\/p>\n<p>                <img width=\"752\" height=\"500\" src=\"https:\/\/www.europesays.com\/fr\/wp-content\/uploads\/2025\/12\/DSC_0333.jpg\" class=\"attachment-gallery size-gallery\" alt=\"emmaus friperie\" data-full-url=\"https:\/\/www.europesays.com\/fr\/wp-content\/uploads\/2025\/12\/DSC_0333.jpg\" decoding=\"async\" loading=\"lazy\"  \/>            <\/p>\n<p>                <img width=\"806\" height=\"500\" src=\"https:\/\/www.europesays.com\/fr\/wp-content\/uploads\/2025\/12\/DSC_0339.jpg\" class=\"attachment-gallery size-gallery\" alt=\"emmaus brocante vintage\" data-full-url=\"https:\/\/www.europesays.com\/fr\/wp-content\/uploads\/2025\/12\/DSC_0339.jpg\" decoding=\"async\" loading=\"lazy\"  \/>            <\/p>\n<p>                    \u00a9 Pauline Ruhlmann \/ Pokaa<\/p>\n<p>\u00c9tape 6 : petit d\u00e9tour par la Tour du Schloessel<\/p>\n<p>Le chemin retour nous emm\u00e8ne \u00e0 la d\u00e9couverte <strong>du parc Albert-Schweitzer et de son parcours de disc golf<\/strong>. Ici, des passionn\u00e9(e)s se r\u00e9unissent tous les samedis de 9h \u00e0 12h, pour s\u2019adonner \u00e0 leur passion :<strong> du golf, mix\u00e9 avec du frisbee.<\/strong> Le principe est simple : depuis un point de d\u00e9part, il faut envoyer son frisbee dans un panier avec le moins de coups possible. <strong>Du disc golf quoi.<\/strong><\/p>\n<p>                <img width=\"750\" height=\"500\" src=\"https:\/\/www.europesays.com\/fr\/wp-content\/uploads\/2025\/09\/pexels-dwrink9-13189540-750x500.jpg\" class=\"attachment-gallery size-gallery\" alt=\"disc-golf\" data-full-url=\"https:\/\/pokaa.fr\/wp-content\/uploads\/2025\/09\/04\/pexels-dwrink9-13189540.jpg\" decoding=\"async\" loading=\"lazy\"  \/>            <\/p>\n<p>                <img width=\"750\" height=\"500\" src=\"https:\/\/www.europesays.com\/fr\/wp-content\/uploads\/2025\/09\/pexels-alexander-juul-jakobsen-2393683-4064044-750x500.jpg\" class=\"attachment-gallery size-gallery\" alt=\"disc golf\" data-full-url=\"https:\/\/pokaa.fr\/wp-content\/uploads\/2025\/09\/04\/pexels-alexander-juul-jakobsen-2393683-4064044.jpg\" decoding=\"async\" loading=\"lazy\"  \/>            <\/p>\n<p>                    1. \u00a9 Auteur inconnu &#8211; Pexels \/ Photo d&rsquo;illustration ; 2. \u00a9 Alexander Juul Jakobsen &#8211; Pexels \/ Photo d&rsquo;illustration<\/p>\n<p>Puis, tr\u00e8s vite, <strong>la Tour Merveilleuse du Schloessel<\/strong> (rue de la Rotlach) se dresse face \u00e0 nous, \u00e0 la lisi\u00e8re du camping de Strasbourg. Au-del\u00e0 de <strong>son architecture qui vaut le d\u00e9tour<\/strong>, elle est <strong>un tiers-lieu strasbourgeois qui propose toute l\u2019ann\u00e9e de nombreux \u00e9v\u00e9nements.<\/strong><\/p>\n<p>Le programme du mois de d\u00e9cembre est \u00e0 retrouver sur leurs <a href=\"https:\/\/www.instagram.com\/latourmerveilleuse\/\" target=\"_blank\" rel=\"noopener nofollow\">r\u00e9seaux sociaux<\/a>.<\/p>\n<p>                <img width=\"375\" height=\"500\" src=\"https:\/\/www.europesays.com\/fr\/wp-content\/uploads\/2025\/12\/1200px-33-rue-de-la-tour-strasbourg-51205-2-375x500.jpg\" class=\"attachment-gallery size-gallery\" alt=\"tour merveilleuse du Schloessel\" data-full-url=\"https:\/\/pokaa.fr\/wp-content\/uploads\/2024\/06\/20\/1200px-33-rue-de-la-tour-strasbourg-51205-2.jpg\" decoding=\"async\" loading=\"lazy\"  \/>            <\/p>\n<p>                <img width=\"875\" height=\"500\" src=\"https:\/\/www.europesays.com\/fr\/wp-content\/uploads\/2025\/07\/pokaa-875x500.png\" class=\"attachment-gallery size-gallery\" alt=\"Tour du Schloessel\" data-full-url=\"https:\/\/pokaa.fr\/wp-content\/uploads\/2024\/06\/20\/pokaa.png\" decoding=\"async\" loading=\"lazy\"  \/>            <\/p>\n<p>                    1. \u00a9 Roland Burckel &#8211; Archi-Wiki \/ Capture d&rsquo;\u00e9cran ; 2. \u00a9 Page Facebook Tour merveilleuse du Schloessel  \/ Capture d&rsquo;\u00e9cran<\/p>\n<p>\u00c9tape 7 : place \u00e0 la magie de No\u00ebl<\/p>\n<p>Le soleil disparait derri\u00e8re l\u2019horizon, entrainant avec lui <strong>les derniers rayons de lumi\u00e8re<\/strong>. Il fait nuit \u00e0 Koenigshoffen, mais <strong>les illuminations du <a href=\"https:\/\/www.jds.fr\/strasbourg\/manifestations\/marche-de-noel\/marche-de-noel-gruber-1259877_A\" target=\"_blank\" rel=\"noopener nofollow\">march\u00e9 de No\u00ebl des cr\u00e9ateurs\/rices, install\u00e9 au march\u00e9 Gruber<\/a><\/strong> (parc d\u2019activit\u00e9s Gruber, 91 route des Romains), <strong>permettent aux visiteurs\/ses d\u2019y voir plus clair.<\/strong>\u00a0<\/p>\n<p>Les week-ends des 13\/14 d\u00e9cembre, et celui du 20\/21 d\u00e9cembre,<strong> plus de 46 exposant(e)s pr\u00e9senteront leurs cr\u00e9ations artistiques<\/strong>. L\u2019occasion de commencer \u00e0 se lib\u00e9rer d\u2019une partie de sa charge mentale, en achetant les premiers ou derniers cadeaux de No\u00ebl, <strong>originaux et locaux.<\/strong><\/p>\n<p>                <img width=\"556\" height=\"500\" src=\"https:\/\/www.europesays.com\/fr\/wp-content\/uploads\/2025\/12\/parc-gruber-strasbourg-ateliers-ouvertsalex-flores-2022-scaled-e1715703671211-556x500.jpg\" class=\"attachment-gallery size-gallery\" alt=\"Gruber + Ateliers Ouverts\" data-full-url=\"https:\/\/pokaa.fr\/wp-content\/uploads\/2024\/05\/14\/parc-gruber-strasbourg-ateliers-ouvertsalex-flores-2022-1500x1348.jpg\" decoding=\"async\" loading=\"lazy\"  \/>            <\/p>\n<p>                <img width=\"955\" height=\"500\" src=\"https:\/\/www.europesays.com\/fr\/wp-content\/uploads\/2025\/12\/589393462-1440344494765736-7926910355889316349-n-955x500.jpg\" class=\"attachment-gallery size-gallery\" alt=\"March\u00e9 Gruber\" data-full-url=\"https:\/\/pokaa.fr\/wp-content\/uploads\/2025\/12\/03\/589393462-1440344494765736-7926910355889316349-n-1500x785.jpg\" decoding=\"async\" loading=\"lazy\"  \/>            <\/p>\n<p>                    1. Parc Gr\u00fcber. \u00a9 Alex Flores \/ Document remis ; 2. \u00a9 March\u00e9 Gruber \/ Document remis<\/p>\n<p>\u00c9tape 8 : une bonne dose de culture pour conclure la journ\u00e9e<\/p>\n<p>Apr\u00e8s <strong>une journ\u00e9e pass\u00e9e \u00e0 arpenter le grand quartier de Koenigshoffen<\/strong>, il est temps de raccrocher les crampons. Avant de repartir <strong>avec les derniers trams F de la soir\u00e9e<\/strong>, une pause au<a href=\"https:\/\/www.trois14.org\" target=\"_blank\" rel=\"noopener nofollow\"><strong> Th\u00e9\u00e2tre du Cube Noir<\/strong><\/a> (4 all\u00e9e du Sommerhof) vient conclure ce programme. <strong>Deux spectacle sont \u00e0 l\u2019affiche<\/strong> en d\u00e9cembre : Yvonne princesse de Bourgogne, et Sexe et jalousie.<\/p>\n<p>    <img width=\"800\" height=\"530\" src=\"https:\/\/www.europesays.com\/fr\/wp-content\/uploads\/2025\/12\/image-from-rawpixel-id-5907770-jpeg-800x530.jpg\" class=\"attachment-image-size-L size-image-size-L\" alt=\"th\u00e9\u00e2tre cin\u00e9ma fauteuil\" decoding=\"async\" loading=\"lazy\"  \/>         \u00a9 Rawpixel \/ Photo d&rsquo;illustration <\/p>\n<p><strong>C\u2019est sur ces mots que se termine notre balade dans un quartier \u00e0 (re)d\u00e9couvrir ! \u00c0 noter : depuis le 15 novembre, l\u2019extension de la ligne de tram F est officiellement effective. Avec huit nouvelles stations jusqu\u2019\u00e0 Wolfisheim, le secteur ouest de Strasbourg est d\u00e9sormais mieux desservi par les transports en commun. Un argument suppl\u00e9mentaire pour aller explorer le quartier \ud83d\ude09\u00a0<\/strong><\/p>\n<p><script async src=\"\/\/www.instagram.com\/embed.js\"><\/script><\/p>\n","protected":false},"excerpt":{"rendered":"Avec la grisaille et le froid qui sont d\u00e9sormais bien install\u00e9s dans la capitale alsacienne, l\u2019heure est \u00e0&hellip;\n","protected":false},"author":2,"featured_media":583030,"comment_status":"","ping_status":"","sticky":false,"template":"","format":"standard","meta":{"footnotes":""},"categories":[2820],"tags":[1111,11,5975,1777,674,1011,27,775,6736,8419,12,5775,3907,25,640],"class_list":{"0":"post-583029","1":"post","2":"type-post","3":"status-publish","4":"format-standard","5":"has-post-thumbnail","7":"category-strasbourg","8":"tag-actu","9":"tag-actualites","10":"tag-decouverte","11":"tag-eu","12":"tag-europe","13":"tag-fr","14":"tag-france","15":"tag-grand-est","16":"tag-hiver","17":"tag-koenigshoffen","18":"tag-news","19":"tag-quartier","20":"tag-que-faire","21":"tag-republique-francaise","22":"tag-strasbourg"},"share_on_mastodon":{"url":"https:\/\/pubeurope.com\/@fr\/115675074439746174","error":""},"_links":{"self":[{"href":"https:\/\/www.europesays.com\/fr\/wp-json\/wp\/v2\/posts\/583029","targetHints":{"allow":["GET"]}}],"collection":[{"href":"https:\/\/www.europesays.com\/fr\/wp-json\/wp\/v2\/posts"}],"about":[{"href":"https:\/\/www.europesays.com\/fr\/wp-json\/wp\/v2\/types\/post"}],"author":[{"embeddable":true,"href":"https:\/\/www.europesays.com\/fr\/wp-json\/wp\/v2\/users\/2"}],"replies":[{"embeddable":true,"href":"https:\/\/www.europesays.com\/fr\/wp-json\/wp\/v2\/comments?post=583029"}],"version-history":[{"count":0,"href":"https:\/\/www.europesays.com\/fr\/wp-json\/wp\/v2\/posts\/583029\/revisions"}],"wp:featuredmedia":[{"embeddable":true,"href":"https:\/\/www.europesays.com\/fr\/wp-json\/wp\/v2\/media\/583030"}],"wp:attachment":[{"href":"https:\/\/www.europesays.com\/fr\/wp-json\/wp\/v2\/media?parent=583029"}],"wp:term":[{"taxonomy":"category","embeddable":true,"href":"https:\/\/www.europesays.com\/fr\/wp-json\/wp\/v2\/categories?post=583029"},{"taxonomy":"post_tag","embeddable":true,"href":"https:\/\/www.europesays.com\/fr\/wp-json\/wp\/v2\/tags?post=583029"}],"curies":[{"name":"wp","href":"https:\/\/api.w.org\/{rel}","templated":true}]}}