{"id":583033,"date":"2025-12-06T22:52:11","date_gmt":"2025-12-06T22:52:11","guid":{"rendered":"https:\/\/www.europesays.com\/fr\/583033\/"},"modified":"2025-12-06T22:52:11","modified_gmt":"2025-12-06T22:52:11","slug":"six-personnes-interpellees-a-nice-apres-des-tirs-de-mortier-sur-des-agents-de-la-brigade-gaida","status":"publish","type":"post","link":"https:\/\/www.europesays.com\/fr\/583033\/","title":{"rendered":"Six personnes interpell\u00e9es \u00e0 Nice apr\u00e8s des tirs de mortier sur des agents de la brigade Ga\u00efda"},"content":{"rendered":"<p>Le maire de Nice Christian Estrosi annonce que six personnes ont \u00e9t\u00e9 interpell\u00e9es ce samedi 6 d\u00e9cembre dans la soir\u00e9e apr\u00e8s des tirs de mortier sur des agents de la Gaida. Aucun bless\u00e9 n&rsquo;est \u00e0 d\u00e9plorer.<\/p>\n<p>Six personnes ont \u00e9t\u00e9 interpell\u00e9es \u00e0 Nice ce samedi 6 d\u00e9cembre dans la soir\u00e9e pour avoir \u00ab\u00a0pris pour cible avec des tirs de mortier les agents de la brigade Ga\u00efda\u00a0\u00bb, a annonc\u00e9 le maire Christian Estrosi sur X. Les faits se sont produits dans le quartier des Moulins.<\/p>\n<p>La <a href=\"https:\/\/www.bfmtv.com\/cote-d-azur\/nice-les-premiers-pas-de-la-brigade-de-securite-privee-gaida-deployee-dans-le-quartier-des-moulins_AV-202405160980.html\" title=\"Nice: les premiers pas de la brigade de s\u00e9curit\u00e9 priv\u00e9e Ga\u00efda, d\u00e9ploy\u00e9e dans le quartier des Moulins\" class=\"internal_link\" target=\"_blank\" rel=\"noopener\">brigade Ga\u00efda<\/a> est le Groupement d&rsquo;agents interbailleurs contre les d\u00e9sordres et les abus.<\/p>\n<p>Pas de bless\u00e9<\/p>\n<p>Christian Estrosi indique que les mis en cause ont \u00e9t\u00e9 interpell\u00e9s par des policiers nationaux et les agents de la Ga\u00efda. Il n&rsquo;y a pas de bless\u00e9 \u00e0 d\u00e9plorer.<\/p>\n<p>Des agents de la Gaida avaient d\u00e9j\u00e0 \u00e9t\u00e9 pris pour cible avec des mortiers le 3 juin dernier. Une personne avait \u00e9t\u00e9 l\u00e9g\u00e8rement bless\u00e9e.<\/p>\n<p>Partager <\/p>\n","protected":false},"excerpt":{"rendered":"Le maire de Nice Christian Estrosi annonce que six personnes ont \u00e9t\u00e9 interpell\u00e9es ce samedi 6 d\u00e9cembre dans&hellip;\n","protected":false},"author":2,"featured_media":149945,"comment_status":"","ping_status":"","sticky":false,"template":"","format":"standard","meta":{"footnotes":""},"categories":[2819],"tags":[1111,11,1777,674,1011,27,12,2401,882,25],"class_list":{"0":"post-583033","1":"post","2":"type-post","3":"status-publish","4":"format-standard","5":"has-post-thumbnail","7":"category-nice","8":"tag-actu","9":"tag-actualites","10":"tag-eu","11":"tag-europe","12":"tag-fr","13":"tag-france","14":"tag-news","15":"tag-nice","16":"tag-provence-alpes-cote-dazur","17":"tag-republique-francaise"},"share_on_mastodon":{"url":"","error":""},"_links":{"self":[{"href":"https:\/\/www.europesays.com\/fr\/wp-json\/wp\/v2\/posts\/583033","targetHints":{"allow":["GET"]}}],"collection":[{"href":"https:\/\/www.europesays.com\/fr\/wp-json\/wp\/v2\/posts"}],"about":[{"href":"https:\/\/www.europesays.com\/fr\/wp-json\/wp\/v2\/types\/post"}],"author":[{"embeddable":true,"href":"https:\/\/www.europesays.com\/fr\/wp-json\/wp\/v2\/users\/2"}],"replies":[{"embeddable":true,"href":"https:\/\/www.europesays.com\/fr\/wp-json\/wp\/v2\/comments?post=583033"}],"version-history":[{"count":0,"href":"https:\/\/www.europesays.com\/fr\/wp-json\/wp\/v2\/posts\/583033\/revisions"}],"wp:featuredmedia":[{"embeddable":true,"href":"https:\/\/www.europesays.com\/fr\/wp-json\/wp\/v2\/media\/149945"}],"wp:attachment":[{"href":"https:\/\/www.europesays.com\/fr\/wp-json\/wp\/v2\/media?parent=583033"}],"wp:term":[{"taxonomy":"category","embeddable":true,"href":"https:\/\/www.europesays.com\/fr\/wp-json\/wp\/v2\/categories?post=583033"},{"taxonomy":"post_tag","embeddable":true,"href":"https:\/\/www.europesays.com\/fr\/wp-json\/wp\/v2\/tags?post=583033"}],"curies":[{"name":"wp","href":"https:\/\/api.w.org\/{rel}","templated":true}]}}