{"id":583034,"date":"2025-12-06T22:53:16","date_gmt":"2025-12-06T22:53:16","guid":{"rendered":"https:\/\/www.europesays.com\/fr\/583034\/"},"modified":"2025-12-06T22:53:16","modified_gmt":"2025-12-06T22:53:16","slug":"le-gfc-ajaccio-a-bu-la-tasse-a-nice","status":"publish","type":"post","link":"https:\/\/www.europesays.com\/fr\/583034\/","title":{"rendered":"le GFC Ajaccio a bu la tasse \u00e0 Nice"},"content":{"rendered":"<p>Nice &#8211; AJACCIO\u00a0: 3-0<\/p>\n<p>Salle Gianmarchi-Palmeira <br \/>Evolution du score\u00a0: (25-17\/28&prime; ; 25-17\/28&prime; ; 25-18\/26&prime;). Dur\u00e9e : 1h22&prime;<br \/>Arbitres\u00a0: M. Juan et MME. Hayaux du Tilly. <br \/>893 spectateurs. <br \/>Nice <br \/>Six de d\u00e9part\u00a0: Keemink (2), Mayo Liberman (19), Nack-Minyem (9), Dulski (16), Castelnau (2), McHenry (5). Lib\u00e9ro\u00a0: Briggs <br \/>Coach\u00a0: Brice Donat <br \/>Points en Attaque\u00a0: 37\/67 (55\u00a0%)\u00a0; Block\u00a0: 10\u00a0; Aces\u00a0: 6\u00a0; Points sur erreurs adv\u00a0: 22 <br \/>Ajaccio <br \/>Six de d\u00e9part\u00a0: Le Roux (1), Martins de Pinho (8), Soci\u00e9 (0), Salles Araujo (8), Garcia (0), Patak (12) puis Lacassi\u00e9 (5), Soares Neto (0), Bouall\u00e8gue (2) Lib\u00e9ro\u00a0: Grosnon <br \/>Coach\u00a0: Fr\u00e9d\u00e9ric Ferrandez <br \/>Points en Attaque\u00a0: 35\/81 (43\u00a0%)\u00a0; Block\u00a0: 1\u00a0; Ace\u00a0: 0\u00a0; Points sur erreurs adv\u00a0: 16<\/p>\n<p>Dans ce contexte de match \u00e0 haut risque pour le maintien, les Ajacciens avaient en m\u00e9moire les deux succ\u00e8s en pr\u00e9-saison estivale sur le parquet de Gianmarchi-Palmeira pour enclencher un nouveau cycle positif. Apr\u00e8s avoir d\u00e9j\u00e0 dig\u00e9r\u00e9 un gros tiers du championnat, pas moins de sept \u00e9quipes sont regroup\u00e9es dans un peloton \u00e9triqu\u00e9 o\u00f9 chaque set grappill\u00e9 est une bouff\u00e9e d&rsquo;oxyg\u00e8ne. Hier soir, au terme d&rsquo;une dixi\u00e8me soir\u00e9e de Marmara SpikeLigue douloureuse, les joueurs de Fr\u00e9d\u00e9ric Ferrandez ont v&#8230;<\/p>\n","protected":false},"excerpt":{"rendered":"Nice &#8211; AJACCIO\u00a0: 3-0 Salle Gianmarchi-Palmeira Evolution du score\u00a0: (25-17\/28&prime; ; 25-17\/28&prime; ; 25-18\/26&prime;). Dur\u00e9e : 1h22&prime;Arbitres\u00a0: M.&hellip;\n","protected":false},"author":2,"featured_media":583035,"comment_status":"","ping_status":"","sticky":false,"template":"","format":"standard","meta":{"footnotes":""},"categories":[2819],"tags":[17,1111,11,5622,1777,674,1011,27,3025,49560,12,2401,882,25,51532,60,35243],"class_list":{"0":"post-583034","1":"post","2":"type-post","3":"status-publish","4":"format-standard","5":"has-post-thumbnail","7":"category-nice","8":"tag-17","9":"tag-actu","10":"tag-actualites","11":"tag-ajaccio","12":"tag-eu","13":"tag-europe","14":"tag-fr","15":"tag-france","16":"tag-gfc","17":"tag-marmara","18":"tag-news","19":"tag-nice","20":"tag-provence-alpes-cote-dazur","21":"tag-republique-francaise","22":"tag-spikeligue","23":"tag-sports","24":"tag-tasse"},"share_on_mastodon":{"url":"https:\/\/pubeurope.com\/@fr\/115675083889246192","error":""},"_links":{"self":[{"href":"https:\/\/www.europesays.com\/fr\/wp-json\/wp\/v2\/posts\/583034","targetHints":{"allow":["GET"]}}],"collection":[{"href":"https:\/\/www.europesays.com\/fr\/wp-json\/wp\/v2\/posts"}],"about":[{"href":"https:\/\/www.europesays.com\/fr\/wp-json\/wp\/v2\/types\/post"}],"author":[{"embeddable":true,"href":"https:\/\/www.europesays.com\/fr\/wp-json\/wp\/v2\/users\/2"}],"replies":[{"embeddable":true,"href":"https:\/\/www.europesays.com\/fr\/wp-json\/wp\/v2\/comments?post=583034"}],"version-history":[{"count":0,"href":"https:\/\/www.europesays.com\/fr\/wp-json\/wp\/v2\/posts\/583034\/revisions"}],"wp:featuredmedia":[{"embeddable":true,"href":"https:\/\/www.europesays.com\/fr\/wp-json\/wp\/v2\/media\/583035"}],"wp:attachment":[{"href":"https:\/\/www.europesays.com\/fr\/wp-json\/wp\/v2\/media?parent=583034"}],"wp:term":[{"taxonomy":"category","embeddable":true,"href":"https:\/\/www.europesays.com\/fr\/wp-json\/wp\/v2\/categories?post=583034"},{"taxonomy":"post_tag","embeddable":true,"href":"https:\/\/www.europesays.com\/fr\/wp-json\/wp\/v2\/tags?post=583034"}],"curies":[{"name":"wp","href":"https:\/\/api.w.org\/{rel}","templated":true}]}}