{"id":583036,"date":"2025-12-06T22:54:16","date_gmt":"2025-12-06T22:54:16","guid":{"rendered":"https:\/\/www.europesays.com\/fr\/583036\/"},"modified":"2025-12-06T22:54:16","modified_gmt":"2025-12-06T22:54:16","slug":"la-sortie-du-jour-suivre-la-parade-des-oiseaux-geants-lumineux-sur-lile-de-nantes-ce-samedi","status":"publish","type":"post","link":"https:\/\/www.europesays.com\/fr\/583036\/","title":{"rendered":"La sortie du jour\u00a0: suivre la parade des oiseaux g\u00e9ants lumineux sur l\u2019\u00eele de Nantes ce samedi"},"content":{"rendered":"<p>Vous risquez bien d\u2019en prendre plein les yeux ce soir\u00a0! Ce samedi 6\u00a0d\u00e9cembre, la f\u00eate se d\u00e9ploie sur l\u2019\u00eele de Nantes. \u00c0 partir de 17\u00a0h, boulevard de la Prairie-au-Duc, place \u00e0 la parade des grands oiseaux lumineux manipul\u00e9s par des marionnettistes.\u00a0Un vaisseau-char ouvrira la marche avec \u00e0 son bord des musiciens.<\/p>\n<p>Ce spectacle gratuit, propos\u00e9 par les commer\u00e7ants, a \u00e9t\u00e9 imagin\u00e9 par Paul Lacoste et Herv\u00e9 Vital de la Ferme p\u00e9dagogique du spectacle, bas\u00e9e \u00e0 Or\u00e9e-d\u2019Anjou (Maine-et-Loire). Il lance <a href=\"https:\/\/nantes.maville.com\/actu\/actudet_-sur-l-ile-de-nantes-des-vitrines-d-artistes-pour-animer-le-quartier-en-travaux-_52716-6589901_actu.Htm\" target=\"_self\" rel=\"noopener\">le retour des vitrines anim\u00e9es dans les commerces de la Prairie-au-Duc et du quai de la Fosse.<\/a><\/p>\n<p><strong>D\u00e9part de la parade \u00e0 17\u00a0h,<\/strong> de l\u2019all\u00e9e Suzann Brownell-Anthony\/85,\u00a0boulevard de la Prairie-au-Duc en direction de R\u00e9publique. Fin de la parade vers 19\u00a0h \u00e0 R\u00e9publique.<\/p>\n<p>\u00a0<\/p>\n","protected":false},"excerpt":{"rendered":"Vous risquez bien d\u2019en prendre plein les yeux ce soir\u00a0! Ce samedi 6\u00a0d\u00e9cembre, la f\u00eate se d\u00e9ploie sur&hellip;\n","protected":false},"author":2,"featured_media":583037,"comment_status":"","ping_status":"","sticky":false,"template":"","format":"standard","meta":{"footnotes":""},"categories":[2818],"tags":[1111,11,1777,674,1011,27,4926,4323,4432,52361,766,12,4964,18277,2636,25,3982,3686,8007],"class_list":{"0":"post-583036","1":"post","2":"type-post","3":"status-publish","4":"format-standard","5":"has-post-thumbnail","7":"category-nantes","8":"tag-actu","9":"tag-actualites","10":"tag-eu","11":"tag-europe","12":"tag-fr","13":"tag-france","14":"tag-geants","15":"tag-ile","16":"tag-jour","17":"tag-lumineux","18":"tag-nantes","19":"tag-news","20":"tag-oiseaux","21":"tag-parade","22":"tag-pays-de-la-loire","23":"tag-republique-francaise","24":"tag-samedi","25":"tag-sortie","26":"tag-suivre"},"share_on_mastodon":{"url":"https:\/\/pubeurope.com\/@fr\/115675087760281016","error":""},"_links":{"self":[{"href":"https:\/\/www.europesays.com\/fr\/wp-json\/wp\/v2\/posts\/583036","targetHints":{"allow":["GET"]}}],"collection":[{"href":"https:\/\/www.europesays.com\/fr\/wp-json\/wp\/v2\/posts"}],"about":[{"href":"https:\/\/www.europesays.com\/fr\/wp-json\/wp\/v2\/types\/post"}],"author":[{"embeddable":true,"href":"https:\/\/www.europesays.com\/fr\/wp-json\/wp\/v2\/users\/2"}],"replies":[{"embeddable":true,"href":"https:\/\/www.europesays.com\/fr\/wp-json\/wp\/v2\/comments?post=583036"}],"version-history":[{"count":0,"href":"https:\/\/www.europesays.com\/fr\/wp-json\/wp\/v2\/posts\/583036\/revisions"}],"wp:featuredmedia":[{"embeddable":true,"href":"https:\/\/www.europesays.com\/fr\/wp-json\/wp\/v2\/media\/583037"}],"wp:attachment":[{"href":"https:\/\/www.europesays.com\/fr\/wp-json\/wp\/v2\/media?parent=583036"}],"wp:term":[{"taxonomy":"category","embeddable":true,"href":"https:\/\/www.europesays.com\/fr\/wp-json\/wp\/v2\/categories?post=583036"},{"taxonomy":"post_tag","embeddable":true,"href":"https:\/\/www.europesays.com\/fr\/wp-json\/wp\/v2\/tags?post=583036"}],"curies":[{"name":"wp","href":"https:\/\/api.w.org\/{rel}","templated":true}]}}