{"id":583040,"date":"2025-12-06T22:56:11","date_gmt":"2025-12-06T22:56:11","guid":{"rendered":"https:\/\/www.europesays.com\/fr\/583040\/"},"modified":"2025-12-06T22:56:11","modified_gmt":"2025-12-06T22:56:11","slug":"les-lignes-e-f-et-h-officiellement-lancees-dans-la-metropole","status":"publish","type":"post","link":"https:\/\/www.europesays.com\/fr\/583040\/","title":{"rendered":"les lignes E, F et H officiellement lanc\u00e9es dans la m\u00e9tropole"},"content":{"rendered":"<p>Ce n\u2019est \u00e9videmment pas le seul rapprochement offert depuis ce samedi 6\u00a0d\u00e9cembre pour les usagers. Si le tram E permet d\u00e9sormais de joindre Floirac (et la place des Quinconces) \u00e0 Blanquefort et la ligne F de rallier B\u00e8gles (et la gare Saint-Jean) \u00e0 l\u2019a\u00e9roport, le bus H, empruntant les ponts Chaban-Delmas et Simone-Veil, apporte une liaison circulaire par les boulevards de chaque c\u00f4t\u00e9 de la Garonne.<\/p>\n<p>Connexion des deux rives<\/p>\n<p>Il s\u2019agit d\u2019un changement majeur \u00ab\u00a0dans la desserte des habitants de la rive droite\u00a0\u00bb, a salu\u00e9 le maire de Cenon Jean-Fran\u00e7ois Egron ce samedi matin. Bien des trajets ne m\u00e9riteront plus de se creuser les m\u00e9ninges avec les correspondances. Ils se feront d\u00e9sormais en direct. Apr\u00e8s des ann\u00e9es de r\u00e9flexion et de travaux, dont un \u00e9t\u00e9 particuli\u00e8rement \u00ab\u00a0chaud\u00a0\u00bb, dixit la pr\u00e9sidente de Bordeaux M\u00e9tropole Christine Bost, la ligne H connecte donc d\u00e9sormais les deux rives, avec 49 stations desservies et bien des quartiers appel\u00e9s \u00e0 conna\u00eetre une importante \u00e9volution d\u00e9mographique, notamment \u00e0 Floirac.<\/p>\n","protected":false},"excerpt":{"rendered":"Ce n\u2019est \u00e9videmment pas le seul rapprochement offert depuis ce samedi 6\u00a0d\u00e9cembre pour les usagers. Si le tram&hellip;\n","protected":false},"author":2,"featured_media":583041,"comment_status":"","ping_status":"","sticky":false,"template":"","format":"standard","meta":{"footnotes":""},"categories":[2817],"tags":[1111,11,1997,1777,674,1011,27,12,2219,25],"class_list":{"0":"post-583040","1":"post","2":"type-post","3":"status-publish","4":"format-standard","5":"has-post-thumbnail","7":"category-bordeaux","8":"tag-actu","9":"tag-actualites","10":"tag-bordeaux","11":"tag-eu","12":"tag-europe","13":"tag-fr","14":"tag-france","15":"tag-news","16":"tag-nouvelle-aquitaine","17":"tag-republique-francaise"},"share_on_mastodon":{"url":"https:\/\/pubeurope.com\/@fr\/115675095676311355","error":""},"_links":{"self":[{"href":"https:\/\/www.europesays.com\/fr\/wp-json\/wp\/v2\/posts\/583040","targetHints":{"allow":["GET"]}}],"collection":[{"href":"https:\/\/www.europesays.com\/fr\/wp-json\/wp\/v2\/posts"}],"about":[{"href":"https:\/\/www.europesays.com\/fr\/wp-json\/wp\/v2\/types\/post"}],"author":[{"embeddable":true,"href":"https:\/\/www.europesays.com\/fr\/wp-json\/wp\/v2\/users\/2"}],"replies":[{"embeddable":true,"href":"https:\/\/www.europesays.com\/fr\/wp-json\/wp\/v2\/comments?post=583040"}],"version-history":[{"count":0,"href":"https:\/\/www.europesays.com\/fr\/wp-json\/wp\/v2\/posts\/583040\/revisions"}],"wp:featuredmedia":[{"embeddable":true,"href":"https:\/\/www.europesays.com\/fr\/wp-json\/wp\/v2\/media\/583041"}],"wp:attachment":[{"href":"https:\/\/www.europesays.com\/fr\/wp-json\/wp\/v2\/media?parent=583040"}],"wp:term":[{"taxonomy":"category","embeddable":true,"href":"https:\/\/www.europesays.com\/fr\/wp-json\/wp\/v2\/categories?post=583040"},{"taxonomy":"post_tag","embeddable":true,"href":"https:\/\/www.europesays.com\/fr\/wp-json\/wp\/v2\/tags?post=583040"}],"curies":[{"name":"wp","href":"https:\/\/api.w.org\/{rel}","templated":true}]}}