{"id":583042,"date":"2025-12-06T22:57:16","date_gmt":"2025-12-06T22:57:16","guid":{"rendered":"https:\/\/www.europesays.com\/fr\/583042\/"},"modified":"2025-12-06T22:57:16","modified_gmt":"2025-12-06T22:57:16","slug":"analyse-girondins-de-bordeaux-dinan-lehon-2-0-desormais-devant-ils-ne-relachent-pas-leur-effort","status":"publish","type":"post","link":"https:\/\/www.europesays.com\/fr\/583042\/","title":{"rendered":"ANALYSE. Girondins de Bordeaux &#8211; Dinan L\u00e9hon (2-0). D\u00e9sormais devant, ils ne rel\u00e2chent pas leur effort"},"content":{"rendered":"<p>La s\u00e9rie de victoires, qui pourrait \u00e9galer la meilleure de l\u2019histoire du club sur une saison toutes comp\u00e9titions confondues (12) samedi prochain \u00e0 Tours face au promu Montlouis, doit encore \u00eatre relativis\u00e9e\u00a0: depuis La Roche-sur-Yon le 18\u00a0octobre, elles ont \u00e9t\u00e9 obtenues face \u00e0 des \u00e9quipes de R\u00e9gionale en Coupe France et de deuxi\u00e8me partie de tableau dans leur poule. La rentr\u00e9e de 2025, face \u00e0 Bayonne puis aux Herbiers, sera r\u00e9v\u00e9latrice. Mais ne rien laisser aux mal class\u00e9s fait partie aussi des conditions pr\u00e9alables pour pr\u00e9tendre monter.<\/p>\n<p>Depuis deux mois, les Bordelais le font bien. Une vraie seule occasion conc\u00e9d\u00e9e \u00e0 la 88e minute, un cinqui\u00e8me \u00ab\u00a0clean sheet\u00a0\u00bb sur les six derni\u00e8res journ\u00e9es et une constance dans les efforts qui ont fini par faire sauter le verrou de Costarmoricains regroup\u00e9s en 6-2-2 sur leur surface de r\u00e9paration. \u00ab\u00a0Le coach nous avait dit que c\u2019\u00e9tait une \u00e9quipe souvent en miroir, qui s\u2019adaptait \u00e0 son adversaire. L\u00e0, ils ont \u00e9volu\u00e9 beaucoup plus bas. On savait que si on mettait du rythme en premi\u00e8re mi-temps, ils allaient finir par craquer\u00a0\u00bb, dit l\u2019attaquant Royce Openda, qui \u00ab\u00a0n\u2019a pas dout\u00e9\u00a0\u00bb malgr\u00e9 un engagement physique adverse qui a laiss\u00e9 sur le carreau le milieu Abou Ba (entorse de la cheville) et a raviv\u00e9 la m\u00eame blessure chez l\u2019attaquant Matthieu Villette.<\/p>\n<p>        <img decoding=\"async\" id=\"27003411\" src=\"https:\/\/www.europesays.com\/fr\/wp-content\/uploads\/2025\/12\/20251206211026-f2a111.jpg\" alt=\"La joie ce samedi des Girondins, qui comptent d\u00e9sormais deux points d\u2019avance sur le deuxi\u00e8me.\" itemprop=\"contentURL\"\/><\/p>\n<p>    La joie ce samedi des Girondins, qui comptent d\u00e9sormais deux points d\u2019avance sur le deuxi\u00e8me.<\/p>\n<p>Jean Maurice Chacun\u00a0\/\u00a0SO<\/p>\n<p>    Openda, bis repetita<\/p>\n<p>Le stade n\u2019a pas vraiment trembl\u00e9 non plus et le Gabonais, qui vole depuis sa premi\u00e8re s\u00e9lection internationale mi-novembre, a pris les choses en main. Gagnant un duel a\u00e9rien \u00e0 25 m\u00e8tres, il a d\u2019abord plac\u00e9 une frappe de 20 m\u00e8tres copie conforme de celle victorieuse \u00e0 Lorient il y a\u00a015 jours (0-2). \u00ab\u00a0Dado (Prso, l\u2019entra\u00eeneur adjoint) m\u2019a pris \u00e0 part ces derni\u00e8res semaines. J\u2019ai sa petite voix dans ma t\u00eate\u00a0\u00bb, s\u2019amusait l\u2019ailier. Ayant tu\u00e9 le suspense sur un contre dans les arr\u00eats de jeu, il vient talonner Etonde (6) et Villette (5) parmi les meilleurs buteurs de l\u2019\u00e9quipe.<\/p>\n","protected":false},"excerpt":{"rendered":"La s\u00e9rie de victoires, qui pourrait \u00e9galer la meilleure de l\u2019histoire du club sur une saison toutes comp\u00e9titions&hellip;\n","protected":false},"author":2,"featured_media":583043,"comment_status":"","ping_status":"","sticky":false,"template":"","format":"standard","meta":{"footnotes":""},"categories":[2817],"tags":[1111,11,1997,1777,674,1011,27,12,2219,25],"class_list":{"0":"post-583042","1":"post","2":"type-post","3":"status-publish","4":"format-standard","5":"has-post-thumbnail","7":"category-bordeaux","8":"tag-actu","9":"tag-actualites","10":"tag-bordeaux","11":"tag-eu","12":"tag-europe","13":"tag-fr","14":"tag-france","15":"tag-news","16":"tag-nouvelle-aquitaine","17":"tag-republique-francaise"},"share_on_mastodon":{"url":"https:\/\/pubeurope.com\/@fr\/115675100417997529","error":""},"_links":{"self":[{"href":"https:\/\/www.europesays.com\/fr\/wp-json\/wp\/v2\/posts\/583042","targetHints":{"allow":["GET"]}}],"collection":[{"href":"https:\/\/www.europesays.com\/fr\/wp-json\/wp\/v2\/posts"}],"about":[{"href":"https:\/\/www.europesays.com\/fr\/wp-json\/wp\/v2\/types\/post"}],"author":[{"embeddable":true,"href":"https:\/\/www.europesays.com\/fr\/wp-json\/wp\/v2\/users\/2"}],"replies":[{"embeddable":true,"href":"https:\/\/www.europesays.com\/fr\/wp-json\/wp\/v2\/comments?post=583042"}],"version-history":[{"count":0,"href":"https:\/\/www.europesays.com\/fr\/wp-json\/wp\/v2\/posts\/583042\/revisions"}],"wp:featuredmedia":[{"embeddable":true,"href":"https:\/\/www.europesays.com\/fr\/wp-json\/wp\/v2\/media\/583043"}],"wp:attachment":[{"href":"https:\/\/www.europesays.com\/fr\/wp-json\/wp\/v2\/media?parent=583042"}],"wp:term":[{"taxonomy":"category","embeddable":true,"href":"https:\/\/www.europesays.com\/fr\/wp-json\/wp\/v2\/categories?post=583042"},{"taxonomy":"post_tag","embeddable":true,"href":"https:\/\/www.europesays.com\/fr\/wp-json\/wp\/v2\/tags?post=583042"}],"curies":[{"name":"wp","href":"https:\/\/api.w.org\/{rel}","templated":true}]}}