{"id":583046,"date":"2025-12-06T22:59:12","date_gmt":"2025-12-06T22:59:12","guid":{"rendered":"https:\/\/www.europesays.com\/fr\/583046\/"},"modified":"2025-12-06T22:59:12","modified_gmt":"2025-12-06T22:59:12","slug":"stade-toulousain-sharks-peur-que-ca-coute-cher-a-lequipe-quand-larbitre-est-pris-dans-une-violente-polemique-avec-un-joueur-de-toulouse","status":"publish","type":"post","link":"https:\/\/www.europesays.com\/fr\/583046\/","title":{"rendered":"Stade Toulousain-Sharks\u00a0: \u00ab\u00a0Peur que \u00e7a co\u00fbte cher \u00e0 l\u2019\u00e9quipe\u2026\u00a0\u00bb Quand l\u2019arbitre est pris dans une violente pol\u00e9mique avec un joueur de Toulouse"},"content":{"rendered":"<p>\n                                                                    l&rsquo;essentiel<br \/>\n                                                                Les joueurs \u00ab\u00a0rouge et noir\u00a0\u00bb d\u00e9fient ce dimanche 7\u00a0d\u00e9cembre les Sud-Africains des Sharks de Durban, dans le cadre de la 1\u00e8re journ\u00e9e de la Champions Cup. Au sifflet\u00a0: l\u2019Anglais Christophe Ridley.\n                            <\/p>\n<p>D\u2019heureuses retrouvailles. Ce dimanche 7\u00a0d\u00e9cembre, les joueurs de rugby du Stade Toulousain d\u00e9fient ceux de Durban (les Sharks) au stade Ernest-Wallon, dans le cadre de la 1\u00e8re journ\u00e9e de la Champions Cup 2025\/2026.<\/p>\n<p>Une rencontre dont les Toulousains partent largement favoris face \u00e0 la franchise sud-africaine, l\u2019occasion de lancer la campagne d\u2019une comp\u00e9tition que les \u00ab\u00a0rouge et noir\u00a0\u00bb, sextuples d\u00e9tenteurs (record), esp\u00e8rent reconqu\u00e9rir apr\u00e8s la victoire la saison derni\u00e8re de l\u2019Union Bordeaux-B\u00e8gles.<\/p>\n<p>\u00c0 la direction du jeu ce dimanche, un arbitre anglais\u00a0: Christophe Ridley. Tout jeune (32 ans) mais avec d\u00e9j\u00e0 une solide exp\u00e9rience internationale. Pour la petite histoire, il est n\u00e9 en France, plus pr\u00e9cis\u00e9ment \u00e0 Gouvieux dans l\u2019Oise. Et une autre petite histoire, plus r\u00e9cente celle-ci, le lie indirectement avec un joueur du Stade Toulousain, titulaire ce dimanche et qui sera peut-\u00eatre content de croiser de nouveau la route de M. Ridley.<\/p>\n<p>Il s\u2019agit de Rodrigue Neti. Le pilier gauche des \u00ab\u00a0rouge et noir\u00a0\u00bb a c\u00f4toy\u00e9 l\u2019arbitre anglais le 15\u00a0novembre dernier sous un autre maillot\u00a0: celui du XV de France. L\u2019officiel \u00e9tait en effet au sifflet de France-Fidji \u00e0 Bordeaux, deuxi\u00e8me match de la tourn\u00e9e d\u2019automne des Tricolores, remport\u00e9e 34-21 par les Bleus.<\/p>\n<p>Or, lors de cette rencontre, Rodrigue Neti a \u00e9t\u00e9 le protagoniste d\u2019un geste pol\u00e9mique. \u00c0 la 68e minute, il a \u00e9t\u00e9 l\u2019auteur d\u2019un d\u00e9blayage tr\u00e8s muscl\u00e9 sur le Fidjien\u00a0Kitione Salawa.<\/p>\n<p>Sur le moment, l\u2019arbitre n\u2019a rien indiqu\u00e9 malgr\u00e9 les protestations et l\u2019indignation du clan fidjien. Le couperet n\u2019est pas pass\u00e9 loin pour Rodrigue Neti, <a href=\"https:\/\/www.ladepeche.fr\/2025\/12\/04\/entretien-stade-toulousain-jai-passe-un-cap-livre-linternational-rodrigue-neti-avant-le-debut-de-la-champions-cup-13077561.php\" target=\"_blank\" rel=\"noopener\">ce que le pilier reconna\u00eet avec franchise aupr\u00e8s de\u00a0La D\u00e9p\u00eache du Midi\u00a0<\/a>: \u00ab\u00a0Certes, j\u2019ai mis beaucoup de vitesse sur les trois, quatre derniers m\u00e8tres\u00a0\u00bb reconna\u00eet-il. \u00ab\u00a0Et je pense que c\u2019est \u00e7a qui est assez spectaculaire. C\u2019est un sport o\u00f9 il y a beaucoup d\u2019engagement mais derri\u00e8re, ils ont check\u00e9 \u00e0 la vid\u00e9o pendant le match, juste apr\u00e8s l\u2019action. Il n\u2019y avait pas de r\u00e9el contact \u00e0 la t\u00eate. C\u2019est s\u00fbr que quand on est derri\u00e8re la t\u00e9l\u00e9 et qu\u2019on voit un d\u00e9blayage comme \u00e7a\u2026 Je pense qu\u2019il n\u2019y en a plus trop (sourire). On peut en rigoler maintenant mais il faut que j\u2019arrive \u00e0 me canaliser un peu sur l\u2019engagement parce que je n\u2019arrive pas \u00e0 faire les choses sans \u00eatre \u00e0 100\u00a0%.\u00a0\u00bb<\/p>\n<p>\u00ab\u00a0Je venais de rentrer en jeu\u00a0\u00bb poursuit-il. \u00ab\u00a0Je crois que Greg (Alldritt) perce et je vois qu\u2019on est un peu \u00e0 la bourre donc je me presse d\u2019y aller. Apr\u00e8s, il se passe ce qui se passe (sourire). Comme je l\u2019ai dit, on peut en parler maintenant mais sur le coup, on avait vraiment eu peur que \u00e7a co\u00fbte cher \u00e0 l\u2019\u00e9quipe.\u00a0\u00bb<\/p>\n<p>M\u00eame apr\u00e8s coup, Rodrigue Neti n\u2019avait pas \u00e9t\u00e9 \u00e9pingl\u00e9 par les instances disciplinaires pour son geste. Le joueur est toutefois pr\u00e9venu que Christophe Ridley l\u2019aura peut-\u00eatre un peu plus \u00e0 l\u2019oeil ce dimanche.<\/p>\n","protected":false},"excerpt":{"rendered":"l&rsquo;essentiel Les joueurs \u00ab\u00a0rouge et noir\u00a0\u00bb d\u00e9fient ce dimanche 7\u00a0d\u00e9cembre les Sud-Africains des Sharks de Durban, dans le&hellip;\n","protected":false},"author":2,"featured_media":583047,"comment_status":"","ping_status":"","sticky":false,"template":"","format":"standard","meta":{"footnotes":""},"categories":[2816],"tags":[1111,11,1777,674,1011,27,2722,12,2680,25,68796,517,476,2312],"class_list":{"0":"post-583046","1":"post","2":"type-post","3":"status-publish","4":"format-standard","5":"has-post-thumbnail","7":"category-toulouse","8":"tag-actu","9":"tag-actualites","10":"tag-eu","11":"tag-europe","12":"tag-fr","13":"tag-france","14":"tag-haute-garonne","15":"tag-news","16":"tag-occitanie","17":"tag-republique-francaise","18":"tag-rugby-u00e0-xv","19":"tag-sport","20":"tag-stade-toulousain","21":"tag-toulouse"},"share_on_mastodon":{"url":"https:\/\/pubeurope.com\/@fr\/115675107391891234","error":""},"_links":{"self":[{"href":"https:\/\/www.europesays.com\/fr\/wp-json\/wp\/v2\/posts\/583046","targetHints":{"allow":["GET"]}}],"collection":[{"href":"https:\/\/www.europesays.com\/fr\/wp-json\/wp\/v2\/posts"}],"about":[{"href":"https:\/\/www.europesays.com\/fr\/wp-json\/wp\/v2\/types\/post"}],"author":[{"embeddable":true,"href":"https:\/\/www.europesays.com\/fr\/wp-json\/wp\/v2\/users\/2"}],"replies":[{"embeddable":true,"href":"https:\/\/www.europesays.com\/fr\/wp-json\/wp\/v2\/comments?post=583046"}],"version-history":[{"count":0,"href":"https:\/\/www.europesays.com\/fr\/wp-json\/wp\/v2\/posts\/583046\/revisions"}],"wp:featuredmedia":[{"embeddable":true,"href":"https:\/\/www.europesays.com\/fr\/wp-json\/wp\/v2\/media\/583047"}],"wp:attachment":[{"href":"https:\/\/www.europesays.com\/fr\/wp-json\/wp\/v2\/media?parent=583046"}],"wp:term":[{"taxonomy":"category","embeddable":true,"href":"https:\/\/www.europesays.com\/fr\/wp-json\/wp\/v2\/categories?post=583046"},{"taxonomy":"post_tag","embeddable":true,"href":"https:\/\/www.europesays.com\/fr\/wp-json\/wp\/v2\/tags?post=583046"}],"curies":[{"name":"wp","href":"https:\/\/api.w.org\/{rel}","templated":true}]}}